{"id":111,"date":"2016-11-23T11:27:03","date_gmt":"2016-11-23T13:27:03","guid":{"rendered":"http:\/\/apps.mpma.mp.br\/campanha-contra-drogas\/?p=111"},"modified":"2023-07-12T08:11:40","modified_gmt":"2023-07-12T11:11:40","slug":"nova-edicao-da-campanha-de-prevencao-as-drogas-em-2016","status":"publish","type":"post","link":"https:\/\/apps.mpma.mp.br\/campanha-contra-drogas\/2016\/11\/23\/nova-edicao-da-campanha-de-prevencao-as-drogas-em-2016\/","title":{"rendered":"Nova edi\u00e7\u00e3o da campanha de preven\u00e7\u00e3o \u00e0s drogas em 2016"},"content":{"rendered":"<p>Foi lan\u00e7ada no dia 21 de junho de 2016, no audit\u00f3rio da Biblioteca P\u00fablica Benedito Leite, em S\u00e3o Lu\u00eds, a nova edi\u00e7\u00e3o da campanha &#8220;Quem escolhe o seu caminho? Voc\u00ea ou as drogas?&#8221;, promovida pela 11\u00aa Promotoria de Justi\u00e7a de Substitui\u00e7\u00e3o Plena. Participaram do evento alunos e professores das redes p\u00fablicas municipal e estadual, autoridades do Minist\u00e9rio P\u00fablico do Maranh\u00e3o e do Executivo e Legislativo municipal e estadual.<\/p>\n<p>Em 2016, o programa de preven\u00e7\u00e3o e combate \u00e0s drogas ser\u00e1 desenvolvido em 30 escolas, sendo 15 unidades do munic\u00edpio de S\u00e3o Lu\u00eds e 15 do estado, especialmente de 22 a 26 de agosto, quando ser\u00e3o promovidas atividades de reflex\u00e3o sobre a problem\u00e1tica e os concursos de poesia e desenho sobre o tema, cujo edital foi elaborado pelo Minist\u00e9rio P\u00fablico do Maranh\u00e3o para a campanha.<\/p>\n<p><strong>PREVEN\u00c7\u00c3O<\/strong><\/p>\n<p>Presente na abertura, o Procurador-Geral de Justi\u00e7a, Luiz Gonzaga Martins Coelho, ressaltou que a campanha \u00e9 muito importante, principalmente neste momento pelo qual o Brasil passa, com o agravamento das crises moral, \u00e9tica, pol\u00edtica e econ\u00f4mica. &#8220;A droga est\u00e1 por detr\u00e1s do problema da viol\u00eancia. A droga \u00e9 o mal maior. Por isso, este \u00e9 o momento para trabalharmos a preven\u00e7\u00e3o&#8221;, enfatizou.<\/p>\n<p>Ele acrescentou que o caminho das drogas pode ter tr\u00eas consequ\u00eancias: o dist\u00farbio mental, a pris\u00e3o ou a morte. &#8220;No come\u00e7o pode parecer prazeroso, mas logo depois uma fam\u00edlia pode ser destru\u00edda. Portanto, temos que levantar os valores \u00e9ticos e morais, valorizando a escola e o seio familiar&#8221;.<\/p>\n<p><strong>CONSELHO ANTIDROGAS NAS ESCOLAS<\/strong><\/p>\n<p>Criadora da campanha, a Promotora de Justi\u00e7a Cristiane Gomes Coelho Maia Lago afirmou que a mudan\u00e7a de metodologia do programa em 2016 tem o objetivo de atingir o maior n\u00famero de alunos. Nos anos anteriores, os estudantes participavam dos debates e palestras promovidos pelo MPMA. Neste ano, professores e gestores ser\u00e3o capacitados para discutir o tema da campanha no interior das escolas. &#8220;N\u00f3s queremos que nossos jovens n\u00e3o entrem em contato com a drogas. Para isso, eles precisam de muita informa\u00e7\u00e3o. Do contr\u00e1rio, v\u00e3o aceitar&#8221;, completou, ressaltando a import\u00e2ncia da preven\u00e7\u00e3o.<\/p>\n<p>Cristiane Lago tamb\u00e9m destacou a cria\u00e7\u00e3o da Lei estadual n\u00b0 10.302\/2015, de autoria do deputado estadual Eduardo Braide, presente no evento, que prev\u00ea a cria\u00e7\u00e3o em todas as escolas p\u00fablicas maranhenses do Conselho Escolar Antidrogas. O colegiado deve ser formado por nove componentes, com representantes de pais, professores e estudantes.<\/p>\n<p>Presente na audi\u00eancia, a promotora de justi\u00e7a de A\u00e7ail\u00e2ndia, Sandra Fagundes Garcia, que desenvolve a campanha nos munic\u00edpios da referida comarca, afirmou que a melhor forma de obter resultados positivos \u00e9 promovendo o debate permanente no \u00e2mbito escolar, com o desenvolvimento de atividades preventivas. &#8220;Em A\u00e7ail\u00e2ndia, no ano passado, a campanha foi muito bem recebida pela sociedade, conseguimos abranger todas as escolas municipais e estudais existentes na comarca&#8221;.<\/p>\n<p>Do MPMA tamb\u00e9m participou do evento o diretor da Secretaria para Assuntos Institucionais (Secinst), Marco Antonio Santos Amorim.<\/p>\n<p>Igualmente estiveram presentes Aline Nascimento (diretora da Biblioteca P\u00fablica Benedito Leite), Manoel Pedro Castro (representando a Secretaria de Estado da Educa\u00e7\u00e3o), Eduardo Braide e M\u00e1rcia Rodrigues (representando a Secretaria Municipal de Sa\u00fade).<\/p>\n<div id='gallery-1' class='gallery galleryid-111 gallery-columns-3 gallery-size-thumbnail'><figure class='gallery-item'>\n\t\t\t<div class='gallery-icon landscape'>\n\t\t\t\t<a href='https:\/\/apps.mpma.mp.br\/campanha-contra-drogas\/2016\/11\/23\/nova-edicao-da-campanha-de-prevencao-as-drogas-em-2016\/attachment\/114\/'><img width=\"150\" height=\"150\" src=\"https:\/\/apps.mpma.mp.br\/campanha-contra-drogas\/wp-content\/uploads\/2016\/11\/unnamed-file-2-150x150.jpg\" class=\"attachment-thumbnail size-thumbnail\" alt=\"\" decoding=\"async\" loading=\"lazy\" aria-describedby=\"gallery-1-114\" \/><\/a>\n\t\t\t<\/div>\n\t\t\t\t<figcaption class='wp-caption-text gallery-caption' id='gallery-1-114'>\n\t\t\t\tAUTORIDADES PRESENTES NO EVENTO\n\t\t\t\t<\/figcaption><\/figure><figure class='gallery-item'>\n\t\t\t<div class='gallery-icon landscape'>\n\t\t\t\t<a href='https:\/\/apps.mpma.mp.br\/campanha-contra-drogas\/2016\/11\/23\/nova-edicao-da-campanha-de-prevencao-as-drogas-em-2016\/attachment\/113\/'><img width=\"150\" height=\"150\" src=\"https:\/\/apps.mpma.mp.br\/campanha-contra-drogas\/wp-content\/uploads\/2016\/11\/unnamed-file-1-150x150.jpg\" class=\"attachment-thumbnail size-thumbnail\" alt=\"\" decoding=\"async\" loading=\"lazy\" aria-describedby=\"gallery-1-113\" \/><\/a>\n\t\t\t<\/div>\n\t\t\t\t<figcaption class='wp-caption-text gallery-caption' id='gallery-1-113'>\n\t\t\t\tPROMOTORA DE JUSTI\u00c7A CRISTIANE LAGO &#8211; IDEALIZADORA DO PROJETO\n\t\t\t\t<\/figcaption><\/figure><figure class='gallery-item'>\n\t\t\t<div class='gallery-icon landscape'>\n\t\t\t\t<a href='https:\/\/apps.mpma.mp.br\/campanha-contra-drogas\/2016\/11\/23\/nova-edicao-da-campanha-de-prevencao-as-drogas-em-2016\/attachment\/112\/'><img width=\"150\" height=\"150\" src=\"https:\/\/apps.mpma.mp.br\/campanha-contra-drogas\/wp-content\/uploads\/2016\/11\/unnamed-file-150x150.jpg\" class=\"attachment-thumbnail size-thumbnail\" alt=\"\" decoding=\"async\" loading=\"lazy\" aria-describedby=\"gallery-1-112\" \/><\/a>\n\t\t\t<\/div>\n\t\t\t\t<figcaption class='wp-caption-text gallery-caption' id='gallery-1-112'>\n\t\t\t\tREPRESENTANTES DAS ESCOLAS PARTICIPANTES\n\t\t\t\t<\/figcaption><\/figure>\n\t\t<\/div>\n\n<p>&nbsp;<\/p>\n","protected":false},"excerpt":{"rendered":"<p>Foi lan\u00e7ada no dia 21 de junho de 2016, no audit\u00f3rio da Biblioteca P\u00fablica Benedito Leite, em S\u00e3o Lu\u00eds, a nova edi\u00e7\u00e3o da campanha &#8220;Quem escolhe o seu caminho? Voc\u00ea ou as drogas?&#8221;, promovida pela 11\u00aa Promotoria de Justi\u00e7a de Substitui\u00e7\u00e3o Plena. Participaram do evento alunos e professores das redes p\u00fablicas municipal e estadual, autoridades &hellip; <a href=\"https:\/\/apps.mpma.mp.br\/campanha-contra-drogas\/2016\/11\/23\/nova-edicao-da-campanha-de-prevencao-as-drogas-em-2016\/\" class=\"more-link\">Continue lendo <span class=\"screen-reader-text\">Nova edi\u00e7\u00e3o da campanha de preven\u00e7\u00e3o \u00e0s drogas em 2016<\/span> <span class=\"meta-nav\">&rarr;<\/span><\/a><\/p>\n","protected":false},"author":2,"featured_media":0,"comment_status":"open","ping_status":"open","sticky":false,"template":"","format":"standard","meta":[],"categories":[5],"tags":[7],"_links":{"self":[{"href":"https:\/\/apps.mpma.mp.br\/campanha-contra-drogas\/wp-json\/wp\/v2\/posts\/111"}],"collection":[{"href":"https:\/\/apps.mpma.mp.br\/campanha-contra-drogas\/wp-json\/wp\/v2\/posts"}],"about":[{"href":"https:\/\/apps.mpma.mp.br\/campanha-contra-drogas\/wp-json\/wp\/v2\/types\/post"}],"author":[{"embeddable":true,"href":"https:\/\/apps.mpma.mp.br\/campanha-contra-drogas\/wp-json\/wp\/v2\/users\/2"}],"replies":[{"embeddable":true,"href":"https:\/\/apps.mpma.mp.br\/campanha-contra-drogas\/wp-json\/wp\/v2\/comments?post=111"}],"version-history":[{"count":3,"href":"https:\/\/apps.mpma.mp.br\/campanha-contra-drogas\/wp-json\/wp\/v2\/posts\/111\/revisions"}],"predecessor-version":[{"id":134,"href":"https:\/\/apps.mpma.mp.br\/campanha-contra-drogas\/wp-json\/wp\/v2\/posts\/111\/revisions\/134"}],"wp:attachment":[{"href":"https:\/\/apps.mpma.mp.br\/campanha-contra-drogas\/wp-json\/wp\/v2\/media?parent=111"}],"wp:term":[{"taxonomy":"category","embeddable":true,"href":"https:\/\/apps.mpma.mp.br\/campanha-contra-drogas\/wp-json\/wp\/v2\/categories?post=111"},{"taxonomy":"post_tag","embeddable":true,"href":"https:\/\/apps.mpma.mp.br\/campanha-contra-drogas\/wp-json\/wp\/v2\/tags?post=111"}],"curies":[{"name":"wp","href":"https:\/\/api.w.org\/{rel}","templated":true}]}}