{"id":116,"date":"2016-11-23T11:35:00","date_gmt":"2016-11-23T13:35:00","guid":{"rendered":"http:\/\/apps.mpma.mp.br\/campanha-contra-drogas\/?p=116"},"modified":"2023-07-12T08:11:40","modified_gmt":"2023-07-12T11:11:40","slug":"palestra-ministrada-no-memorial-do-ministerio-publico-do-maranhao","status":"publish","type":"post","link":"https:\/\/apps.mpma.mp.br\/campanha-contra-drogas\/2016\/11\/23\/palestra-ministrada-no-memorial-do-ministerio-publico-do-maranhao\/","title":{"rendered":"Palestra Ministrada no Memorial do Minist\u00e9rio P\u00fablico do Maranh\u00e3o"},"content":{"rendered":"<div id='gallery-1' class='gallery galleryid-116 gallery-columns-3 gallery-size-thumbnail'><figure class='gallery-item'>\n\t\t\t<div class='gallery-icon landscape'>\n\t\t\t\t<a href='https:\/\/apps.mpma.mp.br\/campanha-contra-drogas\/2016\/11\/23\/palestra-ministrada-no-memorial-do-ministerio-publico-do-maranhao\/attachment\/117\/'><img width=\"150\" height=\"150\" src=\"https:\/\/apps.mpma.mp.br\/campanha-contra-drogas\/wp-content\/uploads\/2016\/11\/unnamed-file-3-150x150.jpg\" class=\"attachment-thumbnail size-thumbnail\" alt=\"\" decoding=\"async\" loading=\"lazy\" \/><\/a>\n\t\t\t<\/div><\/figure>\n\t\t<\/div>\n\n<p>O Memorial do Minist\u00e9rio P\u00fablico do Maranh\u00e3o recebeu, na manh\u00e3 do dia 18 de novembro de 2016, a visita de 29 estudantes do 1<sup>o<\/sup>ano do Ensino M\u00e9dio do Centro de Ensino Jo\u00e3o Francisco Lisboa, localizado na rua Osvaldo Cruz, Centro. Eles estavam acompanhados de tr\u00eas professoras da institui\u00e7\u00e3o. A visita faz parte do projeto A Escola no Memorial do MPMA.<\/p>\n<p>Os estudantes participaram de uma palestra de preven\u00e7\u00e3o ao uso de drogas, proferida pela promotora de justi\u00e7a Cristiane Maia Lago, da 11<sup>a<\/sup> Promotoria de Substitui\u00e7\u00e3o Plena de S\u00e3o Lu\u00eds, com o tema &#8220;Quem escolhe seu caminho? Voc\u00ea ou as drogas?&#8221;.<\/p>\n<p>Para a professora de l\u00edngua portuguesa, Stef\u00e2nia Gomes, a iniciativa do Minist\u00e9rio P\u00fablico \u00e9 muito importante, principalmente porque traz conscientiza\u00e7\u00e3o aos estudantes. \u201cA nossa escola j\u00e1 mant\u00eam uma campanha permanente de preven\u00e7\u00e3o ao uso de drogas. E a palestra da promotora \u00e9 muito rica em conhecimento. Por isso \u00e9 importante que os alunos sejam alertados sobre os riscos que droga pode causar\u201d, disse ela.<\/p>\n<p>Durante a palestra, a promotora abordou as consequ\u00eancias do uso de drogas e os danos no organismo. Os malef\u00edcios do \u00e1lcool e do cigarro tamb\u00e9m foram exibidos aos estudantes atrav\u00e9s de fotos.<\/p>\n<p>De acordo com a promotora Cristiane Maia Lago, o uso de drogas causa sofrimento e tristeza para quem consome e para as fam\u00edlias dos usu\u00e1rios, al\u00e9m de privar a pessoa de uma vida saud\u00e1vel e uma profiss\u00e3o no futuro. Ent\u00e3o, a ideia da palestra \u00e9 provocar uma reflex\u00e3o. \u201cHoje n\u00e3o cabe mais somente a orienta\u00e7\u00e3o para n\u00e3o usar drogas. Temos que apresentar elementos que justifiquem porque n\u00e3o \u00e9 bom usar drogas\u201d.<\/p>\n<p>A promotora refor\u00e7ou ainda a import\u00e2ncia a preven\u00e7\u00e3o. \u201cPrecisamos cada vez mais trabalhar a preven\u00e7\u00e3o, at\u00e9 para evitar demandas judiciais. Pois percebemos que 99% dos homic\u00eddios que chegam ao tribunal do j\u00fari tem as drogas como pano de fundo\u201d finalizou a promotora.<\/p>\n<p>O estudante Pedro Albuquerque relatou que as drogas representam uma realidade bem presente na vida de alguns jovens e que a palestra serviu para refor\u00e7ar ainda mais uma opini\u00e3o j\u00e1 formada sobre o assunto. \u201cAt\u00e9 o \u00e1lcool que \u00e9 uma droga l\u00edcita j\u00e1 traz danos ao organismo, imagine as il\u00edcitas. Por isso, com informa\u00e7\u00e3o \u00e9 poss\u00edvel ficarmos atentos para escapar de v\u00e1rias emboscadas que a droga arma pra gente\u201d disse o estudante.<\/p>\n<p><b>VISITA<\/b><\/p>\n<p>Ap\u00f3s a palestra, os alunos fizeram um passeio pelo Memorial e depois um lanche. O acervo re\u00fane vestes, livros, documentos hist\u00f3ricos e galerias de fotos dos membros que fizeram parte da hist\u00f3ria do Minist\u00e9rio P\u00fablico no Maranh\u00e3o. A visita foi acompanhada pelas monitoras e coordenadora do memorial, a servidora Suzane Viegas.<\/p>\n<p>O Memorial do MPMA fica localizado na Rua Newton Prado (Montanha Russa), 53, no Centro de S\u00e3o Lu\u00eds. O hor\u00e1rio de visita\u00e7\u00e3o vai das 8h \u00e0s 15h e a entrada \u00e9 gratuita. As escolas interessadas em participar do projeto podem agendar as visitas pelo telefone 3231-2943.<\/p>\n<p>&nbsp;<\/p>\n","protected":false},"excerpt":{"rendered":"<p>O Memorial do Minist\u00e9rio P\u00fablico do Maranh\u00e3o recebeu, na manh\u00e3 do dia 18 de novembro de 2016, a visita de 29 estudantes do 1oano do Ensino M\u00e9dio do Centro de Ensino Jo\u00e3o Francisco Lisboa, localizado na rua Osvaldo Cruz, Centro. Eles estavam acompanhados de tr\u00eas professoras da institui\u00e7\u00e3o. A visita faz parte do projeto A &hellip; <a href=\"https:\/\/apps.mpma.mp.br\/campanha-contra-drogas\/2016\/11\/23\/palestra-ministrada-no-memorial-do-ministerio-publico-do-maranhao\/\" class=\"more-link\">Continue lendo <span class=\"screen-reader-text\">Palestra Ministrada no Memorial do Minist\u00e9rio P\u00fablico do Maranh\u00e3o<\/span> <span class=\"meta-nav\">&rarr;<\/span><\/a><\/p>\n","protected":false},"author":2,"featured_media":0,"comment_status":"open","ping_status":"open","sticky":false,"template":"","format":"standard","meta":[],"categories":[5],"tags":[7],"_links":{"self":[{"href":"https:\/\/apps.mpma.mp.br\/campanha-contra-drogas\/wp-json\/wp\/v2\/posts\/116"}],"collection":[{"href":"https:\/\/apps.mpma.mp.br\/campanha-contra-drogas\/wp-json\/wp\/v2\/posts"}],"about":[{"href":"https:\/\/apps.mpma.mp.br\/campanha-contra-drogas\/wp-json\/wp\/v2\/types\/post"}],"author":[{"embeddable":true,"href":"https:\/\/apps.mpma.mp.br\/campanha-contra-drogas\/wp-json\/wp\/v2\/users\/2"}],"replies":[{"embeddable":true,"href":"https:\/\/apps.mpma.mp.br\/campanha-contra-drogas\/wp-json\/wp\/v2\/comments?post=116"}],"version-history":[{"count":4,"href":"https:\/\/apps.mpma.mp.br\/campanha-contra-drogas\/wp-json\/wp\/v2\/posts\/116\/revisions"}],"predecessor-version":[{"id":164,"href":"https:\/\/apps.mpma.mp.br\/campanha-contra-drogas\/wp-json\/wp\/v2\/posts\/116\/revisions\/164"}],"wp:attachment":[{"href":"https:\/\/apps.mpma.mp.br\/campanha-contra-drogas\/wp-json\/wp\/v2\/media?parent=116"}],"wp:term":[{"taxonomy":"category","embeddable":true,"href":"https:\/\/apps.mpma.mp.br\/campanha-contra-drogas\/wp-json\/wp\/v2\/categories?post=116"},{"taxonomy":"post_tag","embeddable":true,"href":"https:\/\/apps.mpma.mp.br\/campanha-contra-drogas\/wp-json\/wp\/v2\/tags?post=116"}],"curies":[{"name":"wp","href":"https:\/\/api.w.org\/{rel}","templated":true}]}}