{"id":123,"date":"2017-01-25T08:51:51","date_gmt":"2017-01-25T10:51:51","guid":{"rendered":"http:\/\/apps.mpma.mp.br\/campanha-contra-drogas\/?p=123"},"modified":"2023-07-12T08:11:39","modified_gmt":"2023-07-12T11:11:39","slug":"campanha-quem-escolhe-o-seu-caminho-voce-ou-as-drogas-encerra-atividades-de-2016","status":"publish","type":"post","link":"https:\/\/apps.mpma.mp.br\/campanha-contra-drogas\/2017\/01\/25\/campanha-quem-escolhe-o-seu-caminho-voce-ou-as-drogas-encerra-atividades-de-2016\/","title":{"rendered":"Campanha \u201cQuem escolhe o seu caminho? Voc\u00ea ou as drogas?\u201d encerra atividades de 2016"},"content":{"rendered":"<p class=\"western\">Aconteceu na \u00faltima ter\u00e7a-feira, 6, a \u00faltima edi\u00e7\u00e3o do projeto <a href=\"https:\/\/goo.gl\/ndHrtC\" target=\"_blank\">\u201cQuem escolhe o seu caminho? Voc\u00ea ou as drogas\u201d<\/a> em 2016. O evento foi realizado na escola Dr. Francisco de Assis Ximenes Arag\u00e3o Filho, na Vila Embratel.<\/p>\n<p class=\"western\">O encerramento da campanha em 2016 contou com uma s\u00e9rie de atividades. Com base no tema da campanha, os alunos do 1\u00b0 e 3\u00b0 anos do ensino m\u00e9dio da escola apresentaram pe\u00e7as teatrais. Al\u00e9m disso, foram premiados os vencedores dos concursos de desenho e poesia, tamb\u00e9m com base no tema.<\/p>\n<p class=\"western\">Durante o evento, foram empossados os nove membros do Conselho Escolar Antidrogas. Ao final, os alunos receberam livros doados pela Academia Ludovicense de Letras. Al\u00e9m dos estudantes, participaram das atividades professores, pais de alunos, policiais militares da Ronda Escolar, e a comunidade em geral.<\/p>\n<p class=\"western\">Idealizado pela promotora de justi\u00e7a Cristiane Gomes Coelho Maia Lago, titular da 11\u00aa Promotoria de Justi\u00e7a de Substitui\u00e7\u00e3o Plena de S\u00e3o Lu\u00eds, o projeto \u201cQuem escolhe o seu caminho? Voc\u00ea ou as drogas\u201d \u00e9 realizado h\u00e1 tr\u00eas anos.<\/p>\n<p class=\"western\">A campanha tem como objetivo estimular o debate nas escolas sobre o consumo de drogas e prevenir o uso entre crian\u00e7as e adolescentes.<\/p>\n<p class=\"western\"><b>Reda\u00e7\u00e3o:<\/b> Rodrigo Freitas (CCOM-MPMA)<\/p>\n<div id='gallery-1' class='gallery galleryid-123 gallery-columns-3 gallery-size-thumbnail'><figure class='gallery-item'>\n\t\t\t<div class='gallery-icon landscape'>\n\t\t\t\t<a href='https:\/\/apps.mpma.mp.br\/campanha-contra-drogas\/2017\/01\/25\/campanha-quem-escolhe-o-seu-caminho-voce-ou-as-drogas-encerra-atividades-de-2016\/encerramento-2016-jpg\/'><img width=\"250\" height=\"250\" src=\"https:\/\/apps.mpma.mp.br\/campanha-contra-drogas\/wp-content\/uploads\/2017\/01\/Encerramento-2016.....jpg...-250x250.jpg\" class=\"attachment-thumbnail size-thumbnail\" alt=\"\" decoding=\"async\" loading=\"lazy\" \/><\/a>\n\t\t\t<\/div><\/figure><figure class='gallery-item'>\n\t\t\t<div class='gallery-icon landscape'>\n\t\t\t\t<a href='https:\/\/apps.mpma.mp.br\/campanha-contra-drogas\/2017\/01\/25\/campanha-quem-escolhe-o-seu-caminho-voce-ou-as-drogas-encerra-atividades-de-2016\/encerramento-2016-jpg-2\/'><img width=\"250\" height=\"250\" src=\"https:\/\/apps.mpma.mp.br\/campanha-contra-drogas\/wp-content\/uploads\/2017\/01\/Encerramento-2016....jpg...-250x250.jpg\" class=\"attachment-thumbnail size-thumbnail\" alt=\"\" decoding=\"async\" loading=\"lazy\" \/><\/a>\n\t\t\t<\/div><\/figure><figure class='gallery-item'>\n\t\t\t<div class='gallery-icon landscape'>\n\t\t\t\t<a href='https:\/\/apps.mpma.mp.br\/campanha-contra-drogas\/2017\/01\/25\/campanha-quem-escolhe-o-seu-caminho-voce-ou-as-drogas-encerra-atividades-de-2016\/encerramento-2016-jpg-3\/'><img width=\"250\" height=\"250\" src=\"https:\/\/apps.mpma.mp.br\/campanha-contra-drogas\/wp-content\/uploads\/2017\/01\/Encerramento-2016..jpg...-250x250.jpg\" class=\"attachment-thumbnail size-thumbnail\" alt=\"\" decoding=\"async\" loading=\"lazy\" \/><\/a>\n\t\t\t<\/div><\/figure><figure class='gallery-item'>\n\t\t\t<div class='gallery-icon landscape'>\n\t\t\t\t<a href='https:\/\/apps.mpma.mp.br\/campanha-contra-drogas\/2017\/01\/25\/campanha-quem-escolhe-o-seu-caminho-voce-ou-as-drogas-encerra-atividades-de-2016\/encerramento-2016\/'><img width=\"250\" height=\"250\" src=\"https:\/\/apps.mpma.mp.br\/campanha-contra-drogas\/wp-content\/uploads\/2017\/01\/Encerramento-2016-250x250.jpg\" class=\"attachment-thumbnail size-thumbnail\" alt=\"\" decoding=\"async\" loading=\"lazy\" \/><\/a>\n\t\t\t<\/div><\/figure><figure class='gallery-item'>\n\t\t\t<div class='gallery-icon landscape'>\n\t\t\t\t<a href='https:\/\/apps.mpma.mp.br\/campanha-contra-drogas\/2017\/01\/25\/campanha-quem-escolhe-o-seu-caminho-voce-ou-as-drogas-encerra-atividades-de-2016\/encerramento-2016jpg\/'><img width=\"250\" height=\"250\" src=\"https:\/\/apps.mpma.mp.br\/campanha-contra-drogas\/wp-content\/uploads\/2017\/01\/Encerramento.-2016jpg...-250x250.jpg\" class=\"attachment-thumbnail size-thumbnail\" alt=\"\" decoding=\"async\" loading=\"lazy\" \/><\/a>\n\t\t\t<\/div><\/figure><figure class='gallery-item'>\n\t\t\t<div class='gallery-icon landscape'>\n\t\t\t\t<a href='https:\/\/apps.mpma.mp.br\/campanha-contra-drogas\/2017\/01\/25\/campanha-quem-escolhe-o-seu-caminho-voce-ou-as-drogas-encerra-atividades-de-2016\/encerramento-2016jpg-2\/'><img width=\"250\" height=\"250\" src=\"https:\/\/apps.mpma.mp.br\/campanha-contra-drogas\/wp-content\/uploads\/2017\/01\/Encerramento...-2016jpg...-250x250.jpg\" class=\"attachment-thumbnail size-thumbnail\" alt=\"\" decoding=\"async\" loading=\"lazy\" \/><\/a>\n\t\t\t<\/div><\/figure>\n\t\t<\/div>\n\n","protected":false},"excerpt":{"rendered":"<p>Aconteceu na \u00faltima ter\u00e7a-feira, 6, a \u00faltima edi\u00e7\u00e3o do projeto \u201cQuem escolhe o seu caminho? Voc\u00ea ou as drogas\u201d em 2016. O evento foi realizado na escola Dr. Francisco de Assis Ximenes Arag\u00e3o Filho, na Vila Embratel. O encerramento da campanha em 2016 contou com uma s\u00e9rie de atividades. Com base no tema da campanha, &hellip; <a href=\"https:\/\/apps.mpma.mp.br\/campanha-contra-drogas\/2017\/01\/25\/campanha-quem-escolhe-o-seu-caminho-voce-ou-as-drogas-encerra-atividades-de-2016\/\" class=\"more-link\">Continue lendo <span class=\"screen-reader-text\">Campanha \u201cQuem escolhe o seu caminho? Voc\u00ea ou as drogas?\u201d encerra atividades de 2016<\/span> <span class=\"meta-nav\">&rarr;<\/span><\/a><\/p>\n","protected":false},"author":2,"featured_media":0,"comment_status":"open","ping_status":"open","sticky":false,"template":"","format":"standard","meta":[],"categories":[5],"tags":[7],"_links":{"self":[{"href":"https:\/\/apps.mpma.mp.br\/campanha-contra-drogas\/wp-json\/wp\/v2\/posts\/123"}],"collection":[{"href":"https:\/\/apps.mpma.mp.br\/campanha-contra-drogas\/wp-json\/wp\/v2\/posts"}],"about":[{"href":"https:\/\/apps.mpma.mp.br\/campanha-contra-drogas\/wp-json\/wp\/v2\/types\/post"}],"author":[{"embeddable":true,"href":"https:\/\/apps.mpma.mp.br\/campanha-contra-drogas\/wp-json\/wp\/v2\/users\/2"}],"replies":[{"embeddable":true,"href":"https:\/\/apps.mpma.mp.br\/campanha-contra-drogas\/wp-json\/wp\/v2\/comments?post=123"}],"version-history":[{"count":1,"href":"https:\/\/apps.mpma.mp.br\/campanha-contra-drogas\/wp-json\/wp\/v2\/posts\/123\/revisions"}],"predecessor-version":[{"id":130,"href":"https:\/\/apps.mpma.mp.br\/campanha-contra-drogas\/wp-json\/wp\/v2\/posts\/123\/revisions\/130"}],"wp:attachment":[{"href":"https:\/\/apps.mpma.mp.br\/campanha-contra-drogas\/wp-json\/wp\/v2\/media?parent=123"}],"wp:term":[{"taxonomy":"category","embeddable":true,"href":"https:\/\/apps.mpma.mp.br\/campanha-contra-drogas\/wp-json\/wp\/v2\/categories?post=123"},{"taxonomy":"post_tag","embeddable":true,"href":"https:\/\/apps.mpma.mp.br\/campanha-contra-drogas\/wp-json\/wp\/v2\/tags?post=123"}],"curies":[{"name":"wp","href":"https:\/\/api.w.org\/{rel}","templated":true}]}}