{"id":142,"date":"2017-02-08T09:11:10","date_gmt":"2017-02-08T11:11:10","guid":{"rendered":"http:\/\/apps.mpma.mp.br\/campanha-contra-drogas\/?p=142"},"modified":"2023-07-12T08:11:39","modified_gmt":"2023-07-12T11:11:39","slug":"relembrando-encerramento-da-campanha-no-ano-de-2015","status":"publish","type":"post","link":"https:\/\/apps.mpma.mp.br\/campanha-contra-drogas\/2017\/02\/08\/relembrando-encerramento-da-campanha-no-ano-de-2015\/","title":{"rendered":"RELEMBRANDO: Encerramento da campanha no ano de 2015."},"content":{"rendered":"<h1 class=\"entry-title\">Palestra educativa marca encerramento de campanha em 2015.<\/h1>\n<p>Em\u00a025\/11\/2015, alunos do Centro de Ensino Francisco de Assis Ximenes de Arag\u00e3o Filho, na Vila Embratel, assistiram a uma palestra preventiva contra o uso de drogas, ministrada pela promotora de justi\u00e7a Cristiane Coelho Maia Lago.<\/p>\n<p>O evento, realizado na Biblioteca P\u00fablica Benedito Leite, marcou o encerramento das atividades da campanha \u201cQuem escolhe o seu caminho? Voc\u00ea ou as drogas?\u201d, em 2015, desenvolvida pelo Minist\u00e9rio P\u00fablico do Maranh\u00e3o. Neste ano, o projeto contemplou sete escolas de S\u00e3o Lu\u00eds.<\/p>\n<p><strong>CAMPANHA<\/strong><\/p>\n<p>Durante a a\u00e7\u00e3o, a tem\u00e1tica \u00e9 trabalhada em escolas da rede p\u00fablica municipal e estadual. Os estudantes s\u00e3o orientados a produzir desenhos e poesias para um concurso e os vencedores s\u00e3o premiados.<\/p>\n<p>De acordo com a titular da 11\u00aa Promotoria de Justi\u00e7a de Substitui\u00e7\u00e3o Plena, Cristiane Lago, a proposta do MPMA \u00e9 expandir as a\u00e7\u00f5es do projeto, em parceria com as comarcas do interior. Na capital, as atividades ser\u00e3o retomadas no in\u00edcio do primeiro semestre letivo de 2016.<\/p>\n<p>Na palestra, a promotora de justi\u00e7a falou sobre os efeitos das drogas no organismo e doen\u00e7as provocadas pelo consumo. Para ela, conscientizar os jovens sobre os malef\u00edcios do uso dessas subst\u00e2ncias \u00e9 a melhor forma de preven\u00e7\u00e3o. \u201cA campanha \u00e9 um incentivo \u00e0s crian\u00e7as e adolescentes, \u00e9 importante levar a discuss\u00e3o al\u00e9m da sala de aula\u201d, afirma.<\/p>\n<p><strong>PARTICIPANTES<\/strong><\/p>\n<p>Na abertura do evento, houve a apresenta\u00e7\u00e3o da Banda de M\u00fasica do Bom Menino das Merc\u00eas, acompanhada pelo maestro Luiz Carlos. Em seguida, a diretora da biblioteca, Aline Nascimento, falou sobre o funcionamento da institui\u00e7\u00e3o e a parceria com o MPMA na execu\u00e7\u00e3o do projeto.<\/p>\n<p>Segundo ela, a campanha tamb\u00e9m representa uma oportunidade para mostrar \u00e0s crian\u00e7as e adolescentes que a biblioteca \u00e9 um espa\u00e7o p\u00fablico de aprendizagem.<\/p>\n<p>Presente no evento, a secret\u00e1ria-adjunta de Estado da Cultura, Vanessa Leite, relatou que a articula\u00e7\u00e3o de \u00f3rg\u00e3os, institui\u00e7\u00f5es e comunidade escolar \u00e9 indispens\u00e1vel para a promo\u00e7\u00e3o de melhor qualidade de vida aos jovens. \u201cDevemos abra\u00e7ar o projeto e incentivar crian\u00e7as e adolescentes a seguirem um caminho saud\u00e1vel e feliz\u201d, afirmou.<\/p>\n<p>De acordo com a secret\u00e1ria de Estado da Juventude, Tatiana Pereira, a educa\u00e7\u00e3o tem papel fundamental no processo de escolha. \u201cS\u00f3 \u00e9 poss\u00edvel conseguir respeito por meio da educa\u00e7\u00e3o\u201d, destaca.<\/p>\n<p>As turmas do Ensino M\u00e9dio foram acompanhadas pelo professor Edilton Ribeiro. Ele considera o debate mais uma proposta de reflex\u00e3o. \u201cEstamos em uma \u00e1rea de extrema vulnerabilidade. N\u00e3o podemos garantir que os jovens n\u00e3o ter\u00e3o experi\u00eancia com as drogas, mas temos a obriga\u00e7\u00e3o de oferecer informa\u00e7\u00f5es e advertir quanto aos riscos\u201d, afirmou.<\/p>\n<p>Al\u00e9m da parceria com a biblioteca, a campanha do MPMA conta com a participa\u00e7\u00e3o dos Narc\u00f3ticos An\u00f4nimos, Alco\u00f3licos An\u00f4nimos, Secretaria de Estado da Educa\u00e7\u00e3o, Secretaria de Estado da Juventude e Sindicato das Empresas de Transportes de Passageiros de S\u00e3o Lu\u00eds.<\/p>\n<p><strong>PREMIA\u00c7\u00c3O<\/strong><\/p>\n<p>Premiados ao final da palestra, os estudantes Natayla Camera, Reginaldo Pereira e Emmerson Fernandes foram classificados, no concurso de desenho promovido durante a campanha, em 1\u00ba, 2\u00ba e 3\u00ba lugar, respectivamente. No concurso de poesia, os vencedores foram Bianca Pinheiro (1\u00ba lugar); Gleyciane Amorim (2\u00ba lugar) e Jos\u00e9 da Concei\u00e7\u00e3o (3\u00ba lugar).<\/p>\n<p>Os tr\u00eas primeiros colocados, nos dois concursos, receberam certificados, kits de livros e a camisetas da campanha. Os primeiros ser\u00e3o contemplados, ainda, com uma visita \u00e0 11\u00aa Promotoria de Justi\u00e7a de Substitui\u00e7\u00e3o Plena e poder\u00e3o acompanhar a promotora titular em um dia de trabalho.<\/p>\n<p>As poesias e desenhos vencedores nesses dois anos de campanha ser\u00e3o reunidos em um livro. A ideia deve ser executada em parceria com a Biblioteca P\u00fablica Benedito Leite, a Secretaria de Estado da Cultura e a Associa\u00e7\u00e3o do Minist\u00e9rio P\u00fablico do Estado do Maranh\u00e3o (AMPEM).<\/p>\n<div id='gallery-1' class='gallery galleryid-142 gallery-columns-3 gallery-size-thumbnail'><figure class='gallery-item'>\n\t\t\t<div class='gallery-icon landscape'>\n\t\t\t\t<a href='https:\/\/apps.mpma.mp.br\/campanha-contra-drogas\/2017\/02\/08\/relembrando-encerramento-da-campanha-no-ano-de-2015\/dsc_5465reduz\/'><img width=\"250\" height=\"250\" src=\"https:\/\/apps.mpma.mp.br\/campanha-contra-drogas\/wp-content\/uploads\/2017\/02\/DSC_5465reduz-250x250.jpg\" class=\"attachment-thumbnail size-thumbnail\" alt=\"\" decoding=\"async\" loading=\"lazy\" aria-describedby=\"gallery-1-143\" \/><\/a>\n\t\t\t<\/div>\n\t\t\t\t<figcaption class='wp-caption-text gallery-caption' id='gallery-1-143'>\n\t\t\t\tBanda de M\u00fasica do Bom Menino das Merc\u00eas participou do evento\n\t\t\t\t<\/figcaption><\/figure><figure class='gallery-item'>\n\t\t\t<div class='gallery-icon landscape'>\n\t\t\t\t<a href='https:\/\/apps.mpma.mp.br\/campanha-contra-drogas\/2017\/02\/08\/relembrando-encerramento-da-campanha-no-ano-de-2015\/dsc_5495reduz\/'><img width=\"250\" height=\"250\" src=\"https:\/\/apps.mpma.mp.br\/campanha-contra-drogas\/wp-content\/uploads\/2017\/02\/DSC_5495reduz-250x250.jpg\" class=\"attachment-thumbnail size-thumbnail\" alt=\"\" decoding=\"async\" loading=\"lazy\" aria-describedby=\"gallery-1-144\" \/><\/a>\n\t\t\t<\/div>\n\t\t\t\t<figcaption class='wp-caption-text gallery-caption' id='gallery-1-144'>\n\t\t\t\tRepresentantes das secretarias de estado da Cultura, Juventude e Biblioteca Benedito Leite participaram da atividade educativa\n\t\t\t\t<\/figcaption><\/figure><figure class='gallery-item'>\n\t\t\t<div class='gallery-icon landscape'>\n\t\t\t\t<a href='https:\/\/apps.mpma.mp.br\/campanha-contra-drogas\/2017\/02\/08\/relembrando-encerramento-da-campanha-no-ano-de-2015\/dsc_5519reduz\/'><img width=\"250\" height=\"250\" src=\"https:\/\/apps.mpma.mp.br\/campanha-contra-drogas\/wp-content\/uploads\/2017\/02\/DSC_5519reduz-250x250.jpg\" class=\"attachment-thumbnail size-thumbnail\" alt=\"\" decoding=\"async\" loading=\"lazy\" aria-describedby=\"gallery-1-145\" \/><\/a>\n\t\t\t<\/div>\n\t\t\t\t<figcaption class='wp-caption-text gallery-caption' id='gallery-1-145'>\n\t\t\t\tCristiane Lago destacou import\u00e2ncia de levar o debate al\u00e9m da sala de aula\n\t\t\t\t<\/figcaption><\/figure><figure class='gallery-item'>\n\t\t\t<div class='gallery-icon landscape'>\n\t\t\t\t<a href='https:\/\/apps.mpma.mp.br\/campanha-contra-drogas\/2017\/02\/08\/relembrando-encerramento-da-campanha-no-ano-de-2015\/dsc_5529reduz-2\/'><img width=\"250\" height=\"250\" src=\"https:\/\/apps.mpma.mp.br\/campanha-contra-drogas\/wp-content\/uploads\/2017\/02\/DSC_5529reduz-250x250.jpg\" class=\"attachment-thumbnail size-thumbnail\" alt=\"\" decoding=\"async\" loading=\"lazy\" aria-describedby=\"gallery-1-147\" \/><\/a>\n\t\t\t<\/div>\n\t\t\t\t<figcaption class='wp-caption-text gallery-caption' id='gallery-1-147'>\n\t\t\t\tAlunos foram alertados sobre malef\u00edcios das drogas\n\t\t\t\t<\/figcaption><\/figure><figure class='gallery-item'>\n\t\t\t<div class='gallery-icon landscape'>\n\t\t\t\t<a href='https:\/\/apps.mpma.mp.br\/campanha-contra-drogas\/2017\/02\/08\/relembrando-encerramento-da-campanha-no-ano-de-2015\/dsc_5545reduz\/'><img width=\"250\" height=\"250\" src=\"https:\/\/apps.mpma.mp.br\/campanha-contra-drogas\/wp-content\/uploads\/2017\/02\/DSC_5545reduz-250x250.jpg\" class=\"attachment-thumbnail size-thumbnail\" alt=\"\" decoding=\"async\" loading=\"lazy\" aria-describedby=\"gallery-1-148\" \/><\/a>\n\t\t\t<\/div>\n\t\t\t\t<figcaption class='wp-caption-text gallery-caption' id='gallery-1-148'>\n\t\t\t\tVencedores do concurso de desenho apresentaram seus trabalhos no encerramento da campanha\n\t\t\t\t<\/figcaption><\/figure><figure class='gallery-item'>\n\t\t\t<div class='gallery-icon landscape'>\n\t\t\t\t<a href='https:\/\/apps.mpma.mp.br\/campanha-contra-drogas\/2017\/02\/08\/relembrando-encerramento-da-campanha-no-ano-de-2015\/dsc_5548reduz-2\/'><img width=\"250\" height=\"250\" src=\"https:\/\/apps.mpma.mp.br\/campanha-contra-drogas\/wp-content\/uploads\/2017\/02\/DSC_5548reduz-250x250.jpg\" class=\"attachment-thumbnail size-thumbnail\" alt=\"\" decoding=\"async\" loading=\"lazy\" aria-describedby=\"gallery-1-149\" \/><\/a>\n\t\t\t<\/div>\n\t\t\t\t<figcaption class='wp-caption-text gallery-caption' id='gallery-1-149'>\n\t\t\t\tConcurso tamb\u00e9m mobiliza estudantes para debater o tema por meio da poesia\n\t\t\t\t<\/figcaption><\/figure>\n\t\t<\/div>\n\n","protected":false},"excerpt":{"rendered":"<p>Palestra educativa marca encerramento de campanha em 2015. Em\u00a025\/11\/2015, alunos do Centro de Ensino Francisco de Assis Ximenes de Arag\u00e3o Filho, na Vila Embratel, assistiram a uma palestra preventiva contra o uso de drogas, ministrada pela promotora de justi\u00e7a Cristiane Coelho Maia Lago. O evento, realizado na Biblioteca P\u00fablica Benedito Leite, marcou o encerramento das &hellip; <a href=\"https:\/\/apps.mpma.mp.br\/campanha-contra-drogas\/2017\/02\/08\/relembrando-encerramento-da-campanha-no-ano-de-2015\/\" class=\"more-link\">Continue lendo <span class=\"screen-reader-text\">RELEMBRANDO: Encerramento da campanha no ano de 2015.<\/span> <span class=\"meta-nav\">&rarr;<\/span><\/a><\/p>\n","protected":false},"author":2,"featured_media":0,"comment_status":"open","ping_status":"open","sticky":false,"template":"","format":"standard","meta":[],"categories":[5],"tags":[7],"_links":{"self":[{"href":"https:\/\/apps.mpma.mp.br\/campanha-contra-drogas\/wp-json\/wp\/v2\/posts\/142"}],"collection":[{"href":"https:\/\/apps.mpma.mp.br\/campanha-contra-drogas\/wp-json\/wp\/v2\/posts"}],"about":[{"href":"https:\/\/apps.mpma.mp.br\/campanha-contra-drogas\/wp-json\/wp\/v2\/types\/post"}],"author":[{"embeddable":true,"href":"https:\/\/apps.mpma.mp.br\/campanha-contra-drogas\/wp-json\/wp\/v2\/users\/2"}],"replies":[{"embeddable":true,"href":"https:\/\/apps.mpma.mp.br\/campanha-contra-drogas\/wp-json\/wp\/v2\/comments?post=142"}],"version-history":[{"count":2,"href":"https:\/\/apps.mpma.mp.br\/campanha-contra-drogas\/wp-json\/wp\/v2\/posts\/142\/revisions"}],"predecessor-version":[{"id":231,"href":"https:\/\/apps.mpma.mp.br\/campanha-contra-drogas\/wp-json\/wp\/v2\/posts\/142\/revisions\/231"}],"wp:attachment":[{"href":"https:\/\/apps.mpma.mp.br\/campanha-contra-drogas\/wp-json\/wp\/v2\/media?parent=142"}],"wp:term":[{"taxonomy":"category","embeddable":true,"href":"https:\/\/apps.mpma.mp.br\/campanha-contra-drogas\/wp-json\/wp\/v2\/categories?post=142"},{"taxonomy":"post_tag","embeddable":true,"href":"https:\/\/apps.mpma.mp.br\/campanha-contra-drogas\/wp-json\/wp\/v2\/tags?post=142"}],"curies":[{"name":"wp","href":"https:\/\/api.w.org\/{rel}","templated":true}]}}