{"id":152,"date":"2017-05-10T10:22:58","date_gmt":"2017-05-10T13:22:58","guid":{"rendered":"http:\/\/apps.mpma.mp.br\/campanha-contra-drogas\/?p=152"},"modified":"2023-07-12T08:11:39","modified_gmt":"2023-07-12T11:11:39","slug":"lancamento-da-campanha-em-2017","status":"publish","type":"post","link":"https:\/\/apps.mpma.mp.br\/campanha-contra-drogas\/2017\/05\/10\/lancamento-da-campanha-em-2017\/","title":{"rendered":"LAN\u00c7AMENTO DA CAMPANHA EM 2017"},"content":{"rendered":"<p>Foi lan\u00e7ada no dia 24 de abril, na Unidade de Educa\u00e7\u00e3o B\u00e1sica Professor Rubem Almeida, localizada no bairro do Coroadinho,\u00a0\u00e0s 19h, a campanha de preven\u00e7\u00e3o e combate \u00e0s drogas para o ano de 2017, com o tema: &#8220;Quem escolhe o seu caminho? Voc\u00ea ou \u00e0s drogas?&#8221;. A iniciativa \u00e9 do Minist\u00e9rio P\u00fablico do Maranh\u00e3o, por meio da 11\u00aa Promotoria de Justi\u00e7a de Substitui\u00e7\u00e3o Plena da Capital.<\/p>\n<p>Logo ap\u00f3s, no\u00a0dia 26 de abril, a campanha foi lan\u00e7ada na Unidade de Educa\u00e7\u00e3o B\u00e1sica Professora Cam\u00e9lia da Costa Viveiro, no Bairro Coroado, \u00e0s 9h. Em ambas as escolas, a promotora de justi\u00e7a Cristiane Lago, idealizadora da campanha, proferiu palestra sobre o tema.<\/p>\n<p>A organiza\u00e7\u00e3o das escolas para receber este evento, ficou por conta dos seus Gestores, sendo a Professora Aparecida Rodrigues, gestora da Escola U.E.B\u00a0 Rubem Almeida, e as\u00a0Professoras Cleres e Valdin\u00e9ia, gestoras da Escola\u00a0U.E.B. Cam\u00e9lia da Costa Viveiro, al\u00e9m da coordena\u00e7\u00e3o dos Supervisores e Professores. Em especial, a participa\u00e7\u00e3o da Professora Flor de Cassia Pereira da Silva,\u00a0a qual solicitou a realiza\u00e7\u00e3o do evento nestes locais.<\/p>\n<p>Os eventos contaram com a participa\u00e7\u00e3o da Pol\u00edcia Militar do Maranh\u00e3o, por meio do Grupo da Ronda Escolar que abrange os dois bairros.<\/p>\n<p>Conforme o edital do concurso de desenho e poesia que fazem parte do projeto, foram premiados os alunos das tr\u00eas primeiras coloca\u00e7\u00f5es, em cada categoria. Os vencedores receberam kits de livros do escritor maranhense Wilson Marques, doados pela Secretaria de Estado da Educa\u00e7\u00e3o, e ainda receberam os respectivos certificados de premia\u00e7\u00e3o.<\/p>\n<p>Os alunos premiados foram:<\/p>\n<p>*U.E.B\u00a0 Rubem Almeida &#8211; categoria desenho &#8211; 1\u00ba lugar: Talisson Silva Guimar\u00e3es;, 2\u00ba lugar: Marcos Augusto Meirelles; &#8211; categoria poesia &#8211;\u00a01\u00ba lugar: Lady Dayana Pereira;<\/p>\n<p>*U.E.B \u00a0Cam\u00e9lia Viveiro\u00a0&#8211; categoria desenho &#8211; 1\u00ba lugar: Herika Chagas da Silva; 2\u00ba lugar: Jhon Kauan Cutrim Reis; 3\u00ba lugar: Jadilson Costa Soares; &#8211; categoria poesia &#8211;\u00a01\u00ba lugar: Alessandra Santos Pacheco; 2\u00ba lugar: Maria Vit\u00f3ria Salazar Rodrigues Soares; 3\u00ba lugar: Rafaela St\u00e9fany Furtado Sousa.<\/p>\n<p>Segundo a Promotora de Justi\u00e7a Cristiane Lago, em 2017, a campanha vai continuar com a realiza\u00e7\u00e3o de palestras de preven\u00e7\u00e3o \u00e0s drogas nas escolas p\u00fablicas municipais e estaduais, bem como promovendo concursos de desenhos, de poesias e outras atividades art\u00edsticas, culturais e esportivas, que funcionem como forma de inclus\u00e3o social e de melhoria da qualidade de vida dos alunos alcan\u00e7ados.<\/p>\n<p>Incluem-se, ainda, como objetivos espec\u00edficos da campanha a articula\u00e7\u00e3o para a implementa\u00e7\u00e3o do Conselho Estadual e do Fundo de Pol\u00edticas P\u00fablicas sobre Drogas; o incentivo \u00e0 cria\u00e7\u00e3o e \u00e0 implementa\u00e7\u00e3o do Conselho Municipal e do Fundo de Pol\u00edticas P\u00fablicas sobre Drogas; e o apoio e orienta\u00e7\u00e3o para a instala\u00e7\u00e3o dos Conselhos Escolares sobre Drogas.<\/p>\n<div id='gallery-1' class='gallery galleryid-152 gallery-columns-3 gallery-size-thumbnail'><figure class='gallery-item'>\n\t\t\t<div class='gallery-icon landscape'>\n\t\t\t\t<a href='https:\/\/apps.mpma.mp.br\/campanha-contra-drogas\/2017\/05\/10\/lancamento-da-campanha-em-2017\/img-20170426-wa00111\/'><img width=\"250\" height=\"250\" src=\"https:\/\/apps.mpma.mp.br\/campanha-contra-drogas\/wp-content\/uploads\/2017\/05\/IMG-20170426-WA00111-250x250.jpg\" class=\"attachment-thumbnail size-thumbnail\" alt=\"\" decoding=\"async\" loading=\"lazy\" aria-describedby=\"gallery-1-159\" \/><\/a>\n\t\t\t<\/div>\n\t\t\t\t<figcaption class='wp-caption-text gallery-caption' id='gallery-1-159'>\n\t\t\t\tAlunos, Professores, Surpevisores, Gestores e Cidad\u00e3os, todos no combate \u00e0s drogas.\n\t\t\t\t<\/figcaption><\/figure><figure class='gallery-item'>\n\t\t\t<div class='gallery-icon landscape'>\n\t\t\t\t<a href='https:\/\/apps.mpma.mp.br\/campanha-contra-drogas\/2017\/05\/10\/lancamento-da-campanha-em-2017\/img-20170426-wa00101\/'><img width=\"250\" height=\"250\" src=\"https:\/\/apps.mpma.mp.br\/campanha-contra-drogas\/wp-content\/uploads\/2017\/05\/IMG-20170426-WA00101-250x250.jpg\" class=\"attachment-thumbnail size-thumbnail\" alt=\"\" decoding=\"async\" loading=\"lazy\" aria-describedby=\"gallery-1-158\" \/><\/a>\n\t\t\t<\/div>\n\t\t\t\t<figcaption class='wp-caption-text gallery-caption' id='gallery-1-158'>\n\t\t\t\tMensagem educativa sobre a Ronda Escolar da Pol\u00edcia Militar, aos alunos.\n\t\t\t\t<\/figcaption><\/figure><figure class='gallery-item'>\n\t\t\t<div class='gallery-icon landscape'>\n\t\t\t\t<a href='https:\/\/apps.mpma.mp.br\/campanha-contra-drogas\/2017\/05\/10\/lancamento-da-campanha-em-2017\/img-20170426-wa00091\/'><img width=\"250\" height=\"250\" src=\"https:\/\/apps.mpma.mp.br\/campanha-contra-drogas\/wp-content\/uploads\/2017\/05\/IMG-20170426-WA00091-250x250.jpg\" class=\"attachment-thumbnail size-thumbnail\" alt=\"\" decoding=\"async\" loading=\"lazy\" aria-describedby=\"gallery-1-157\" \/><\/a>\n\t\t\t<\/div>\n\t\t\t\t<figcaption class='wp-caption-text gallery-caption' id='gallery-1-157'>\n\t\t\t\tMinist\u00e9rio P\u00fablico, Ronda Escolar da Pol\u00edcia Militar e Escolas do Maranh\u00e3o, todos no combate \u00e0s drogas.\n\t\t\t\t<\/figcaption><\/figure><figure class='gallery-item'>\n\t\t\t<div class='gallery-icon landscape'>\n\t\t\t\t<a href='https:\/\/apps.mpma.mp.br\/campanha-contra-drogas\/2017\/05\/10\/lancamento-da-campanha-em-2017\/img-20170426-wa00081\/'><img width=\"250\" height=\"250\" src=\"https:\/\/apps.mpma.mp.br\/campanha-contra-drogas\/wp-content\/uploads\/2017\/05\/IMG-20170426-WA00081-250x250.jpg\" class=\"attachment-thumbnail size-thumbnail\" alt=\"\" decoding=\"async\" loading=\"lazy\" aria-describedby=\"gallery-1-156\" \/><\/a>\n\t\t\t<\/div>\n\t\t\t\t<figcaption class='wp-caption-text gallery-caption' id='gallery-1-156'>\n\t\t\t\tENTREGA DE PREMIA\u00c7\u00c3O\n\t\t\t\t<\/figcaption><\/figure><figure class='gallery-item'>\n\t\t\t<div class='gallery-icon landscape'>\n\t\t\t\t<a href='https:\/\/apps.mpma.mp.br\/campanha-contra-drogas\/2017\/05\/10\/lancamento-da-campanha-em-2017\/img-20170426-wa00071\/'><img width=\"250\" height=\"250\" src=\"https:\/\/apps.mpma.mp.br\/campanha-contra-drogas\/wp-content\/uploads\/2017\/05\/IMG-20170426-WA00071-250x250.jpg\" class=\"attachment-thumbnail size-thumbnail\" alt=\"\" decoding=\"async\" loading=\"lazy\" aria-describedby=\"gallery-1-155\" \/><\/a>\n\t\t\t<\/div>\n\t\t\t\t<figcaption class='wp-caption-text gallery-caption' id='gallery-1-155'>\n\t\t\t\tAlunos, Professores, Surpevisores, Gestores e Cidad\u00e3os, todos no combate \u00e0s drogas.\n\t\t\t\t<\/figcaption><\/figure><figure class='gallery-item'>\n\t\t\t<div class='gallery-icon landscape'>\n\t\t\t\t<a href='https:\/\/apps.mpma.mp.br\/campanha-contra-drogas\/2017\/05\/10\/lancamento-da-campanha-em-2017\/img-20170426-wa00061\/'><img width=\"250\" height=\"250\" src=\"https:\/\/apps.mpma.mp.br\/campanha-contra-drogas\/wp-content\/uploads\/2017\/05\/IMG-20170426-WA00061-250x250.jpg\" class=\"attachment-thumbnail size-thumbnail\" alt=\"\" decoding=\"async\" loading=\"lazy\" aria-describedby=\"gallery-1-154\" \/><\/a>\n\t\t\t<\/div>\n\t\t\t\t<figcaption class='wp-caption-text gallery-caption' id='gallery-1-154'>\n\t\t\t\tAlunos, Professores, Surpevisores, Gestores e Cidad\u00e3os, todos no combate \u00e0s drogas.\n\t\t\t\t<\/figcaption><\/figure>\n\t\t<\/div>\n\n","protected":false},"excerpt":{"rendered":"<p>Foi lan\u00e7ada no dia 24 de abril, na Unidade de Educa\u00e7\u00e3o B\u00e1sica Professor Rubem Almeida, localizada no bairro do Coroadinho,\u00a0\u00e0s 19h, a campanha de preven\u00e7\u00e3o e combate \u00e0s drogas para o ano de 2017, com o tema: &#8220;Quem escolhe o seu caminho? Voc\u00ea ou \u00e0s drogas?&#8221;. A iniciativa \u00e9 do Minist\u00e9rio P\u00fablico do Maranh\u00e3o, por &hellip; <a href=\"https:\/\/apps.mpma.mp.br\/campanha-contra-drogas\/2017\/05\/10\/lancamento-da-campanha-em-2017\/\" class=\"more-link\">Continue lendo <span class=\"screen-reader-text\">LAN\u00c7AMENTO DA CAMPANHA EM 2017<\/span> <span class=\"meta-nav\">&rarr;<\/span><\/a><\/p>\n","protected":false},"author":2,"featured_media":0,"comment_status":"open","ping_status":"open","sticky":false,"template":"","format":"standard","meta":[],"categories":[5],"tags":[7],"_links":{"self":[{"href":"https:\/\/apps.mpma.mp.br\/campanha-contra-drogas\/wp-json\/wp\/v2\/posts\/152"}],"collection":[{"href":"https:\/\/apps.mpma.mp.br\/campanha-contra-drogas\/wp-json\/wp\/v2\/posts"}],"about":[{"href":"https:\/\/apps.mpma.mp.br\/campanha-contra-drogas\/wp-json\/wp\/v2\/types\/post"}],"author":[{"embeddable":true,"href":"https:\/\/apps.mpma.mp.br\/campanha-contra-drogas\/wp-json\/wp\/v2\/users\/2"}],"replies":[{"embeddable":true,"href":"https:\/\/apps.mpma.mp.br\/campanha-contra-drogas\/wp-json\/wp\/v2\/comments?post=152"}],"version-history":[{"count":6,"href":"https:\/\/apps.mpma.mp.br\/campanha-contra-drogas\/wp-json\/wp\/v2\/posts\/152\/revisions"}],"predecessor-version":[{"id":230,"href":"https:\/\/apps.mpma.mp.br\/campanha-contra-drogas\/wp-json\/wp\/v2\/posts\/152\/revisions\/230"}],"wp:attachment":[{"href":"https:\/\/apps.mpma.mp.br\/campanha-contra-drogas\/wp-json\/wp\/v2\/media?parent=152"}],"wp:term":[{"taxonomy":"category","embeddable":true,"href":"https:\/\/apps.mpma.mp.br\/campanha-contra-drogas\/wp-json\/wp\/v2\/categories?post=152"},{"taxonomy":"post_tag","embeddable":true,"href":"https:\/\/apps.mpma.mp.br\/campanha-contra-drogas\/wp-json\/wp\/v2\/tags?post=152"}],"curies":[{"name":"wp","href":"https:\/\/api.w.org\/{rel}","templated":true}]}}