{"id":167,"date":"2017-06-26T09:36:12","date_gmt":"2017-06-26T12:36:12","guid":{"rendered":"http:\/\/apps.mpma.mp.br\/campanha-contra-drogas\/?p=167"},"modified":"2023-07-12T08:11:39","modified_gmt":"2023-07-12T11:11:39","slug":"campanha-bastante-movimentada-em-2017-belissimo-evento-realizado-no-liceu-maranhense","status":"publish","type":"post","link":"https:\/\/apps.mpma.mp.br\/campanha-contra-drogas\/2017\/06\/26\/campanha-bastante-movimentada-em-2017-belissimo-evento-realizado-no-liceu-maranhense\/","title":{"rendered":"CAMPANHA BASTANTE MOVIMENTADA EM 2017. BEL\u00cdSSIMO EVENTO REALIZADO NO COL\u00c9GIO LICEU MARANHENSE."},"content":{"rendered":"<p>Em 2 de junho de 2017, foram realizadas as atividades do projeto \u201cQuem escolhe o seu caminho? Voc\u00ea ou as drogas?\u201d, no Liceu Maranhense (Centro), em S\u00e3o Lu\u00eds, para mais de 140 alunos que lotaram o audit\u00f3rio do col\u00e9gio.<\/p>\n<p>O evento foi coordenado pelo Gr\u00eamio Estudantil da referida Escola, atrav\u00e9s do Presidente Guilherme Soares, em parceria com a 11\u00aa Promotoria de Justi\u00e7a de Substitui\u00e7\u00e3o Plena da Capital, que tem como titular a Promotora de Justi\u00e7a Cristiane Lago, idealizadora do Projeto.<\/p>\n<p>O programa tamb\u00e9m teve o objetivo de implementar o Conselho Escolar de Pol\u00edticas sobre Drogas, previsto em lei.<\/p>\n<p>Na ocasi\u00e3o, tamb\u00e9m foram premiados os estudantes vencedores dos concursos de desenho e de poesia que s\u00e3o desenvolvidos abordando a tem\u00e1tica do Projeto, objetivando a discuss\u00e3o sobre preven\u00e7\u00e3o e combate ao uso de drogas.<\/p>\n<p>Venceram o concurso de poesia os estudantes Deison Vicente (1\u00ba), Ruan Cristian (2\u00ba) e Rassiane Calve (3\u00ba). J\u00e1 os estudantes Enza Beatriz (1\u00ba), Cristian Rafael Silva (2\u00ba) e Rafaelle Santos Soeiro (3\u00ba) foram os premiados na categoria desenho. Os estudantes vencedores foram premiados com livros de cl\u00e1ssicos da literatura nacional e com obras de autores maranhenses.<\/p>\n<p>O evento tamb\u00e9m contou com atra\u00e7\u00f5es culturais protagonizadas pelos alunos, que abordaram a tem\u00e1tica, incluindo apresenta\u00e7\u00f5es musicais, dan\u00e7a (carimb\u00f3), capoeira e uma pe\u00e7a teatral.<\/p>\n<p>Na oportunidade, tamb\u00e9m o evento recebeu o instituto Alco\u00f3licos An\u00f4nimos, que enviou uma pessoa que passa por tratamento, para prestar seu depoimento, contando a experi\u00eancia de uma vida em meio \u00e0s drogas. Ainda, foram transmitidos v\u00eddeos e palestras sobre os malef\u00edcios das drogas l\u00edcitas e il\u00edcitas (incluindo \u00e1lcool, cigarro, maconha, coca\u00edna e crack). A representante dos Alco\u00f3licos An\u00f4nimos, entidade que apoia o projeto, afirmou: \u201cEu dilacerei a minha fam\u00edlia por causa do \u00e1lcool e das drogas. Mas h\u00e1 20 anos n\u00e3o bebo nem uso drogas. A recupera\u00e7\u00e3o \u00e9 um caminho dif\u00edcil. O Uso de drogas n\u00e3o \u00e9 bom\u201d.<\/p>\n<p>Coordenado pelo Minist\u00e9rio P\u00fablico do Maranh\u00e3o (MPMA), o programa \u00e9 desenvolvido, desde 2013, em escolas p\u00fablicas das redes municipal e estadual de ensino, em v\u00e1rios munic\u00edpios do Maranh\u00e3o e tem por objetivo prevenir o uso de drogas, por meio de palestras e atividades art\u00edsticas (concursos de poesia e desenho).<\/p>\n<p>Al\u00e9m de S\u00e3o Lu\u00eds, o projeto, que come\u00e7ou em Itapecuru-Mirim, em 2013, foi implementado nos munic\u00edpios de A\u00e7ail\u00e2ndia, Itinga e Imperatriz.<\/p>\n<p><strong>MULTIPLICADORES<\/strong><\/p>\n<p>\u201cVoc\u00eas todos sabem o que acontece, se a droga escolher o caminho de voc\u00eas. Droga faz muito mal \u00e0 sa\u00fade e ponto final\u201d, enfatizou a promotora de justi\u00e7a Cristiane Maia Lago durante o evento.<\/p>\n<p>A representante do MPMA igualmente destacou a outra finalidade do projeto que \u00e9 capacitar os estudantes como agentes multiplicadores da preven\u00e7\u00e3o \u00e0s drogas. \u201cA mobiliza\u00e7\u00e3o \u00e9 fundamental. Quem deve escolher nosso caminho somos n\u00f3s. Voc\u00eas s\u00e3o privilegiados, porque est\u00e3o sendo orientados todos os dias pela fam\u00edlia, pela escola e tamb\u00e9m pelo Minist\u00e9rio P\u00fablico. Estudem muito para alcan\u00e7ar os objetivos de voc\u00eas\u201d, completou.<\/p>\n<p>A implementa\u00e7\u00e3o do programa no Liceu Maranhense foi tamb\u00e9m fomentada pelo Gr\u00eamio Estudantil, presidido por Guilherme Soares, estudante do 3\u00ba ano. \u201cO uso de drogas traz in\u00fameros preju\u00edzos sociais e de sa\u00fade. Da\u00ed, tivemos conhecimento do projeto e resolvemos traz\u00ea-lo para o Liceu. Considero esta discuss\u00e3o fundamental para a nossa sociedade e a nossa preocupa\u00e7\u00e3o \u00e9 despertar uma consci\u00eancia cidad\u00e3 nos estudantes\u201d, disse.<\/p>\n<p>Para o diretor do Liceu Maranhense, Deurivan Sampaio, a a\u00e7\u00e3o vai contribuir para que os jovens se tornem adultos conscientes e saud\u00e1veis. \u201cEsta iniciativa \u00e9 muito importante, porque trata da preven\u00e7\u00e3o \u00e0s drogas e n\u00f3s, do Liceu, j\u00e1 escolhemos o nosso caminho\u201d, frisou.<\/p>\n<p>K\u00e9sio Bandeira, representante de um grupo evang\u00e9lico, tamb\u00e9m proferiu palestra e apresentou v\u00eddeos e document\u00e1rios sobre o tema.<\/p>\n<div id='gallery-1' class='gallery galleryid-167 gallery-columns-3 gallery-size-thumbnail'><figure class='gallery-item'>\n\t\t\t<div class='gallery-icon landscape'>\n\t\t\t\t<a href='https:\/\/apps.mpma.mp.br\/campanha-contra-drogas\/2017\/06\/26\/campanha-bastante-movimentada-em-2017-belissimo-evento-realizado-no-liceu-maranhense\/dsc_0129\/'><img width=\"250\" height=\"250\" src=\"https:\/\/apps.mpma.mp.br\/campanha-contra-drogas\/wp-content\/uploads\/2017\/06\/DSC_0129-250x250.jpg\" class=\"attachment-thumbnail size-thumbnail\" alt=\"\" decoding=\"async\" loading=\"lazy\" aria-describedby=\"gallery-1-168\" \/><\/a>\n\t\t\t<\/div>\n\t\t\t\t<figcaption class='wp-caption-text gallery-caption' id='gallery-1-168'>\n\t\t\t\tCRISTIANE LAGO, PROMOTORA DE JUSTI\u00c7A , IDEALIZADORA DO PROJETO\n\t\t\t\t<\/figcaption><\/figure><figure class='gallery-item'>\n\t\t\t<div class='gallery-icon landscape'>\n\t\t\t\t<a href='https:\/\/apps.mpma.mp.br\/campanha-contra-drogas\/2017\/06\/26\/campanha-bastante-movimentada-em-2017-belissimo-evento-realizado-no-liceu-maranhense\/premiacao\/'><img width=\"250\" height=\"250\" src=\"https:\/\/apps.mpma.mp.br\/campanha-contra-drogas\/wp-content\/uploads\/2017\/06\/premia\u00e7\u00e3o-250x250.jpg\" class=\"attachment-thumbnail size-thumbnail\" alt=\"\" decoding=\"async\" loading=\"lazy\" aria-describedby=\"gallery-1-169\" \/><\/a>\n\t\t\t<\/div>\n\t\t\t\t<figcaption class='wp-caption-text gallery-caption' id='gallery-1-169'>\n\t\t\t\tPREMIA\u00c7\u00c3O DOS ALUNOS VENCEDORES DOS CONCURSOS DE DESENHO E POESIA\n\t\t\t\t<\/figcaption><\/figure><figure class='gallery-item'>\n\t\t\t<div class='gallery-icon landscape'>\n\t\t\t\t<a href='https:\/\/apps.mpma.mp.br\/campanha-contra-drogas\/2017\/06\/26\/campanha-bastante-movimentada-em-2017-belissimo-evento-realizado-no-liceu-maranhense\/premiacao2\/'><img width=\"250\" height=\"250\" src=\"https:\/\/apps.mpma.mp.br\/campanha-contra-drogas\/wp-content\/uploads\/2017\/06\/premia\u00e7\u00e3o2-250x250.jpg\" class=\"attachment-thumbnail size-thumbnail\" alt=\"\" decoding=\"async\" loading=\"lazy\" aria-describedby=\"gallery-1-170\" \/><\/a>\n\t\t\t<\/div>\n\t\t\t\t<figcaption class='wp-caption-text gallery-caption' id='gallery-1-170'>\n\t\t\t\tPREMIA\u00c7\u00c3O DOS ALUNOS VENCEDORES DOS CONCURSOS DE DESENHO E POESIA\n\t\t\t\t<\/figcaption><\/figure><figure class='gallery-item'>\n\t\t\t<div class='gallery-icon landscape'>\n\t\t\t\t<a href='https:\/\/apps.mpma.mp.br\/campanha-contra-drogas\/2017\/06\/26\/campanha-bastante-movimentada-em-2017-belissimo-evento-realizado-no-liceu-maranhense\/teadro-de-danca\/'><img width=\"250\" height=\"250\" src=\"https:\/\/apps.mpma.mp.br\/campanha-contra-drogas\/wp-content\/uploads\/2017\/06\/teadro-de-dan\u00e7a-250x250.jpg\" class=\"attachment-thumbnail size-thumbnail\" alt=\"\" decoding=\"async\" loading=\"lazy\" aria-describedby=\"gallery-1-171\" \/><\/a>\n\t\t\t<\/div>\n\t\t\t\t<figcaption class='wp-caption-text gallery-caption' id='gallery-1-171'>\n\t\t\t\tAPRESENTA\u00c7\u00c3O TEATRAL\n\t\t\t\t<\/figcaption><\/figure><figure class='gallery-item'>\n\t\t\t<div class='gallery-icon landscape'>\n\t\t\t\t<a href='https:\/\/apps.mpma.mp.br\/campanha-contra-drogas\/2017\/06\/26\/campanha-bastante-movimentada-em-2017-belissimo-evento-realizado-no-liceu-maranhense\/capoeira\/'><img width=\"250\" height=\"250\" src=\"https:\/\/apps.mpma.mp.br\/campanha-contra-drogas\/wp-content\/uploads\/2017\/06\/capoeira-250x250.jpg\" class=\"attachment-thumbnail size-thumbnail\" alt=\"\" decoding=\"async\" loading=\"lazy\" aria-describedby=\"gallery-1-172\" \/><\/a>\n\t\t\t<\/div>\n\t\t\t\t<figcaption class='wp-caption-text gallery-caption' id='gallery-1-172'>\n\t\t\t\tAPRESENTA\u00c7\u00c3O DE CAPOEIRA\n\t\t\t\t<\/figcaption><\/figure><figure class='gallery-item'>\n\t\t\t<div class='gallery-icon landscape'>\n\t\t\t\t<a href='https:\/\/apps.mpma.mp.br\/campanha-contra-drogas\/cropped-banner_web-jpg\/'><img width=\"250\" height=\"250\" src=\"https:\/\/apps.mpma.mp.br\/campanha-contra-drogas\/wp-content\/uploads\/2016\/09\/cropped-banner_web-250x250.jpg\" class=\"attachment-thumbnail size-thumbnail\" alt=\"\" decoding=\"async\" loading=\"lazy\" srcset=\"https:\/\/apps.mpma.mp.br\/campanha-contra-drogas\/wp-content\/uploads\/2016\/09\/cropped-banner_web-250x250.jpg 250w, https:\/\/apps.mpma.mp.br\/campanha-contra-drogas\/wp-content\/uploads\/2016\/09\/cropped-banner_web-300x300.jpg 300w, https:\/\/apps.mpma.mp.br\/campanha-contra-drogas\/wp-content\/uploads\/2016\/09\/cropped-banner_web-270x270.jpg 270w, https:\/\/apps.mpma.mp.br\/campanha-contra-drogas\/wp-content\/uploads\/2016\/09\/cropped-banner_web-192x192.jpg 192w, https:\/\/apps.mpma.mp.br\/campanha-contra-drogas\/wp-content\/uploads\/2016\/09\/cropped-banner_web-180x180.jpg 180w, https:\/\/apps.mpma.mp.br\/campanha-contra-drogas\/wp-content\/uploads\/2016\/09\/cropped-banner_web-32x32.jpg 32w, https:\/\/apps.mpma.mp.br\/campanha-contra-drogas\/wp-content\/uploads\/2016\/09\/cropped-banner_web.jpg 512w\" sizes=\"(max-width: 250px) 100vw, 250px\" \/><\/a>\n\t\t\t<\/div><\/figure>\n\t\t<\/div>\n\n","protected":false},"excerpt":{"rendered":"<p>Em 2 de junho de 2017, foram realizadas as atividades do projeto \u201cQuem escolhe o seu caminho? Voc\u00ea ou as drogas?\u201d, no Liceu Maranhense (Centro), em S\u00e3o Lu\u00eds, para mais de 140 alunos que lotaram o audit\u00f3rio do col\u00e9gio. O evento foi coordenado pelo Gr\u00eamio Estudantil da referida Escola, atrav\u00e9s do Presidente Guilherme Soares, em &hellip; <a href=\"https:\/\/apps.mpma.mp.br\/campanha-contra-drogas\/2017\/06\/26\/campanha-bastante-movimentada-em-2017-belissimo-evento-realizado-no-liceu-maranhense\/\" class=\"more-link\">Continue lendo <span class=\"screen-reader-text\">CAMPANHA BASTANTE MOVIMENTADA EM 2017. BEL\u00cdSSIMO EVENTO REALIZADO NO COL\u00c9GIO LICEU MARANHENSE.<\/span> <span class=\"meta-nav\">&rarr;<\/span><\/a><\/p>\n","protected":false},"author":2,"featured_media":0,"comment_status":"open","ping_status":"open","sticky":false,"template":"","format":"standard","meta":[],"categories":[5],"tags":[7],"_links":{"self":[{"href":"https:\/\/apps.mpma.mp.br\/campanha-contra-drogas\/wp-json\/wp\/v2\/posts\/167"}],"collection":[{"href":"https:\/\/apps.mpma.mp.br\/campanha-contra-drogas\/wp-json\/wp\/v2\/posts"}],"about":[{"href":"https:\/\/apps.mpma.mp.br\/campanha-contra-drogas\/wp-json\/wp\/v2\/types\/post"}],"author":[{"embeddable":true,"href":"https:\/\/apps.mpma.mp.br\/campanha-contra-drogas\/wp-json\/wp\/v2\/users\/2"}],"replies":[{"embeddable":true,"href":"https:\/\/apps.mpma.mp.br\/campanha-contra-drogas\/wp-json\/wp\/v2\/comments?post=167"}],"version-history":[{"count":4,"href":"https:\/\/apps.mpma.mp.br\/campanha-contra-drogas\/wp-json\/wp\/v2\/posts\/167\/revisions"}],"predecessor-version":[{"id":229,"href":"https:\/\/apps.mpma.mp.br\/campanha-contra-drogas\/wp-json\/wp\/v2\/posts\/167\/revisions\/229"}],"wp:attachment":[{"href":"https:\/\/apps.mpma.mp.br\/campanha-contra-drogas\/wp-json\/wp\/v2\/media?parent=167"}],"wp:term":[{"taxonomy":"category","embeddable":true,"href":"https:\/\/apps.mpma.mp.br\/campanha-contra-drogas\/wp-json\/wp\/v2\/categories?post=167"},{"taxonomy":"post_tag","embeddable":true,"href":"https:\/\/apps.mpma.mp.br\/campanha-contra-drogas\/wp-json\/wp\/v2\/tags?post=167"}],"curies":[{"name":"wp","href":"https:\/\/api.w.org\/{rel}","templated":true}]}}