{"id":199,"date":"2017-08-17T11:19:29","date_gmt":"2017-08-17T14:19:29","guid":{"rendered":"http:\/\/apps.mpma.mp.br\/campanha-contra-drogas\/?p=199"},"modified":"2023-07-12T08:11:39","modified_gmt":"2023-07-12T11:11:39","slug":"mais-um-belo-evento-da-campanha-realizado-no-memorial-do-ministerio-publico-do-maranhao","status":"publish","type":"post","link":"https:\/\/apps.mpma.mp.br\/campanha-contra-drogas\/2017\/08\/17\/mais-um-belo-evento-da-campanha-realizado-no-memorial-do-ministerio-publico-do-maranhao\/","title":{"rendered":"MAIS UM BELO EVENTO DA CAMPANHA REALIZADO NO MEMORIAL DO MINIST\u00c9RIO P\u00daBLICO DO MARANH\u00c3O"},"content":{"rendered":"<div id='gallery-1' class='gallery galleryid-199 gallery-columns-3 gallery-size-thumbnail'><figure class='gallery-item'>\n\t\t\t<div class='gallery-icon landscape'>\n\t\t\t\t<a href='https:\/\/apps.mpma.mp.br\/campanha-contra-drogas\/2017\/08\/17\/mais-um-belo-evento-da-campanha-realizado-no-memorial-do-ministerio-publico-do-maranhao\/palestra-memorial-2017-2\/'><img width=\"250\" height=\"250\" src=\"https:\/\/apps.mpma.mp.br\/campanha-contra-drogas\/wp-content\/uploads\/2017\/08\/palestra-memorial-2017.2-250x250.jpg\" class=\"attachment-thumbnail size-thumbnail\" alt=\"\" decoding=\"async\" loading=\"lazy\" aria-describedby=\"gallery-1-200\" \/><\/a>\n\t\t\t<\/div>\n\t\t\t\t<figcaption class='wp-caption-text gallery-caption' id='gallery-1-200'>\n\t\t\t\tEVENTO &#8211; MEMORIAL DO MINIST\u00c9RIO P\u00daBLICO DO MARANH\u00c3O &#8211; 2017\n\t\t\t\t<\/figcaption><\/figure><figure class='gallery-item'>\n\t\t\t<div class='gallery-icon landscape'>\n\t\t\t\t<a href='https:\/\/apps.mpma.mp.br\/campanha-contra-drogas\/2017\/08\/17\/mais-um-belo-evento-da-campanha-realizado-no-memorial-do-ministerio-publico-do-maranhao\/palestra-memorial-2017\/'><img width=\"250\" height=\"250\" src=\"https:\/\/apps.mpma.mp.br\/campanha-contra-drogas\/wp-content\/uploads\/2017\/08\/palestra-memorial-2017-250x250.jpg\" class=\"attachment-thumbnail size-thumbnail\" alt=\"\" decoding=\"async\" loading=\"lazy\" aria-describedby=\"gallery-1-201\" \/><\/a>\n\t\t\t<\/div>\n\t\t\t\t<figcaption class='wp-caption-text gallery-caption' id='gallery-1-201'>\n\t\t\t\tEVENTO &#8211; MEMORIAL DO MINIST\u00c9RIO P\u00daBLICO DO MARANH\u00c3O &#8211; 2017\n\t\t\t\t<\/figcaption><\/figure><figure class='gallery-item'>\n\t\t\t<div class='gallery-icon landscape'>\n\t\t\t\t<a href='https:\/\/apps.mpma.mp.br\/campanha-contra-drogas\/2017\/08\/17\/mais-um-belo-evento-da-campanha-realizado-no-memorial-do-ministerio-publico-do-maranhao\/dsc_0079\/'><img width=\"250\" height=\"250\" src=\"https:\/\/apps.mpma.mp.br\/campanha-contra-drogas\/wp-content\/uploads\/2017\/08\/DSC_0079-250x250.jpg\" class=\"attachment-thumbnail size-thumbnail\" alt=\"\" decoding=\"async\" loading=\"lazy\" aria-describedby=\"gallery-1-207\" \/><\/a>\n\t\t\t<\/div>\n\t\t\t\t<figcaption class='wp-caption-text gallery-caption' id='gallery-1-207'>\n\t\t\t\tEVENTO &#8211; MEMORIAL DO MINIST\u00c9RIO P\u00daBLICO DO MARANH\u00c3O &#8211; 2017\n\t\t\t\t<\/figcaption><\/figure><figure class='gallery-item'>\n\t\t\t<div class='gallery-icon landscape'>\n\t\t\t\t<a href='https:\/\/apps.mpma.mp.br\/campanha-contra-drogas\/2017\/08\/17\/mais-um-belo-evento-da-campanha-realizado-no-memorial-do-ministerio-publico-do-maranhao\/dsc_0038\/'><img width=\"250\" height=\"250\" src=\"https:\/\/apps.mpma.mp.br\/campanha-contra-drogas\/wp-content\/uploads\/2017\/08\/DSC_0038-250x250.jpg\" class=\"attachment-thumbnail size-thumbnail\" alt=\"\" decoding=\"async\" loading=\"lazy\" aria-describedby=\"gallery-1-205\" \/><\/a>\n\t\t\t<\/div>\n\t\t\t\t<figcaption class='wp-caption-text gallery-caption' id='gallery-1-205'>\n\t\t\t\tEVENTO &#8211; MEMORIAL DO MINIST\u00c9RIO P\u00daBLICO DO MARANH\u00c3O &#8211; 2017\n\t\t\t\t<\/figcaption><\/figure><figure class='gallery-item'>\n\t\t\t<div class='gallery-icon landscape'>\n\t\t\t\t<a href='https:\/\/apps.mpma.mp.br\/campanha-contra-drogas\/2017\/08\/17\/mais-um-belo-evento-da-campanha-realizado-no-memorial-do-ministerio-publico-do-maranhao\/dsc_0048\/'><img width=\"250\" height=\"250\" src=\"https:\/\/apps.mpma.mp.br\/campanha-contra-drogas\/wp-content\/uploads\/2017\/08\/DSC_0048-250x250.jpg\" class=\"attachment-thumbnail size-thumbnail\" alt=\"\" decoding=\"async\" loading=\"lazy\" aria-describedby=\"gallery-1-233\" \/><\/a>\n\t\t\t<\/div>\n\t\t\t\t<figcaption class='wp-caption-text gallery-caption' id='gallery-1-233'>\n\t\t\t\tEVENTO &#8211; MEMORIAL DO MINIST\u00c9RIO P\u00daBLICO DO MARANH\u00c3O &#8211; 2017\n\t\t\t\t<\/figcaption><\/figure><figure class='gallery-item'>\n\t\t\t<div class='gallery-icon landscape'>\n\t\t\t\t<a href='https:\/\/apps.mpma.mp.br\/campanha-contra-drogas\/2017\/08\/17\/mais-um-belo-evento-da-campanha-realizado-no-memorial-do-ministerio-publico-do-maranhao\/dsc_0044\/'><img width=\"250\" height=\"250\" src=\"https:\/\/apps.mpma.mp.br\/campanha-contra-drogas\/wp-content\/uploads\/2017\/08\/DSC_0044-250x250.jpg\" class=\"attachment-thumbnail size-thumbnail\" alt=\"\" decoding=\"async\" loading=\"lazy\" aria-describedby=\"gallery-1-206\" \/><\/a>\n\t\t\t<\/div>\n\t\t\t\t<figcaption class='wp-caption-text gallery-caption' id='gallery-1-206'>\n\t\t\t\tEVENTO &#8211; MEMORIAL DO MINIST\u00c9RIO P\u00daBLICO DO MARANH\u00c3O &#8211; 2017\n\t\t\t\t<\/figcaption><\/figure>\n\t\t<\/div>\n\n<p align=\"justify\">Estudantes da 3\u00aa s\u00e9rie do Ensino M\u00e9dio do Cintra, localizado no Bairro\u00a0 Anil, visitaram na manh\u00e3 desta ter\u00e7a-feira, 15, a sede do Memorial do Minist\u00e9rio P\u00fablico do Maranh\u00e3o. Os alunos conheceram o espa\u00e7o, cujo acervo re\u00fane vestes, livros, documentos hist\u00f3ricos e galerias de fotos dos membros que fizeram parte da hist\u00f3ria do Minist\u00e9rio P\u00fablico no Maranh\u00e3o, apresentados pela coordenadora Suzane Vi\u00e9gas.<\/p>\n<p align=\"justify\">Os estudantes participaram de uma palestra de preven\u00e7\u00e3o ao uso de drogas, proferida pela promotora de justi\u00e7a Cristiane Gomes Coelho Maia Lago, da 11<sup>a<\/sup>\u00a0Promotoria de Justi\u00e7a de Substitui\u00e7\u00e3o Plena de S\u00e3o Lu\u00eds, com o tema \u201cQuem escolhe seu caminho? Voc\u00ea ou as drogas?\u201d<\/p>\n<p align=\"justify\">Durante a palestra, a promotora abordou as consequ\u00eancias do uso de drogas e os danos no organismo. Os malef\u00edcios do \u00e1lcool e do cigarro tamb\u00e9m foram exibidos aos estudantes por meio de fotos. De acordo com a promotora, o uso de drogas causa sofrimento e tristeza para quem consome e para as fam\u00edlias dos usu\u00e1rios, al\u00e9m de privar a pessoa de uma vida saud\u00e1vel. \u201c\u00c9 preciso trabalhar a preven\u00e7\u00e3o, conscientizar para evitar que eles tenham o primeiro contato com a droga, que pode desencadear, l\u00e1 na frente, em outros crimes, como os homic\u00eddios, que chegam ao Tribunal do J\u00fari e, na maioria das vezes, t\u00eam as drogas como pano de fundo<i>\u201d\u00a0<\/i>alertou a promotora.<\/p>\n<p align=\"justify\">Esta foi a primeira visita do segundo semestre de 2017 como parte do projeto \u201cA Escola no Memorial do MPMA\u201d. Os estudantes do Cintra conheceram o Memorial e foram acompanhados pela coordenadora do 3<sup>\u00ba<\/sup>ano do ensino m\u00e9dio, Vanda Sandes, que parabenizou a iniciativa do MPMA e afirmou: \u201cEu j\u00e1 fui gestora de outras escolas e j\u00e1 conhecia o trabalho dessa campanha de preven\u00e7\u00e3o ao uso de drogas do Minist\u00e9rio P\u00fablico do Maranh\u00e3o. S\u00e3o crian\u00e7as e fam\u00edlias que est\u00e3o sem saber lidar com essa realidade. Essa iniciativa tem sido muito importante porque vem fortalecer as escolas, porque os pr\u00f3prios alunos acabam sendo multiplicadores dessa informa\u00e7\u00e3o\u201d.<\/p>\n<p align=\"justify\">O estudante Juan Vin\u00edcius, que pretende seguir a carreira militar, disse que a palestra foi muito proveitosa. \u201cPercebi que as drogas podem atrapalhar o nosso desenvolvimento, tanto f\u00edsico como mental. Entendi que n\u00e3o devemos ir pela &#8220;onda&#8221; de colegas que algumas vezes incentivam. As consequ\u00eancias do uso das drogas no futuro podem ser muito perigosas\u201d<\/p>\n<p align=\"justify\">O Memorial do MPMA fica localizado na Rua Newton Prado (Montanha Russa), 53, no Centro de S\u00e3o Lu\u00eds. O hor\u00e1rio de visita\u00e7\u00e3o \u00e9 de segunda a sexta-feira, das 8h \u00e0s 15h e a entrada \u00e9 gratuita. As escolas interessadas em participar do projeto podem agendar as visitas pelo telefone 3231-2943.<\/p>\n<p>https:\/\/www.mpma.mp.br\/index.php\/lista-de-noticias-gerais\/11\/13416<\/p>\n<p>&nbsp;<\/p>\n","protected":false},"excerpt":{"rendered":"<p>Estudantes da 3\u00aa s\u00e9rie do Ensino M\u00e9dio do Cintra, localizado no Bairro\u00a0 Anil, visitaram na manh\u00e3 desta ter\u00e7a-feira, 15, a sede do Memorial do Minist\u00e9rio P\u00fablico do Maranh\u00e3o. Os alunos conheceram o espa\u00e7o, cujo acervo re\u00fane vestes, livros, documentos hist\u00f3ricos e galerias de fotos dos membros que fizeram parte da hist\u00f3ria do Minist\u00e9rio P\u00fablico no &hellip; <a href=\"https:\/\/apps.mpma.mp.br\/campanha-contra-drogas\/2017\/08\/17\/mais-um-belo-evento-da-campanha-realizado-no-memorial-do-ministerio-publico-do-maranhao\/\" class=\"more-link\">Continue lendo <span class=\"screen-reader-text\">MAIS UM BELO EVENTO DA CAMPANHA REALIZADO NO MEMORIAL DO MINIST\u00c9RIO P\u00daBLICO DO MARANH\u00c3O<\/span> <span class=\"meta-nav\">&rarr;<\/span><\/a><\/p>\n","protected":false},"author":2,"featured_media":0,"comment_status":"open","ping_status":"open","sticky":false,"template":"","format":"standard","meta":[],"categories":[5],"tags":[7],"_links":{"self":[{"href":"https:\/\/apps.mpma.mp.br\/campanha-contra-drogas\/wp-json\/wp\/v2\/posts\/199"}],"collection":[{"href":"https:\/\/apps.mpma.mp.br\/campanha-contra-drogas\/wp-json\/wp\/v2\/posts"}],"about":[{"href":"https:\/\/apps.mpma.mp.br\/campanha-contra-drogas\/wp-json\/wp\/v2\/types\/post"}],"author":[{"embeddable":true,"href":"https:\/\/apps.mpma.mp.br\/campanha-contra-drogas\/wp-json\/wp\/v2\/users\/2"}],"replies":[{"embeddable":true,"href":"https:\/\/apps.mpma.mp.br\/campanha-contra-drogas\/wp-json\/wp\/v2\/comments?post=199"}],"version-history":[{"count":6,"href":"https:\/\/apps.mpma.mp.br\/campanha-contra-drogas\/wp-json\/wp\/v2\/posts\/199\/revisions"}],"predecessor-version":[{"id":234,"href":"https:\/\/apps.mpma.mp.br\/campanha-contra-drogas\/wp-json\/wp\/v2\/posts\/199\/revisions\/234"}],"wp:attachment":[{"href":"https:\/\/apps.mpma.mp.br\/campanha-contra-drogas\/wp-json\/wp\/v2\/media?parent=199"}],"wp:term":[{"taxonomy":"category","embeddable":true,"href":"https:\/\/apps.mpma.mp.br\/campanha-contra-drogas\/wp-json\/wp\/v2\/categories?post=199"},{"taxonomy":"post_tag","embeddable":true,"href":"https:\/\/apps.mpma.mp.br\/campanha-contra-drogas\/wp-json\/wp\/v2\/tags?post=199"}],"curies":[{"name":"wp","href":"https:\/\/api.w.org\/{rel}","templated":true}]}}