{"id":212,"date":"2017-08-25T10:33:21","date_gmt":"2017-08-25T13:33:21","guid":{"rendered":"http:\/\/apps.mpma.mp.br\/campanha-contra-drogas\/?p=212"},"modified":"2023-07-12T08:11:39","modified_gmt":"2023-07-12T11:11:39","slug":"projeto-quem-escolhe-o-seu-caminho-voce-ou-as-drogas-na-area-itaqui-bacanga-sao-luisma","status":"publish","type":"post","link":"https:\/\/apps.mpma.mp.br\/campanha-contra-drogas\/2017\/08\/25\/projeto-quem-escolhe-o-seu-caminho-voce-ou-as-drogas-na-area-itaqui-bacanga-sao-luisma\/","title":{"rendered":"PROJETO QUEM ESCOLHE O SEU CAMINHO? VOC\u00ca OU AS DROGAS? NA \u00c1REA ITAQUI BACANGA &#8211; S\u00c3O LU\u00cdS\/MA"},"content":{"rendered":"<div id='gallery-1' class='gallery galleryid-212 gallery-columns-3 gallery-size-thumbnail'><figure class='gallery-item'>\n\t\t\t<div class='gallery-icon landscape'>\n\t\t\t\t<a href='https:\/\/apps.mpma.mp.br\/campanha-contra-drogas\/2017\/08\/25\/projeto-quem-escolhe-o-seu-caminho-voce-ou-as-drogas-na-area-itaqui-bacanga-sao-luisma\/img-20170818-wa0032\/'><img width=\"250\" height=\"250\" src=\"https:\/\/apps.mpma.mp.br\/campanha-contra-drogas\/wp-content\/uploads\/2017\/08\/IMG-20170818-WA0032-250x250.jpg\" class=\"attachment-thumbnail size-thumbnail\" alt=\"\" decoding=\"async\" loading=\"lazy\" aria-describedby=\"gallery-1-214\" \/><\/a>\n\t\t\t<\/div>\n\t\t\t\t<figcaption class='wp-caption-text gallery-caption' id='gallery-1-214'>\n\t\t\t\tEscola Ant\u00f4nio Ribeiro da Silva &#8211; \u00c1rea do Itaqui-Bacanga &#8211; S\u00e3o Lu\u00eds\/MA\n\t\t\t\t<\/figcaption><\/figure><figure class='gallery-item'>\n\t\t\t<div class='gallery-icon landscape'>\n\t\t\t\t<a href='https:\/\/apps.mpma.mp.br\/campanha-contra-drogas\/2017\/08\/25\/projeto-quem-escolhe-o-seu-caminho-voce-ou-as-drogas-na-area-itaqui-bacanga-sao-luisma\/img-20170818-wa0033\/'><img width=\"250\" height=\"250\" src=\"https:\/\/apps.mpma.mp.br\/campanha-contra-drogas\/wp-content\/uploads\/2017\/08\/IMG-20170818-WA0033-250x250.jpg\" class=\"attachment-thumbnail size-thumbnail\" alt=\"\" decoding=\"async\" loading=\"lazy\" aria-describedby=\"gallery-1-215\" \/><\/a>\n\t\t\t<\/div>\n\t\t\t\t<figcaption class='wp-caption-text gallery-caption' id='gallery-1-215'>\n\t\t\t\tEscola Ant\u00f4nio Ribeiro da Silva &#8211; \u00c1rea do Itaqui-Bacanga &#8211; S\u00e3o Lu\u00eds\/MA\n\t\t\t\t<\/figcaption><\/figure><figure class='gallery-item'>\n\t\t\t<div class='gallery-icon landscape'>\n\t\t\t\t<a href='https:\/\/apps.mpma.mp.br\/campanha-contra-drogas\/2017\/08\/25\/projeto-quem-escolhe-o-seu-caminho-voce-ou-as-drogas-na-area-itaqui-bacanga-sao-luisma\/img-20170818-wa0038\/'><img width=\"250\" height=\"250\" src=\"https:\/\/apps.mpma.mp.br\/campanha-contra-drogas\/wp-content\/uploads\/2017\/08\/IMG-20170818-WA0038-250x250.jpg\" class=\"attachment-thumbnail size-thumbnail\" alt=\"\" decoding=\"async\" loading=\"lazy\" aria-describedby=\"gallery-1-216\" \/><\/a>\n\t\t\t<\/div>\n\t\t\t\t<figcaption class='wp-caption-text gallery-caption' id='gallery-1-216'>\n\t\t\t\tORGANIZADORES DO PROJETO, PROFISSIONAIS DA EDUCA\u00c7\u00c3O E  CONSELHEIROS DE POL\u00cdTICAS SOBRE DROGAS\n\t\t\t\t<\/figcaption><\/figure><figure class='gallery-item'>\n\t\t\t<div class='gallery-icon landscape'>\n\t\t\t\t<a href='https:\/\/apps.mpma.mp.br\/campanha-contra-drogas\/2017\/08\/25\/projeto-quem-escolhe-o-seu-caminho-voce-ou-as-drogas-na-area-itaqui-bacanga-sao-luisma\/img-20170825-wa0003\/'><img width=\"250\" height=\"250\" src=\"https:\/\/apps.mpma.mp.br\/campanha-contra-drogas\/wp-content\/uploads\/2017\/08\/IMG-20170825-WA0003-250x250.jpg\" class=\"attachment-thumbnail size-thumbnail\" alt=\"\" decoding=\"async\" loading=\"lazy\" aria-describedby=\"gallery-1-218\" \/><\/a>\n\t\t\t<\/div>\n\t\t\t\t<figcaption class='wp-caption-text gallery-caption' id='gallery-1-218'>\n\t\t\t\tORGANIZADORES DO EVENTO\n\t\t\t\t<\/figcaption><\/figure><figure class='gallery-item'>\n\t\t\t<div class='gallery-icon landscape'>\n\t\t\t\t<a href='https:\/\/apps.mpma.mp.br\/campanha-contra-drogas\/2017\/08\/25\/projeto-quem-escolhe-o-seu-caminho-voce-ou-as-drogas-na-area-itaqui-bacanga-sao-luisma\/img-20170818-wa0046\/'><img width=\"250\" height=\"250\" src=\"https:\/\/apps.mpma.mp.br\/campanha-contra-drogas\/wp-content\/uploads\/2017\/08\/IMG-20170818-WA0046-250x250.jpg\" class=\"attachment-thumbnail size-thumbnail\" alt=\"\" decoding=\"async\" loading=\"lazy\" aria-describedby=\"gallery-1-217\" \/><\/a>\n\t\t\t<\/div>\n\t\t\t\t<figcaption class='wp-caption-text gallery-caption' id='gallery-1-217'>\n\t\t\t\tEscola Ant\u00f4nio Ribeiro da Silva &#8211; \u00c1rea do Itaqui-Bacanga &#8211; S\u00e3o Lu\u00eds\/MA\n\t\t\t\t<\/figcaption><\/figure><figure class='gallery-item'>\n\t\t\t<div class='gallery-icon portrait'>\n\t\t\t\t<a href='https:\/\/apps.mpma.mp.br\/campanha-contra-drogas\/2017\/08\/25\/projeto-quem-escolhe-o-seu-caminho-voce-ou-as-drogas-na-area-itaqui-bacanga-sao-luisma\/img-20170817-wa0003-1\/'><img width=\"250\" height=\"250\" src=\"https:\/\/apps.mpma.mp.br\/campanha-contra-drogas\/wp-content\/uploads\/2017\/08\/IMG-20170817-WA0003-1-250x250.jpg\" class=\"attachment-thumbnail size-thumbnail\" alt=\"\" decoding=\"async\" loading=\"lazy\" aria-describedby=\"gallery-1-213\" \/><\/a>\n\t\t\t<\/div>\n\t\t\t\t<figcaption class='wp-caption-text gallery-caption' id='gallery-1-213'>\n\t\t\t\tNa organiza\u00e7\u00e3o deste evento, Filipe Rodrigo L. Martins e a Professora Socorro, Coordenadora de Educa\u00e7\u00e3o da Escola Ant\u00f4nio Ribeiro da Silva, em reuni\u00e3o.\n\t\t\t\t<\/figcaption><\/figure>\n\t\t<\/div>\n\n<p style=\"text-align: justify;\">O Audit\u00f3rio do Centro de Ci\u00eancias Humanas-CCH da Universidade Federal do Maranh\u00e3o \u2013 UFMA, recebeu na manh\u00e3 dessa ter\u00e7a-feira, dia 22 de agosto de 2017, as atividades da Campanha Institucional do Minist\u00e9rio P\u00fablico do Estado do Maranh\u00e3o, intitulada QUEM ESCOLHE O SEU CAMINHO? VOC\u00ca OU AS DROGAS? dirigidas para os alunos da Escola Estadual Ant\u00f4nio Ribeiro da Silva, localizada na \u00c1rea Itaqui-Bacanga, nesta Capital.<\/p>\n<p style=\"text-align: justify;\">A primeira atividade contou com a participa\u00e7\u00e3o da Coordenadora desta Campanha em S\u00e3o Lu\u00eds, a Promotora de Justi\u00e7a Cristiane Gomes Coelho Maia Lago, que ministrou uma palestra sobre preven\u00e7\u00e3o \u00e0s drogas para um p\u00fablico infato-juvenil de 125 (cento e vinte cinco) alunos.<\/p>\n<p style=\"text-align: justify;\">Durante esse final de ano letivo, a Escola realizar\u00e1 oficinas de desenhos, poesias, teatro, esporte, e outras atividades art\u00edsticas, culturais e esportivas, visando a produ\u00e7\u00e3o de textos e desenhos que ser\u00e3o premiados em outro momento no espa\u00e7o escolar, quando os alunos poder\u00e3o apresentar os resultados de todas as oficinas realizadas, sempre com a tem\u00e1tica voltada para a preven\u00e7\u00e3o ao uso indevido de drogas.<\/p>\n<p style=\"text-align: justify;\">Todas as atividades ser\u00e3o organizadas pelo Conselho Escolar sobre Drogas daquela Unidade de Ensino, que j\u00e1 foi instalado, em parceria com o Gr\u00eamio da Escola e com a Dire\u00e7\u00e3o, que tem a Professora Regina C\u00e9lia como Gestora. A Coordenadora da Escola, Professora Socorro, e o aluno Jo\u00e3o V\u00edctor, integrante do Conselho Escolar sobre Drogas, enfatizaram a import\u00e2ncia do desenvolvimento dessa Campanha no espa\u00e7o escolar, considerando que funcionar\u00e1 como instrumento de transforma\u00e7\u00e3o da realidade escolar e do seu entorno no que concerne \u00e0 forma de compreens\u00e3o dos problemas advindos do consumo de drogas e o papel da escola na preven\u00e7\u00e3o ao uso indevido de drogas, possibilitando encontrar alternativas para o enfrentamento dessa realidade que aflige toda a comunidade escolar.<\/p>\n<p style=\"text-align: justify;\">A Escola Estadual Ant\u00f4nio Ribeiro da Silva recebeu o SELO ESCOLA CONSCIENTE, entregue pelo Governo do Estado do Maranh\u00e3o, por meio da Secretaria Estadual de Educa\u00e7\u00e3o, considerando que seu Conselho Escolar sobre Drogas j\u00e1 est\u00e1 funcionando de forma efetiva.<\/p>\n<p style=\"text-align: justify;\">No encerramento das atividades, os alunos vencedores dos concursos de desenhos e poesias realizados ser\u00e3o premiados com kits educativos e com uma visita ao Minist\u00e9rio P\u00fablico Estadual para conhecer de perto o trabalho de um Promotor de Justi\u00e7a.<\/p>\n","protected":false},"excerpt":{"rendered":"<p>O Audit\u00f3rio do Centro de Ci\u00eancias Humanas-CCH da Universidade Federal do Maranh\u00e3o \u2013 UFMA, recebeu na manh\u00e3 dessa ter\u00e7a-feira, dia 22 de agosto de 2017, as atividades da Campanha Institucional do Minist\u00e9rio P\u00fablico do Estado do Maranh\u00e3o, intitulada QUEM ESCOLHE O SEU CAMINHO? VOC\u00ca OU AS DROGAS? dirigidas para os alunos da Escola Estadual Ant\u00f4nio &hellip; <a href=\"https:\/\/apps.mpma.mp.br\/campanha-contra-drogas\/2017\/08\/25\/projeto-quem-escolhe-o-seu-caminho-voce-ou-as-drogas-na-area-itaqui-bacanga-sao-luisma\/\" class=\"more-link\">Continue lendo <span class=\"screen-reader-text\">PROJETO QUEM ESCOLHE O SEU CAMINHO? VOC\u00ca OU AS DROGAS? NA \u00c1REA ITAQUI BACANGA &#8211; S\u00c3O LU\u00cdS\/MA<\/span> <span class=\"meta-nav\">&rarr;<\/span><\/a><\/p>\n","protected":false},"author":2,"featured_media":0,"comment_status":"open","ping_status":"open","sticky":false,"template":"","format":"standard","meta":[],"categories":[5],"tags":[7],"_links":{"self":[{"href":"https:\/\/apps.mpma.mp.br\/campanha-contra-drogas\/wp-json\/wp\/v2\/posts\/212"}],"collection":[{"href":"https:\/\/apps.mpma.mp.br\/campanha-contra-drogas\/wp-json\/wp\/v2\/posts"}],"about":[{"href":"https:\/\/apps.mpma.mp.br\/campanha-contra-drogas\/wp-json\/wp\/v2\/types\/post"}],"author":[{"embeddable":true,"href":"https:\/\/apps.mpma.mp.br\/campanha-contra-drogas\/wp-json\/wp\/v2\/users\/2"}],"replies":[{"embeddable":true,"href":"https:\/\/apps.mpma.mp.br\/campanha-contra-drogas\/wp-json\/wp\/v2\/comments?post=212"}],"version-history":[{"count":4,"href":"https:\/\/apps.mpma.mp.br\/campanha-contra-drogas\/wp-json\/wp\/v2\/posts\/212\/revisions"}],"predecessor-version":[{"id":222,"href":"https:\/\/apps.mpma.mp.br\/campanha-contra-drogas\/wp-json\/wp\/v2\/posts\/212\/revisions\/222"}],"wp:attachment":[{"href":"https:\/\/apps.mpma.mp.br\/campanha-contra-drogas\/wp-json\/wp\/v2\/media?parent=212"}],"wp:term":[{"taxonomy":"category","embeddable":true,"href":"https:\/\/apps.mpma.mp.br\/campanha-contra-drogas\/wp-json\/wp\/v2\/categories?post=212"},{"taxonomy":"post_tag","embeddable":true,"href":"https:\/\/apps.mpma.mp.br\/campanha-contra-drogas\/wp-json\/wp\/v2\/tags?post=212"}],"curies":[{"name":"wp","href":"https:\/\/api.w.org\/{rel}","templated":true}]}}