{"id":235,"date":"2017-09-01T09:12:28","date_gmt":"2017-09-01T12:12:28","guid":{"rendered":"http:\/\/apps.mpma.mp.br\/campanha-contra-drogas\/?p=235"},"modified":"2023-07-12T08:11:39","modified_gmt":"2023-07-12T11:11:39","slug":"campanha-maranhao-na-prevencao-as-drogas-e-apresentada-pelo-ministerio-publico-do-estado-do-maranhao-na-camara-federal-em-brasiliadf","status":"publish","type":"post","link":"https:\/\/apps.mpma.mp.br\/campanha-contra-drogas\/2017\/09\/01\/campanha-maranhao-na-prevencao-as-drogas-e-apresentada-pelo-ministerio-publico-do-estado-do-maranhao-na-camara-federal-em-brasiliadf\/","title":{"rendered":"Campanha \u201cMaranh\u00e3o na Preven\u00e7\u00e3o \u00e0s Drogas\u201d \u00e9 apresentada pelo Minist\u00e9rio P\u00fablico do Estado do Maranh\u00e3o na C\u00e2mara Federal, em Bras\u00edlia\/DF"},"content":{"rendered":"<div id='gallery-1' class='gallery galleryid-235 gallery-columns-3 gallery-size-thumbnail'><figure class='gallery-item'>\n\t\t\t<div class='gallery-icon landscape'>\n\t\t\t\t<a href='https:\/\/apps.mpma.mp.br\/campanha-contra-drogas\/2017\/09\/01\/campanha-maranhao-na-prevencao-as-drogas-e-apresentada-pelo-ministerio-publico-do-estado-do-maranhao-na-camara-federal-em-brasiliadf\/brasilia_2\/'><img width=\"250\" height=\"250\" src=\"https:\/\/apps.mpma.mp.br\/campanha-contra-drogas\/wp-content\/uploads\/2017\/09\/Bras\u00edlia_2-250x250.jpg\" class=\"attachment-thumbnail size-thumbnail\" alt=\"\" decoding=\"async\" loading=\"lazy\" aria-describedby=\"gallery-1-236\" \/><\/a>\n\t\t\t<\/div>\n\t\t\t\t<figcaption class='wp-caption-text gallery-caption' id='gallery-1-236'>\n\t\t\t\tAPRESENTA\u00c7\u00c3O DO PROJETO NA C\u00c2MARA FEDERAL, EM BRAS\u00cdLIA\n\t\t\t\t<\/figcaption><\/figure><figure class='gallery-item'>\n\t\t\t<div class='gallery-icon landscape'>\n\t\t\t\t<a href='https:\/\/apps.mpma.mp.br\/campanha-contra-drogas\/2017\/09\/01\/campanha-maranhao-na-prevencao-as-drogas-e-apresentada-pelo-ministerio-publico-do-estado-do-maranhao-na-camara-federal-em-brasiliadf\/brasilia_1\/'><img width=\"250\" height=\"250\" src=\"https:\/\/apps.mpma.mp.br\/campanha-contra-drogas\/wp-content\/uploads\/2017\/09\/Brasilia_1-250x250.jpeg\" class=\"attachment-thumbnail size-thumbnail\" alt=\"\" decoding=\"async\" loading=\"lazy\" aria-describedby=\"gallery-1-237\" \/><\/a>\n\t\t\t<\/div>\n\t\t\t\t<figcaption class='wp-caption-text gallery-caption' id='gallery-1-237'>\n\t\t\t\tAPRESENTA\u00c7\u00c3O DO PROJETO NA C\u00c2MARA FEDERAL, EM BRAS\u00cdLIA\n\t\t\t\t<\/figcaption><\/figure>\n\t\t<\/div>\n\n<p align=\"left\"><span style=\"color: #000000;\"><span style=\"font-family: Arial, sans-serif;\">A<\/span><\/span><span style=\"color: #000000;\"><span style=\"font-family: Arial, sans-serif;\">s Promotoras de\u00a0Justi\u00e7a Cristiane Gomes Coelho Maia Lago e Sandra Fagundes Garcia apresentaram, ao lado\u00a0<\/span><\/span><span style=\"color: #000000;\"><span style=\"font-family: Arial, sans-serif;\">dos representantes do C<\/span><\/span><span style=\"color: #000000;\"><span style=\"font-family: Arial, sans-serif;\">omit\u00ea Estadual de Preven\u00e7\u00e3o \u00e0s Drogas e\u00a0<\/span><\/span><span style=\"color: #000000;\"><span style=\"font-family: Arial, sans-serif;\">da Deputada Dederal Elizi<\/span><\/span><span style=\"color: #000000;\"><span style=\"font-family: Arial, sans-serif;\">ane Gama, na C\u00e2mara de Deputados, em Bras\u00edlia, a campanha \u201cMaranh\u00e3o na Preven\u00e7\u00e3o \u00e0s Drogas\u201d, em evento ocorrido em 30 de agosto do corrente ano.<\/span><\/span><\/p>\n<p align=\"left\"><span style=\"color: #000000;\"><span style=\"font-family: Arial, sans-serif;\">O programa, organizado\u00a0pelo Comit\u00ea Estadual de Preven\u00e7\u00e3o \u00e0s Drogas, integrado pelo Minist\u00e9rio P\u00fablico do Maranh\u00e3o,\u00a0Tribunal de Justi\u00e7a\u00a0Poder Legislativo\u00a0e Pol\u00edcia Rodovi\u00e1ria Federal,\u00a0est\u00e1 em pleno andamento e j\u00e1 chegou a 64 munic\u00edpios maranhenses.<\/span><\/span><\/p>\n<p align=\"left\"><span style=\"color: #000000;\"><span style=\"font-family: Arial, sans-serif;\">As Promotoras de\u00a0Justi\u00e7a a<\/span><\/span><span style=\"color: #000000;\"><span style=\"font-family: Arial, sans-serif;\">presenta<\/span><\/span><span style=\"color: #000000;\"><span style=\"font-family: Arial, sans-serif;\">ram o formato, objetivos e alguns dos resultados j\u00e1 obtidos pel<\/span><\/span><span style=\"color: #000000;\"><span style=\"font-family: Arial, sans-serif;\">a campanha<\/span><\/span><span style=\"color: #000000;\"><span style=\"font-family: Arial, sans-serif;\">\u00a0<\/span><\/span><span style=\"color: #000000;\"><span style=\"font-family: Arial, sans-serif;\">\u00e0\u00a0<\/span><\/span><em><span style=\"color: #000000;\"><span style=\"font-family: Arial, sans-serif;\">Comiss\u00e3o Externa\u00a0<\/span><\/span><\/em><span style=\"color: #000000;\"><span style=\"font-family: Arial, sans-serif;\">destinada a\u00a0<\/span><\/span><em><span style=\"color: #000000;\"><span style=\"font-family: Arial, sans-serif;\">avaliar\u00a0<\/span><\/span><\/em><span style=\"color: #000000;\"><span style=\"font-family: Arial, sans-serif;\">a situa\u00e7\u00e3o de\u00a0<\/span><\/span><em><span style=\"color: #000000;\"><span style=\"font-family: Arial, sans-serif;\">consumo de drogas entre jovens no Brasil,\u00a0<\/span><\/span><\/em><span style=\"color: #000000;\"><span style=\"font-family: Arial, sans-serif;\">coordenad<\/span><\/span><span style=\"color: #000000;\"><span style=\"font-family: Arial, sans-serif;\">a<\/span><\/span><span style=\"color: #000000;\"><span style=\"font-family: Arial, sans-serif;\">\u00a0pela Deputada Federal Eliziane Gama.<\/span><\/span><\/p>\n<p align=\"left\"><span style=\"color: #000000;\"><span style=\"font-family: Arial, sans-serif;\">Uma das finalidades \u00e9 a implementa\u00e7\u00e3o de pol\u00edticas municipais sobre drogas, por meio da aprova\u00e7\u00e3o das leis referentes ao Conselho Municipal sobre Drogas, Fundo Municipal sobre Drogas e Conselho escolar sobre Drogas.<\/span><\/span><\/p>\n<p align=\"left\"><span style=\"color: #000000;\"><span style=\"font-family: Arial, sans-serif;\"><span style=\"color: #000000;\"><span style=\"font-family: Arial, sans-serif;\">Promotora de\u00a0Justi\u00e7a\u00a0<\/span><\/span><span style=\"color: #000000;\"><span style=\"font-family: Arial, sans-serif;\">Cristiane Lago, explica:<\/span><\/span> \u201cTodas as escolas do estado e dos munic\u00edpios devem ter um conselho para discutir e propor programas de preven\u00e7\u00e3o e acompanhamento de casos no ambiente escolar, mediando as quest\u00f5es com o Poder P\u00fablico\u201d.<\/span><\/span><\/p>\n<p align=\"left\"><span style=\"color: #000000;\"><span style=\"font-family: Arial, sans-serif;\">A representante do MPMA acrescentou que dos 64 munic\u00edpios maranhenses, cujos prefeitos e presidentes da C\u00e2mara de Vereadores assinaram o termo de compromisso de ades\u00e3o\u00a0<\/span><\/span><span style=\"color: #000000;\"><span style=\"font-family: Arial, sans-serif;\">ao programa<\/span><\/span><span style=\"color: #000000;\"><span style=\"font-family: Arial, sans-serif;\">, muitos j\u00e1 aprovaram as referidas leis destinadas \u00e0 preven\u00e7\u00e3o \u00e0s drogas e em outros os projetos de lei est\u00e3o em tramita\u00e7<\/span><\/span><span style=\"color: #000000;\"><span style=\"font-family: Arial, sans-serif;\">\u00e3o.<\/span><\/span><\/p>\n<p align=\"left\"><span style=\"color: #000000;\"><span style=\"font-family: Arial, sans-serif;\">A Promotora de Justi\u00e7a Sandra Fagundes destacou a import\u00e2ncia\u00a0<\/span><\/span><span style=\"color: #000000;\"><span style=\"font-family: Arial, sans-serif;\">das parcerias institucionais<\/span><\/span><span style=\"color: #000000;\"><span style=\"font-family: Arial, sans-serif;\">\u00a0e a participa\u00e7\u00e3o da sociedade. \u201cN<\/span><\/span><span style=\"color: #000000;\"><span style=\"font-family: Arial, sans-serif;\">a maioria dos j\u00faris que fazemos, os r\u00e9us est\u00e3o ali porque se envolveram de alguma forma com drogas. Por isso, \u00e9 preciso captar recursos e mobilizar a\u00e7\u00f5es junto com a sociedade para reverter este quadro. A parceria entre as institui\u00e7\u00f5es amplia o alcance da campanha e maximiza os resultados\u201d, afirmou.<\/span><\/span><\/p>\n<p align=\"left\"><span style=\"color: #000000;\"><span style=\"font-family: Arial, sans-serif;\">Sandra Fagundes<\/span><\/span><span style=\"color: #000000;\"><span style=\"font-family: Arial, sans-serif;\">\u00a0ressaltou,\u00a0<\/span><\/span><span style=\"color: #000000;\"><span style=\"font-family: Arial, sans-serif;\">ainda,<\/span><\/span><span style=\"color: #000000;\"><span style=\"font-family: Arial, sans-serif;\">\u00a0que uma outra\u00a0<\/span><\/span><span style=\"color: #000000;\"><span style=\"font-family: Arial, sans-serif;\">e importante\u00a0<\/span><\/span><span style=\"color: #000000;\"><span style=\"font-family: Arial, sans-serif;\">conquista da campanha no Maranh\u00e3o foi a reativa\u00e7\u00e3o do Conselho Estadual sobre Drogas, formado por 11 membros eleitos, sendo cinco da sociedade civil e seis de institui\u00e7\u00f5es do Poder P\u00fablico.<\/span><\/span><\/p>\n<p align=\"left\"><span style=\"color: #000000;\"><span style=\"font-family: Arial, sans-serif;\">Outro assunto apresentado em Bras\u00edlia foram os detalhes da campanha do MPMA, \u201cQuem escolhe o seu caminho, voc\u00ea ou as drogas?\u201d, idealizada pela promotora de justi\u00e7a Cristiane Maia Lago. \u201c<\/span><\/span><span style=\"color: #000000;\"><span style=\"font-family: Arial, sans-serif;\">Apresentamos os detalhes das a\u00e7\u00f5es de preven\u00e7\u00e3o \u00e0s drogas com o objetivo tamb\u00e9m de servirem de exemplo para outros estados do Brasil. Afinal, o problema \u00e9 um dos mais graves que afligem o pa\u00eds\u201d, concluiu.<\/span><\/span><\/p>\n","protected":false},"excerpt":{"rendered":"<p>As Promotoras de\u00a0Justi\u00e7a Cristiane Gomes Coelho Maia Lago e Sandra Fagundes Garcia apresentaram, ao lado\u00a0dos representantes do Comit\u00ea Estadual de Preven\u00e7\u00e3o \u00e0s Drogas e\u00a0da Deputada Dederal Eliziane Gama, na C\u00e2mara de Deputados, em Bras\u00edlia, a campanha \u201cMaranh\u00e3o na Preven\u00e7\u00e3o \u00e0s Drogas\u201d, em evento ocorrido em 30 de agosto do corrente ano. O programa, organizado\u00a0pelo Comit\u00ea &hellip; <a href=\"https:\/\/apps.mpma.mp.br\/campanha-contra-drogas\/2017\/09\/01\/campanha-maranhao-na-prevencao-as-drogas-e-apresentada-pelo-ministerio-publico-do-estado-do-maranhao-na-camara-federal-em-brasiliadf\/\" class=\"more-link\">Continue lendo <span class=\"screen-reader-text\">Campanha \u201cMaranh\u00e3o na Preven\u00e7\u00e3o \u00e0s Drogas\u201d \u00e9 apresentada pelo Minist\u00e9rio P\u00fablico do Estado do Maranh\u00e3o na C\u00e2mara Federal, em Bras\u00edlia\/DF<\/span> <span class=\"meta-nav\">&rarr;<\/span><\/a><\/p>\n","protected":false},"author":2,"featured_media":0,"comment_status":"open","ping_status":"open","sticky":false,"template":"","format":"standard","meta":[],"categories":[5],"tags":[7],"_links":{"self":[{"href":"https:\/\/apps.mpma.mp.br\/campanha-contra-drogas\/wp-json\/wp\/v2\/posts\/235"}],"collection":[{"href":"https:\/\/apps.mpma.mp.br\/campanha-contra-drogas\/wp-json\/wp\/v2\/posts"}],"about":[{"href":"https:\/\/apps.mpma.mp.br\/campanha-contra-drogas\/wp-json\/wp\/v2\/types\/post"}],"author":[{"embeddable":true,"href":"https:\/\/apps.mpma.mp.br\/campanha-contra-drogas\/wp-json\/wp\/v2\/users\/2"}],"replies":[{"embeddable":true,"href":"https:\/\/apps.mpma.mp.br\/campanha-contra-drogas\/wp-json\/wp\/v2\/comments?post=235"}],"version-history":[{"count":1,"href":"https:\/\/apps.mpma.mp.br\/campanha-contra-drogas\/wp-json\/wp\/v2\/posts\/235\/revisions"}],"predecessor-version":[{"id":238,"href":"https:\/\/apps.mpma.mp.br\/campanha-contra-drogas\/wp-json\/wp\/v2\/posts\/235\/revisions\/238"}],"wp:attachment":[{"href":"https:\/\/apps.mpma.mp.br\/campanha-contra-drogas\/wp-json\/wp\/v2\/media?parent=235"}],"wp:term":[{"taxonomy":"category","embeddable":true,"href":"https:\/\/apps.mpma.mp.br\/campanha-contra-drogas\/wp-json\/wp\/v2\/categories?post=235"},{"taxonomy":"post_tag","embeddable":true,"href":"https:\/\/apps.mpma.mp.br\/campanha-contra-drogas\/wp-json\/wp\/v2\/tags?post=235"}],"curies":[{"name":"wp","href":"https:\/\/api.w.org\/{rel}","templated":true}]}}