{"id":242,"date":"2017-11-29T16:16:04","date_gmt":"2017-11-29T18:16:04","guid":{"rendered":"http:\/\/apps.mpma.mp.br\/campanha-contra-drogas\/?p=242"},"modified":"2023-07-12T08:11:39","modified_gmt":"2023-07-12T11:11:39","slug":"lancamento-do-livro-da-campanha","status":"publish","type":"post","link":"https:\/\/apps.mpma.mp.br\/campanha-contra-drogas\/2017\/11\/29\/lancamento-do-livro-da-campanha\/","title":{"rendered":"LAN\u00c7AMENTO DO LIVRO DA CAMPANHA"},"content":{"rendered":"<div id='gallery-1' class='gallery galleryid-242 gallery-columns-3 gallery-size-thumbnail'><figure class='gallery-item'>\n\t\t\t<div class='gallery-icon landscape'>\n\t\t\t\t<a href='https:\/\/apps.mpma.mp.br\/campanha-contra-drogas\/2017\/11\/29\/lancamento-do-livro-da-campanha\/escolas\/'><img width=\"250\" height=\"250\" src=\"https:\/\/apps.mpma.mp.br\/campanha-contra-drogas\/wp-content\/uploads\/2017\/11\/Escolas-250x250.jpg\" class=\"attachment-thumbnail size-thumbnail\" alt=\"\" decoding=\"async\" loading=\"lazy\" aria-describedby=\"gallery-1-243\" \/><\/a>\n\t\t\t<\/div>\n\t\t\t\t<figcaption class='wp-caption-text gallery-caption' id='gallery-1-243'>\n\t\t\t\tLAN\u00c7AMENTO DO LIVRO\n\t\t\t\t<\/figcaption><\/figure><figure class='gallery-item'>\n\t\t\t<div class='gallery-icon landscape'>\n\t\t\t\t<a href='https:\/\/apps.mpma.mp.br\/campanha-contra-drogas\/2017\/11\/29\/lancamento-do-livro-da-campanha\/lancamento_01\/'><img width=\"250\" height=\"250\" src=\"https:\/\/apps.mpma.mp.br\/campanha-contra-drogas\/wp-content\/uploads\/2017\/11\/lan\u00e7amento_01-250x250.jpg\" class=\"attachment-thumbnail size-thumbnail\" alt=\"\" decoding=\"async\" loading=\"lazy\" aria-describedby=\"gallery-1-244\" \/><\/a>\n\t\t\t<\/div>\n\t\t\t\t<figcaption class='wp-caption-text gallery-caption' id='gallery-1-244'>\n\t\t\t\tLAN\u00c7AMENTO DO LIVRO\n\t\t\t\t<\/figcaption><\/figure><figure class='gallery-item'>\n\t\t\t<div class='gallery-icon landscape'>\n\t\t\t\t<a href='https:\/\/apps.mpma.mp.br\/campanha-contra-drogas\/2017\/11\/29\/lancamento-do-livro-da-campanha\/lancamento_03\/'><img width=\"250\" height=\"250\" src=\"https:\/\/apps.mpma.mp.br\/campanha-contra-drogas\/wp-content\/uploads\/2017\/11\/lan\u00e7amento_03-250x250.jpg\" class=\"attachment-thumbnail size-thumbnail\" alt=\"\" decoding=\"async\" loading=\"lazy\" aria-describedby=\"gallery-1-246\" \/><\/a>\n\t\t\t<\/div>\n\t\t\t\t<figcaption class='wp-caption-text gallery-caption' id='gallery-1-246'>\n\t\t\t\tLAN\u00c7AMENTO DO LIVRO\n\t\t\t\t<\/figcaption><\/figure><figure class='gallery-item'>\n\t\t\t<div class='gallery-icon landscape'>\n\t\t\t\t<a href='https:\/\/apps.mpma.mp.br\/campanha-contra-drogas\/2017\/11\/29\/lancamento-do-livro-da-campanha\/lancamento_04\/'><img width=\"250\" height=\"250\" src=\"https:\/\/apps.mpma.mp.br\/campanha-contra-drogas\/wp-content\/uploads\/2017\/11\/lan\u00e7amento_04-250x250.jpg\" class=\"attachment-thumbnail size-thumbnail\" alt=\"\" decoding=\"async\" loading=\"lazy\" aria-describedby=\"gallery-1-247\" \/><\/a>\n\t\t\t<\/div>\n\t\t\t\t<figcaption class='wp-caption-text gallery-caption' id='gallery-1-247'>\n\t\t\t\tLAN\u00c7AMENTO DO LIVRO\n\t\t\t\t<\/figcaption><\/figure><figure class='gallery-item'>\n\t\t\t<div class='gallery-icon landscape'>\n\t\t\t\t<a href='https:\/\/apps.mpma.mp.br\/campanha-contra-drogas\/2017\/11\/29\/lancamento-do-livro-da-campanha\/lancamento_05\/'><img width=\"250\" height=\"250\" src=\"https:\/\/apps.mpma.mp.br\/campanha-contra-drogas\/wp-content\/uploads\/2017\/11\/lan\u00e7amento_05-250x250.jpg\" class=\"attachment-thumbnail size-thumbnail\" alt=\"\" decoding=\"async\" loading=\"lazy\" aria-describedby=\"gallery-1-248\" \/><\/a>\n\t\t\t<\/div>\n\t\t\t\t<figcaption class='wp-caption-text gallery-caption' id='gallery-1-248'>\n\t\t\t\tLAN\u00c7AMENTO DO LIVRO\n\t\t\t\t<\/figcaption><\/figure><figure class='gallery-item'>\n\t\t\t<div class='gallery-icon landscape'>\n\t\t\t\t<a href='https:\/\/apps.mpma.mp.br\/campanha-contra-drogas\/2017\/11\/29\/lancamento-do-livro-da-campanha\/lancamento_07\/'><img width=\"250\" height=\"250\" src=\"https:\/\/apps.mpma.mp.br\/campanha-contra-drogas\/wp-content\/uploads\/2017\/11\/lan\u00e7amento_07-250x250.jpg\" class=\"attachment-thumbnail size-thumbnail\" alt=\"\" decoding=\"async\" loading=\"lazy\" aria-describedby=\"gallery-1-249\" \/><\/a>\n\t\t\t<\/div>\n\t\t\t\t<figcaption class='wp-caption-text gallery-caption' id='gallery-1-249'>\n\t\t\t\tLAN\u00c7AMENTO DO LIVRO\n\t\t\t\t<\/figcaption><\/figure>\n\t\t<\/div>\n\n<p style=\"text-align: left;\">Foi lan\u00e7ado na manh\u00e3 do dia\u00a020 de outubro de 2017, no audit\u00f3rio da Procuradoria Geral de Justi\u00e7a, o livro \u201cQuem escolhe o seu caminho? Voc\u00ea ou as drogas? &#8211; poesias e desenhos reunidos\u201d, que re\u00fane poemas e ilustra\u00e7\u00f5es feitos por alunos de escolas das redes p\u00fablicas municipal e estadual, premiados nas edi\u00e7\u00f5es de 2014 e 2015 da campanha hom\u00f4nima de preven\u00e7\u00e3o \u00e0s drogas, promovida pelo Minist\u00e9rio P\u00fablico do Maranh\u00e3o.<\/p>\n<p>Autoridades do MPMA e de institui\u00e7\u00f5es parceiras, al\u00e9m de estudantes, gestores e professores compareceram \u00e0 solenidade.<\/p>\n<p>Com 99 p\u00e1ginas, a publica\u00e7\u00e3o tem como autores 72 alunos de 13 escolas municipais e estaduais.<\/p>\n<p>Criada h\u00e1 quatro anos pela Promotora de Justi\u00e7a Cristiane Gomes Coelho Maia Lago, titular da 11\u00aa Promotoria de Justi\u00e7a de Substitui\u00e7\u00e3o Plena de S\u00e3o Lu\u00eds, a campanha \u201cQuem escolhe o seu caminho? Voc\u00ea ou as drogas?\u201d tem o objetivo de alertar crian\u00e7as e jovens para os problemas decorrentes do uso de entorpecentes.<\/p>\n<p>O programa \u00e9 direcionado a estudantes das redes p\u00fablicas de ensino. Palestras, debates e concursos de poesia e desenho s\u00e3o as principais atividades da campanha. Al\u00e9m de S\u00e3o Lu\u00eds, a a\u00e7\u00e3o j\u00e1 foi implementada em outros munic\u00edpios do Maranh\u00e3o, como Imperatriz e A\u00e7ail\u00e2ndia.<\/p>\n<p>No lan\u00e7amento, Cristiane Lago comentou sobre o conte\u00fado do livro, ressaltando que o objetivo da campanha \u00e9 provocar uma reflex\u00e3o sobre as consequ\u00eancias do uso de drogas e que o resultado tem sido muito positivo. \u201cEstes trabalhos, contidos no livro, demonstram que nossas crian\u00e7as e jovens podem ser protagonistas de hist\u00f3rias vitoriosas. Acreditamos que a preven\u00e7\u00e3o nas escolas \u00e9 menos traum\u00e1tica e menos onerosa do que o tratamento posterior\u201d, completou.<\/p>\n<p>A Promotora de Justi\u00e7a tamb\u00e9m agradeceu e destacou o empenho das escolas, institui\u00e7\u00f5es e entidades parceiras do projeto. \u201cGostaria de ressaltar que todas as institui\u00e7\u00f5es envolvidas est\u00e3o de bra\u00e7os abertos para voc\u00eas, para que ningu\u00e9m se envolva com drogas\u201d, ressaltou.<\/p>\n<p>Representando a Associa\u00e7\u00e3o do Minist\u00e9rio P\u00fablico do Estado do Maranh\u00e3o (Ampem), o Promotor de Justi\u00e7a Gilberto C\u00e2mara Fran\u00e7a J\u00fanior enalteceu o teor preventivo da campanha, como forma de conscientiza\u00e7\u00e3o dos jovens para a diminui\u00e7\u00e3o do uso de drogas e da viol\u00eancia na sociedade. \u201cNa atualidade, a maioria dos crimes cometidos est\u00e3o relacionados ao uso ou tr\u00e1fico de drogas. As oportunidades s\u00e3o poucas e as tenta\u00e7\u00f5es s\u00e3o muitas\u201d, alertou.<\/p>\n<p>Como representante do Procurador-geral de Justi\u00e7a, Luiz Gonzaga Martins Coelho, o diretor da secretaria para Assuntos Institucionais, Promotor de Justi\u00e7a Marco Antonio Amorim, igualmente comentou sobre a import\u00e2ncia do molde preventivo da campanha. \u201cAs pessoas hoje em dia est\u00e3o com receio de sair de casa com medo da viol\u00eancia e a droga tem rela\u00e7\u00e3o direta com este problema. Por isso, a colega Cristiane\u00a0Lago foi muito feliz em escolher atuar na preven\u00e7\u00e3o\u201d. Ele tamb\u00e9m destacou o apoio no desenvolvimento do trabalho. \u201cO procurador-geral de justi\u00e7a, desde o in\u00edcio, apoiou a iniciativa e institucionalizou a campanha, dando todo o suporte para que fosse o sucesso que estamos presenciando.\u201d<\/p>\n<p>O secret\u00e1rio municipal de educa\u00e7\u00e3o, Moacir Feitosa, parabenizou os estudantes que participaram do projeto e destacou a import\u00e2ncia do trabalho do professor para a transforma\u00e7\u00e3o da sociedade, incluindo na preven\u00e7\u00e3o das drogas. \u201cN\u00f3s sabemos que este caminho \u00e9 pernicioso tanto para quem usa, que adoece, quanto para quem entra pro tr\u00e1fico. Por isso, eu afirmo: quem escolhe o seu caminho \u00e9 voc\u00ea e n\u00e3o as drogas\u201d.<\/p>\n<p>Alertando sobre o aumento dos crimes relacionados ao consumo e venda de drogas no Brasil, o secret\u00e1rio nacional da juventude, Francisco de Assis Silva Filho, parabenizou o trabalho desenvolvido pelo Minist\u00e9rio P\u00fablico de conscientizar estudantes das escolas p\u00fablicas. \u201cSem d\u00favida, a preven\u00e7\u00e3o \u00e9 melhor que a repress\u00e3o\u201d, completou.<\/p>\n<p>O Secret\u00e1rio de Estado de Pol\u00edticas P\u00fablicas, Marcos Pacheco, lembrou que mais de 300 escolas do estado j\u00e1 contam com o Conselho de Pol\u00edticas sobre Drogas, cujo objetivo \u00e9 trabalhar a preven\u00e7\u00e3o nas escolas de forma participativa. \u201cN\u00f3s vivemos aqui para ter vida em abund\u00e2ncia\u201d.<\/p>\n<p>Tamb\u00e9m se pronunciaram os deputados estaduais Roberto Costa e Eduardo Braide.<\/p>\n<p>Igualmente compuseram a mesa da solenidade a diretora da Escola Superior do Minist\u00e9rio P\u00fablico do Maranh\u00e3o (ESMP), promotora de justi\u00e7a Ana Teresa Silva de Freitas, o juiz J\u00falio C\u00e9sar Prazeres (Tribunal de Justi\u00e7a), o inspetor Moreno (Pol\u00edcia Rodovi\u00e1ria Federal), Ana Maria Serra Pires (representando a Biblioteca P\u00fablica Benedito Leite) e Fernanda Miranda (Conselho Estadual sobre Drogas).<\/p>\n<p>A mesa contou, ainda, com a estudante do Liceu Maranhense Nicole Mendes, que representou todos os estudantes que participaram do livro. A Banda do Bom Menino tamb\u00e9m participou da solenidade.<\/p>\n<p>ESCOLAS<\/p>\n<p>Est\u00e3o presentes na obra trabalhos de estudantes das escolas Escola Estadual Bernardo Coelho de Almeida, Liceu Maranhense, Escola Estadual Benedito Leite, Escola Estadual Professora Ros\u00e1lia Freire, Unidade de Ensino B\u00e1sico Ministro Carlos Madeira, Centro Educacional Jo\u00e3o Lisboa, Escola Estadual Bandeira Tribuzzi, Escola Municipal Maria Alice Coutinho, Escola Municipal Professor S\u00e1 Valle, Unidade Integrada Barbosa de God\u00f3is, Centro de Ensino Estado do Par\u00e1, Escola Estadual Estado do Rio Grande do Norte e Escola Estadual Francisco de Assis Ximenes Arag\u00e3o Filho.<\/p>\n<p style=\"text-align: left;\">Reda\u00e7\u00e3o:\u00a0Eduardo J\u00falio (CCOM-MPMA)<\/p>\n<p>Fotos:\u00a0Francisco Colombo (CCOM-MPMA)<\/p>\n","protected":false},"excerpt":{"rendered":"<p>Foi lan\u00e7ado na manh\u00e3 do dia\u00a020 de outubro de 2017, no audit\u00f3rio da Procuradoria Geral de Justi\u00e7a, o livro \u201cQuem escolhe o seu caminho? Voc\u00ea ou as drogas? &#8211; poesias e desenhos reunidos\u201d, que re\u00fane poemas e ilustra\u00e7\u00f5es feitos por alunos de escolas das redes p\u00fablicas municipal e estadual, premiados nas edi\u00e7\u00f5es de 2014 e &hellip; <a href=\"https:\/\/apps.mpma.mp.br\/campanha-contra-drogas\/2017\/11\/29\/lancamento-do-livro-da-campanha\/\" class=\"more-link\">Continue lendo <span class=\"screen-reader-text\">LAN\u00c7AMENTO DO LIVRO DA CAMPANHA<\/span> <span class=\"meta-nav\">&rarr;<\/span><\/a><\/p>\n","protected":false},"author":2,"featured_media":0,"comment_status":"open","ping_status":"open","sticky":false,"template":"","format":"standard","meta":[],"categories":[5],"tags":[7],"_links":{"self":[{"href":"https:\/\/apps.mpma.mp.br\/campanha-contra-drogas\/wp-json\/wp\/v2\/posts\/242"}],"collection":[{"href":"https:\/\/apps.mpma.mp.br\/campanha-contra-drogas\/wp-json\/wp\/v2\/posts"}],"about":[{"href":"https:\/\/apps.mpma.mp.br\/campanha-contra-drogas\/wp-json\/wp\/v2\/types\/post"}],"author":[{"embeddable":true,"href":"https:\/\/apps.mpma.mp.br\/campanha-contra-drogas\/wp-json\/wp\/v2\/users\/2"}],"replies":[{"embeddable":true,"href":"https:\/\/apps.mpma.mp.br\/campanha-contra-drogas\/wp-json\/wp\/v2\/comments?post=242"}],"version-history":[{"count":1,"href":"https:\/\/apps.mpma.mp.br\/campanha-contra-drogas\/wp-json\/wp\/v2\/posts\/242\/revisions"}],"predecessor-version":[{"id":250,"href":"https:\/\/apps.mpma.mp.br\/campanha-contra-drogas\/wp-json\/wp\/v2\/posts\/242\/revisions\/250"}],"wp:attachment":[{"href":"https:\/\/apps.mpma.mp.br\/campanha-contra-drogas\/wp-json\/wp\/v2\/media?parent=242"}],"wp:term":[{"taxonomy":"category","embeddable":true,"href":"https:\/\/apps.mpma.mp.br\/campanha-contra-drogas\/wp-json\/wp\/v2\/categories?post=242"},{"taxonomy":"post_tag","embeddable":true,"href":"https:\/\/apps.mpma.mp.br\/campanha-contra-drogas\/wp-json\/wp\/v2\/tags?post=242"}],"curies":[{"name":"wp","href":"https:\/\/api.w.org\/{rel}","templated":true}]}}