{"id":262,"date":"2017-11-30T17:43:37","date_gmt":"2017-11-30T19:43:37","guid":{"rendered":"http:\/\/apps.mpma.mp.br\/campanha-contra-drogas\/?p=262"},"modified":"2023-07-12T08:11:39","modified_gmt":"2023-07-12T11:11:39","slug":"imperatriz-mpma-realiza-corrida-como-acao-da-campanha-maranhao-na-prevencao-as-drogas","status":"publish","type":"post","link":"https:\/\/apps.mpma.mp.br\/campanha-contra-drogas\/2017\/11\/30\/imperatriz-mpma-realiza-corrida-como-acao-da-campanha-maranhao-na-prevencao-as-drogas\/","title":{"rendered":"IMPERATRIZ &#8211; MPMA realiza corrida como a\u00e7\u00e3o da Campanha Maranh\u00e3o na Preven\u00e7\u00e3o \u00e0s Drogas"},"content":{"rendered":"<div id='gallery-1' class='gallery galleryid-262 gallery-columns-3 gallery-size-thumbnail'><figure class='gallery-item'>\n\t\t\t<div class='gallery-icon landscape'>\n\t\t\t\t<a href='https:\/\/apps.mpma.mp.br\/campanha-contra-drogas\/2017\/11\/30\/imperatriz-mpma-realiza-corrida-como-acao-da-campanha-maranhao-na-prevencao-as-drogas\/img-20171120-wa0008\/'><img width=\"250\" height=\"250\" src=\"https:\/\/apps.mpma.mp.br\/campanha-contra-drogas\/wp-content\/uploads\/2017\/11\/IMG-20171120-WA0008-250x250.jpg\" class=\"attachment-thumbnail size-thumbnail\" alt=\"\" decoding=\"async\" loading=\"lazy\" aria-describedby=\"gallery-1-264\" \/><\/a>\n\t\t\t<\/div>\n\t\t\t\t<figcaption class='wp-caption-text gallery-caption' id='gallery-1-264'>\n\t\t\t\tCORRIDA &#8211; IMPERATRIZ\/MA\n\t\t\t\t<\/figcaption><\/figure>\n\t\t<\/div>\n\n<p>Em19 de novembro, corredores profissionais e amadores se reuniram, desde cedo, na Pra\u00e7a Brasil, no Centro de Imperatriz, para a corrida da campanha Maranh\u00e3o na Preven\u00e7\u00e3o \u00e0s Drogas, promovida pelo Minist\u00e9rio P\u00fablico do Maranh\u00e3o. \u00c0s 6h da manh\u00e3, eles j\u00e1 estavam em concentra\u00e7\u00e3o, esperando a largada.<\/p>\n<p>Coordenada pela 2\u00aa Promotoria de Justi\u00e7a Criminal de Imperatriz, cujo titular \u00e9 o promotor de justi\u00e7a Ossian Bezerra Pinho Filho, a corrida faz parte da referida campanha, que tem como objetivo propor medidas e a\u00e7\u00f5es que visem \u00e0 preven\u00e7\u00e3o do uso indevido de drogas, al\u00e9m do cuidado, tratamento e reinser\u00e7\u00e3o social dos usu\u00e1rios e dependentes.<\/p>\n<p>Participaram do evento os promotores de justi\u00e7a Nahyma Ribeiro Abas (diretora das Promotorias de Imperatriz), Sandra Fagundes Garc\u00eda (coordenadora do projeto Maranh\u00e3o contra as Drogas na Regi\u00e3o Sul do Estado), Ossian Bezerra Pinho Filho (coordenador da campanha na cidade de Imperatriz), Jadilson Cirqueira, Eduardo Andr\u00e9 de Aguiar, Alessandro Brand\u00e3o, Frederick Bacellar, Lucas Mascarenhas, Antonio Coelho, Ana Cl\u00e1udia Cruz dos Anjos, Paulo Roberto da Costa e Leonardo Novaes.<\/p>\n<p>A campanha \u00e9 realizada por meio de parceria entre institui\u00e7\u00f5es que comp\u00f5em o Comit\u00ea Estadual de Preven\u00e7\u00e3o \u00e0s Drogas, composto pelo Minist\u00e9rio P\u00fablico do Maranh\u00e3o, Poder Judici\u00e1rio, Poder Legislativo e Pol\u00edcia Rodovi\u00e1ria Federal, com o apoio do Governo do Maranh\u00e3o e Federa\u00e7\u00e3o dos Munic\u00edpios do Estado do Maranh\u00e3o (Famem).<\/p>\n<p><strong>CORREDORES<\/strong><\/p>\n<p>Abdias Francisco da Costa, 56, \u00e9 mestre de obras. Ele corre h\u00e1 quatro anos e decidiu praticar o esporte porque gostava de jogar bola, mas por conta das viagens a trabalho, ficou impossibilitado de praticar esportes em grupos. Abdias j\u00e1 participou da Meia-Maratona de S\u00e3o Paulo e da S\u00e3o Silvestre. A corrida do MPMA \u00e9 a 13\u00aa no ano de 2017 em que sobe ao p\u00f3dio, desta vez em 2\u00ba lugar. \u201cEu nunca me machuquei, n\u00e3o tomo nenhum rem\u00e9dio. Gostei do tema da corrida porque vivemos em uma sociedade muito complicada. Todos n\u00f3s somos pais, m\u00e3es, filhos, av\u00f3s, irm\u00e3os&#8230; e precisamos desse apoio\u201d, destacou Abdias.<\/p>\n<p>Outro participante foi Jhonatan Santos, 28, jornalista que come\u00e7ou a correr h\u00e1 apenas um ano porque pesava mais de 100kg. Hoje, com 23kg a menos, reuniu um grupo de mais de 100 pessoas, que pratica corrida \u00e0 noite, em busca de qualidade de vida. \u201cEu j\u00e1 acostumei a acordar cedo durante os domingos para participar de corridas. Minha vida gira em torno da pr\u00e1tica de exerc\u00edcios para ter uma vida saud\u00e1vel. E isso \u00e9 muito importante para prevenir a entrada no mundo das drogas porque atividade f\u00edsica gera endorfina, que produz sensa\u00e7\u00e3o de bem-estar\u201d, esclareceu.<\/p>\n<p>A atleta profissional, Dayana Fernandes Alves, j\u00e1 corre h\u00e1 12 anos. Ela percorreu 5km e se classificou em primeiro lugar geral entre as mulheres. Para ela, o esporte a ajudou a realizar sonhos, como o de cursar Educa\u00e7\u00e3o F\u00edsica na universidade. Assim como os demais, Dayana acredita que o melhor meio de evitar que o jovem se envolva com as drogas \u00e9 a pr\u00e1tica de esportes. \u201cFoi muito acertada essa escolha do Minist\u00e9rio P\u00fablico de fazer uma corrida como preven\u00e7\u00e3o \u00e0s drogas, porque o esporte \u00e9 supera\u00e7\u00e3o. Se hoje eu sou uma campe\u00e3, eu devo ao esporte\u201d.<\/p>\n<p><strong>PREMIA\u00c7\u00c3O<\/strong><\/p>\n<p>A corrida contou com 191 participantes, tendo premiado 36 corredores das diversas categorias. Na categoria geral masculino, foram vencedores nos tr\u00eas primeiros lugares: Ismael Martins dos Reis, Oseias Lopes de Sousa e Sandro Melo dos Santos. No geral feminino, as primeiras colocadas foram Dayana Fernandes Alves, Gecyane Soares Mendes e Gildilene Ramos Costa. Na categoria geral, os tr\u00eas primeiros colocados masculino e feminino receberam, al\u00e9m de trof\u00e9us, R$ 400, R$ 200 e R$ 100, respectivamente. Os demais premiados receberam medalhas.<\/p>\n<p><strong>Reda\u00e7\u00e3o:<\/strong>\u00a0CCOM-MPMA<\/p>\n","protected":false},"excerpt":{"rendered":"<p>Em19 de novembro, corredores profissionais e amadores se reuniram, desde cedo, na Pra\u00e7a Brasil, no Centro de Imperatriz, para a corrida da campanha Maranh\u00e3o na Preven\u00e7\u00e3o \u00e0s Drogas, promovida pelo Minist\u00e9rio P\u00fablico do Maranh\u00e3o. \u00c0s 6h da manh\u00e3, eles j\u00e1 estavam em concentra\u00e7\u00e3o, esperando a largada. Coordenada pela 2\u00aa Promotoria de Justi\u00e7a Criminal de Imperatriz, &hellip; <a href=\"https:\/\/apps.mpma.mp.br\/campanha-contra-drogas\/2017\/11\/30\/imperatriz-mpma-realiza-corrida-como-acao-da-campanha-maranhao-na-prevencao-as-drogas\/\" class=\"more-link\">Continue lendo <span class=\"screen-reader-text\">IMPERATRIZ &#8211; MPMA realiza corrida como a\u00e7\u00e3o da Campanha Maranh\u00e3o na Preven\u00e7\u00e3o \u00e0s Drogas<\/span> <span class=\"meta-nav\">&rarr;<\/span><\/a><\/p>\n","protected":false},"author":2,"featured_media":0,"comment_status":"open","ping_status":"open","sticky":false,"template":"","format":"standard","meta":[],"categories":[5],"tags":[7],"_links":{"self":[{"href":"https:\/\/apps.mpma.mp.br\/campanha-contra-drogas\/wp-json\/wp\/v2\/posts\/262"}],"collection":[{"href":"https:\/\/apps.mpma.mp.br\/campanha-contra-drogas\/wp-json\/wp\/v2\/posts"}],"about":[{"href":"https:\/\/apps.mpma.mp.br\/campanha-contra-drogas\/wp-json\/wp\/v2\/types\/post"}],"author":[{"embeddable":true,"href":"https:\/\/apps.mpma.mp.br\/campanha-contra-drogas\/wp-json\/wp\/v2\/users\/2"}],"replies":[{"embeddable":true,"href":"https:\/\/apps.mpma.mp.br\/campanha-contra-drogas\/wp-json\/wp\/v2\/comments?post=262"}],"version-history":[{"count":2,"href":"https:\/\/apps.mpma.mp.br\/campanha-contra-drogas\/wp-json\/wp\/v2\/posts\/262\/revisions"}],"predecessor-version":[{"id":275,"href":"https:\/\/apps.mpma.mp.br\/campanha-contra-drogas\/wp-json\/wp\/v2\/posts\/262\/revisions\/275"}],"wp:attachment":[{"href":"https:\/\/apps.mpma.mp.br\/campanha-contra-drogas\/wp-json\/wp\/v2\/media?parent=262"}],"wp:term":[{"taxonomy":"category","embeddable":true,"href":"https:\/\/apps.mpma.mp.br\/campanha-contra-drogas\/wp-json\/wp\/v2\/categories?post=262"},{"taxonomy":"post_tag","embeddable":true,"href":"https:\/\/apps.mpma.mp.br\/campanha-contra-drogas\/wp-json\/wp\/v2\/tags?post=262"}],"curies":[{"name":"wp","href":"https:\/\/api.w.org\/{rel}","templated":true}]}}