{"id":276,"date":"2017-11-30T17:54:08","date_gmt":"2017-11-30T19:54:08","guid":{"rendered":"http:\/\/apps.mpma.mp.br\/campanha-contra-drogas\/?p=276"},"modified":"2023-07-12T08:11:39","modified_gmt":"2023-07-12T11:11:39","slug":"acailandia-mpma-realiza-pedalada-como-acao-de-campanha-na-prevencao-as-drogas","status":"publish","type":"post","link":"https:\/\/apps.mpma.mp.br\/campanha-contra-drogas\/2017\/11\/30\/acailandia-mpma-realiza-pedalada-como-acao-de-campanha-na-prevencao-as-drogas\/","title":{"rendered":"A\u00c7AIL\u00c2NDIA &#8211; MPMA realiza pedalada como a\u00e7\u00e3o de campanha na preven\u00e7\u00e3o \u00e0s drogas"},"content":{"rendered":"<p>&nbsp;<\/p>\n<div id='gallery-1' class='gallery galleryid-276 gallery-columns-3 gallery-size-thumbnail'><figure class='gallery-item'>\n\t\t\t<div class='gallery-icon landscape'>\n\t\t\t\t<a href='https:\/\/apps.mpma.mp.br\/campanha-contra-drogas\/2017\/11\/30\/acailandia-mpma-realiza-pedalada-como-acao-de-campanha-na-prevencao-as-drogas\/acailandia_pedalada_8-2\/'><img width=\"250\" height=\"250\" src=\"https:\/\/apps.mpma.mp.br\/campanha-contra-drogas\/wp-content\/uploads\/2017\/11\/A\u00e7ailandia_Pedalada_8-1-250x250.jpg\" class=\"attachment-thumbnail size-thumbnail\" alt=\"\" decoding=\"async\" loading=\"lazy\" aria-describedby=\"gallery-1-281\" \/><\/a>\n\t\t\t<\/div>\n\t\t\t\t<figcaption class='wp-caption-text gallery-caption' id='gallery-1-281'>\n\t\t\t\tPEDALADA &#8211; A\u00c7AIL\u00c3NDIA\/MA\n\t\t\t\t<\/figcaption><\/figure><figure class='gallery-item'>\n\t\t\t<div class='gallery-icon landscape'>\n\t\t\t\t<a href='https:\/\/apps.mpma.mp.br\/campanha-contra-drogas\/2017\/11\/30\/acailandia-mpma-realiza-pedalada-como-acao-de-campanha-na-prevencao-as-drogas\/acailandia_pedalada_7_sorteio_bicicleta\/'><img width=\"250\" height=\"250\" src=\"https:\/\/apps.mpma.mp.br\/campanha-contra-drogas\/wp-content\/uploads\/2017\/11\/A\u00e7ailandia_Pedalada_7_Sorteio_Bicicleta-250x250.jpg\" class=\"attachment-thumbnail size-thumbnail\" alt=\"\" decoding=\"async\" loading=\"lazy\" aria-describedby=\"gallery-1-280\" \/><\/a>\n\t\t\t<\/div>\n\t\t\t\t<figcaption class='wp-caption-text gallery-caption' id='gallery-1-280'>\n\t\t\t\tPEDALADA &#8211; A\u00c7AIL\u00c3NDIA\/MA\n\t\t\t\t<\/figcaption><\/figure><figure class='gallery-item'>\n\t\t\t<div class='gallery-icon landscape'>\n\t\t\t\t<a href='https:\/\/apps.mpma.mp.br\/campanha-contra-drogas\/2017\/11\/30\/acailandia-mpma-realiza-pedalada-como-acao-de-campanha-na-prevencao-as-drogas\/acailandia_pedalada_6-2\/'><img width=\"250\" height=\"250\" src=\"https:\/\/apps.mpma.mp.br\/campanha-contra-drogas\/wp-content\/uploads\/2017\/11\/A\u00e7ailandia_Pedalada_6-1-250x250.jpg\" class=\"attachment-thumbnail size-thumbnail\" alt=\"\" decoding=\"async\" loading=\"lazy\" aria-describedby=\"gallery-1-279\" \/><\/a>\n\t\t\t<\/div>\n\t\t\t\t<figcaption class='wp-caption-text gallery-caption' id='gallery-1-279'>\n\t\t\t\tPEDALADA &#8211; A\u00c7AIL\u00c3NDIA\/MA\n\t\t\t\t<\/figcaption><\/figure><figure class='gallery-item'>\n\t\t\t<div class='gallery-icon landscape'>\n\t\t\t\t<a href='https:\/\/apps.mpma.mp.br\/campanha-contra-drogas\/2017\/11\/30\/acailandia-mpma-realiza-pedalada-como-acao-de-campanha-na-prevencao-as-drogas\/acailandia_pedalada_3-2\/'><img width=\"250\" height=\"250\" src=\"https:\/\/apps.mpma.mp.br\/campanha-contra-drogas\/wp-content\/uploads\/2017\/11\/A\u00e7ailandia_Pedalada_3-1-250x250.jpg\" class=\"attachment-thumbnail size-thumbnail\" alt=\"\" decoding=\"async\" loading=\"lazy\" aria-describedby=\"gallery-1-278\" \/><\/a>\n\t\t\t<\/div>\n\t\t\t\t<figcaption class='wp-caption-text gallery-caption' id='gallery-1-278'>\n\t\t\t\tPEDALADA &#8211; A\u00c7AIL\u00c3NDIA\/MA\n\t\t\t\t<\/figcaption><\/figure><figure class='gallery-item'>\n\t\t\t<div class='gallery-icon landscape'>\n\t\t\t\t<a href='https:\/\/apps.mpma.mp.br\/campanha-contra-drogas\/2017\/11\/30\/acailandia-mpma-realiza-pedalada-como-acao-de-campanha-na-prevencao-as-drogas\/acailandia_pedalada_1-2\/'><img width=\"250\" height=\"250\" src=\"https:\/\/apps.mpma.mp.br\/campanha-contra-drogas\/wp-content\/uploads\/2017\/11\/A\u00e7ailandia_Pedalada_1-1-250x250.jpg\" class=\"attachment-thumbnail size-thumbnail\" alt=\"\" decoding=\"async\" loading=\"lazy\" aria-describedby=\"gallery-1-277\" \/><\/a>\n\t\t\t<\/div>\n\t\t\t\t<figcaption class='wp-caption-text gallery-caption' id='gallery-1-277'>\n\t\t\t\tPEDALADA &#8211; A\u00c7AIL\u00c3NDIA\/MA\n\t\t\t\t<\/figcaption><\/figure>\n\t\t<\/div>\n\n<p>Mais de 300 ciclistas participaram da pedalada realizada pelo Minist\u00e9rio P\u00fablico do Maranh\u00e3o neste s\u00e1bado, 3 de junho, em A\u00e7ail\u00e2ndia. O evento foi uma a\u00e7\u00e3o da campanha \u201cMaranh\u00e3o Contra as Drogas\u201d; coordenado pelos promotores de justi\u00e7a Gleudson Malheiros e Sandra Fagundes Garcia, titulares da 4\u00aa e 6\u00aa Promotoria de Justi\u00e7a de A\u00e7ail\u00e2ndia, respectivamente.<br \/>\nA largada foi do pr\u00e9dio das Promotorias de Justi\u00e7a de A\u00e7ail\u00e2ndia. Os ciclistas percorreram cerca de 8km entre os bairros at\u00e9 chegarem na Pra\u00e7a da B\u00edblia, \u00e0s margens da BR 010.<\/p>\n<p>Para realizar a inscri\u00e7\u00e3o, cada participante doou dois quilos de alimentos. No total, foi arrecadada mais de meia tonelada de alimentos, que ser\u00e1 doada \u00e0s comunidades terap\u00eauticas Bom Samaritano e Filhos da Luz. Essas institui\u00e7\u00f5es atendem dependentes qu\u00edmicos em A\u00e7ail\u00e2ndia.<\/p>\n<p>A promotora de justi\u00e7a Sandra Fagundes explicou que o esporte \u00e9 a principal ferramenta na preven\u00e7\u00e3o \u00e0s drogas. \u201cFoi muito bom ver pessoas de v\u00e1rias idades engajadas nessa campanha, pedalando e levando a mensagem a tantos jovens de que h\u00e1 uma vida poss\u00edvel sem drogas\u201d, ressaltou.<\/p>\n<p>Na avalia\u00e7\u00e3o do promotor de justi\u00e7a Gleudson Malheiros, as drogas s\u00e3o um assunto cada vez mais presente no trabalho do Minist\u00e9rio P\u00fablico, assim como o aumento da viol\u00eancia e a fragmenta\u00e7\u00e3o das fam\u00edlias.<\/p>\n<p>Para ele, se faz necess\u00e1ria a realiza\u00e7\u00e3o de mais atividades que possam alertar a sociedade para a preven\u00e7\u00e3o. \u201c\u00c9 gratificante realizar um evento que tem um grande envolvimento da sociedade. N\u00f3s queremos trabalhar para realizar mais a\u00e7\u00f5es como estas n\u00e3o s\u00f3 em A\u00e7ail\u00e2ndia, mas em v\u00e1rios outros locais\u201d, destacou.<\/p>\n<p>A titular da 1\u00aa Promotoria de Justi\u00e7a de A\u00e7ail\u00e2ndia, Glauce Mara Lima, chamou a aten\u00e7\u00e3o para a import\u00e2ncia da atividade na uni\u00e3o das pessoas em busca da conscientiza\u00e7\u00e3o dos jovens: \u201cN\u00f3s temos que dar as m\u00e3os e fazer um trabalho em conjunto com todos os setores da sociedade na busca da preven\u00e7\u00e3o \u00e0s drogas\u201d.<\/p>\n<p>A servidora p\u00fablica Louise Viveiros pediu uma bicicleta emprestada para participar do evento. \u201cN\u00f3s levamos essa mensagem de apoio a muitas fam\u00edlias que convivem com esse problema, para que elas saibam que n\u00e3o est\u00e3o sozinhas e podem contar conosco\u201d, enfatizou.<\/p>\n<p>Ao final do evento foram sorteados 60 brindes, dentre eles, tr\u00eas bicicletas.<\/p>\n<p><strong>Reda\u00e7\u00e3o e fotos:<\/strong>\u00a0Iane Carolina (CCOM MPMA)<\/p>\n","protected":false},"excerpt":{"rendered":"<p>&nbsp; Mais de 300 ciclistas participaram da pedalada realizada pelo Minist\u00e9rio P\u00fablico do Maranh\u00e3o neste s\u00e1bado, 3 de junho, em A\u00e7ail\u00e2ndia. O evento foi uma a\u00e7\u00e3o da campanha \u201cMaranh\u00e3o Contra as Drogas\u201d; coordenado pelos promotores de justi\u00e7a Gleudson Malheiros e Sandra Fagundes Garcia, titulares da 4\u00aa e 6\u00aa Promotoria de Justi\u00e7a de A\u00e7ail\u00e2ndia, respectivamente. A &hellip; <a href=\"https:\/\/apps.mpma.mp.br\/campanha-contra-drogas\/2017\/11\/30\/acailandia-mpma-realiza-pedalada-como-acao-de-campanha-na-prevencao-as-drogas\/\" class=\"more-link\">Continue lendo <span class=\"screen-reader-text\">A\u00c7AIL\u00c2NDIA &#8211; MPMA realiza pedalada como a\u00e7\u00e3o de campanha na preven\u00e7\u00e3o \u00e0s drogas<\/span> <span class=\"meta-nav\">&rarr;<\/span><\/a><\/p>\n","protected":false},"author":2,"featured_media":0,"comment_status":"open","ping_status":"open","sticky":false,"template":"","format":"standard","meta":[],"categories":[5],"tags":[7],"_links":{"self":[{"href":"https:\/\/apps.mpma.mp.br\/campanha-contra-drogas\/wp-json\/wp\/v2\/posts\/276"}],"collection":[{"href":"https:\/\/apps.mpma.mp.br\/campanha-contra-drogas\/wp-json\/wp\/v2\/posts"}],"about":[{"href":"https:\/\/apps.mpma.mp.br\/campanha-contra-drogas\/wp-json\/wp\/v2\/types\/post"}],"author":[{"embeddable":true,"href":"https:\/\/apps.mpma.mp.br\/campanha-contra-drogas\/wp-json\/wp\/v2\/users\/2"}],"replies":[{"embeddable":true,"href":"https:\/\/apps.mpma.mp.br\/campanha-contra-drogas\/wp-json\/wp\/v2\/comments?post=276"}],"version-history":[{"count":2,"href":"https:\/\/apps.mpma.mp.br\/campanha-contra-drogas\/wp-json\/wp\/v2\/posts\/276\/revisions"}],"predecessor-version":[{"id":283,"href":"https:\/\/apps.mpma.mp.br\/campanha-contra-drogas\/wp-json\/wp\/v2\/posts\/276\/revisions\/283"}],"wp:attachment":[{"href":"https:\/\/apps.mpma.mp.br\/campanha-contra-drogas\/wp-json\/wp\/v2\/media?parent=276"}],"wp:term":[{"taxonomy":"category","embeddable":true,"href":"https:\/\/apps.mpma.mp.br\/campanha-contra-drogas\/wp-json\/wp\/v2\/categories?post=276"},{"taxonomy":"post_tag","embeddable":true,"href":"https:\/\/apps.mpma.mp.br\/campanha-contra-drogas\/wp-json\/wp\/v2\/tags?post=276"}],"curies":[{"name":"wp","href":"https:\/\/api.w.org\/{rel}","templated":true}]}}