{"id":284,"date":"2017-12-01T13:06:11","date_gmt":"2017-12-01T15:06:11","guid":{"rendered":"http:\/\/apps.mpma.mp.br\/campanha-contra-drogas\/?p=284"},"modified":"2023-07-12T08:11:39","modified_gmt":"2023-07-12T11:11:39","slug":"quem-escolhe-o-seu-caminho-voce-ou-as-drogas-projeto-encerra-suas-atividades-em-2017","status":"publish","type":"post","link":"https:\/\/apps.mpma.mp.br\/campanha-contra-drogas\/2017\/12\/01\/quem-escolhe-o-seu-caminho-voce-ou-as-drogas-projeto-encerra-suas-atividades-em-2017\/","title":{"rendered":"QUEM ESCOLHE O SEU CAMINHO? VOC\u00ca OU \u00c0S DROGAS?- Projeto encerra suas atividades em 2017."},"content":{"rendered":"<p>&nbsp;<\/p>\n<div id='gallery-1' class='gallery galleryid-284 gallery-columns-3 gallery-size-thumbnail'><figure class='gallery-item'>\n\t\t\t<div class='gallery-icon landscape'>\n\t\t\t\t<a href='https:\/\/apps.mpma.mp.br\/campanha-contra-drogas\/2017\/12\/01\/quem-escolhe-o-seu-caminho-voce-ou-as-drogas-projeto-encerra-suas-atividades-em-2017\/img-20171129-wa0012\/'><img width=\"250\" height=\"250\" src=\"https:\/\/apps.mpma.mp.br\/campanha-contra-drogas\/wp-content\/uploads\/2017\/12\/IMG-20171129-WA0012-250x250.jpg\" class=\"attachment-thumbnail size-thumbnail\" alt=\"\" decoding=\"async\" loading=\"lazy\" aria-describedby=\"gallery-1-285\" \/><\/a>\n\t\t\t<\/div>\n\t\t\t\t<figcaption class='wp-caption-text gallery-caption' id='gallery-1-285'>\n\t\t\t\tEsc. Almirante Tamandar\u00e9\n\t\t\t\t<\/figcaption><\/figure><figure class='gallery-item'>\n\t\t\t<div class='gallery-icon landscape'>\n\t\t\t\t<a href='https:\/\/apps.mpma.mp.br\/campanha-contra-drogas\/2017\/12\/01\/quem-escolhe-o-seu-caminho-voce-ou-as-drogas-projeto-encerra-suas-atividades-em-2017\/img-20171129-wa0019\/'><img width=\"250\" height=\"250\" src=\"https:\/\/apps.mpma.mp.br\/campanha-contra-drogas\/wp-content\/uploads\/2017\/12\/IMG-20171129-WA0019-250x250.jpg\" class=\"attachment-thumbnail size-thumbnail\" alt=\"\" decoding=\"async\" loading=\"lazy\" aria-describedby=\"gallery-1-286\" \/><\/a>\n\t\t\t<\/div>\n\t\t\t\t<figcaption class='wp-caption-text gallery-caption' id='gallery-1-286'>\n\t\t\t\tEsc. Almirante Tamandar\u00e9\n\t\t\t\t<\/figcaption><\/figure><figure class='gallery-item'>\n\t\t\t<div class='gallery-icon landscape'>\n\t\t\t\t<a href='https:\/\/apps.mpma.mp.br\/campanha-contra-drogas\/2017\/12\/01\/quem-escolhe-o-seu-caminho-voce-ou-as-drogas-projeto-encerra-suas-atividades-em-2017\/img-20171129-wa0032\/'><img width=\"250\" height=\"250\" src=\"https:\/\/apps.mpma.mp.br\/campanha-contra-drogas\/wp-content\/uploads\/2017\/12\/IMG-20171129-WA0032-250x250.jpg\" class=\"attachment-thumbnail size-thumbnail\" alt=\"\" decoding=\"async\" loading=\"lazy\" aria-describedby=\"gallery-1-287\" \/><\/a>\n\t\t\t<\/div>\n\t\t\t\t<figcaption class='wp-caption-text gallery-caption' id='gallery-1-287'>\n\t\t\t\tEsc. Almirante Tamandar\u00e9\n\t\t\t\t<\/figcaption><\/figure><figure class='gallery-item'>\n\t\t\t<div class='gallery-icon landscape'>\n\t\t\t\t<a href='https:\/\/apps.mpma.mp.br\/campanha-contra-drogas\/2017\/12\/01\/quem-escolhe-o-seu-caminho-voce-ou-as-drogas-projeto-encerra-suas-atividades-em-2017\/img-20171201-wa00141\/'><img width=\"250\" height=\"250\" src=\"https:\/\/apps.mpma.mp.br\/campanha-contra-drogas\/wp-content\/uploads\/2017\/12\/IMG-20171201-WA00141-250x250.jpg\" class=\"attachment-thumbnail size-thumbnail\" alt=\"\" decoding=\"async\" loading=\"lazy\" aria-describedby=\"gallery-1-288\" \/><\/a>\n\t\t\t<\/div>\n\t\t\t\t<figcaption class='wp-caption-text gallery-caption' id='gallery-1-288'>\n\t\t\t\tPASSEIO AO F\u00d3RUM DE JUSTI\u00c7A\n\t\t\t\t<\/figcaption><\/figure><figure class='gallery-item'>\n\t\t\t<div class='gallery-icon landscape'>\n\t\t\t\t<a href='https:\/\/apps.mpma.mp.br\/campanha-contra-drogas\/2017\/12\/01\/quem-escolhe-o-seu-caminho-voce-ou-as-drogas-projeto-encerra-suas-atividades-em-2017\/img-20171201-wa00131\/'><img width=\"250\" height=\"250\" src=\"https:\/\/apps.mpma.mp.br\/campanha-contra-drogas\/wp-content\/uploads\/2017\/12\/IMG-20171201-WA00131-250x250.jpg\" class=\"attachment-thumbnail size-thumbnail\" alt=\"\" decoding=\"async\" loading=\"lazy\" aria-describedby=\"gallery-1-289\" \/><\/a>\n\t\t\t<\/div>\n\t\t\t\t<figcaption class='wp-caption-text gallery-caption' id='gallery-1-289'>\n\t\t\t\tPASSEIO AO F\u00d3RUM DE JUSTI\u00c7A\n\t\t\t\t<\/figcaption><\/figure><figure class='gallery-item'>\n\t\t\t<div class='gallery-icon landscape'>\n\t\t\t\t<a href='https:\/\/apps.mpma.mp.br\/campanha-contra-drogas\/2017\/12\/01\/quem-escolhe-o-seu-caminho-voce-ou-as-drogas-projeto-encerra-suas-atividades-em-2017\/img-20171201-wa00021\/'><img width=\"250\" height=\"250\" src=\"https:\/\/apps.mpma.mp.br\/campanha-contra-drogas\/wp-content\/uploads\/2017\/12\/IMG-20171201-WA00021-250x250.jpg\" class=\"attachment-thumbnail size-thumbnail\" alt=\"\" decoding=\"async\" loading=\"lazy\" aria-describedby=\"gallery-1-290\" \/><\/a>\n\t\t\t<\/div>\n\t\t\t\t<figcaption class='wp-caption-text gallery-caption' id='gallery-1-290'>\n\t\t\t\tPASSEIO AO F\u00d3RUM DE JUSTI\u00c7A\n\t\t\t\t<\/figcaption><\/figure><figure class='gallery-item'>\n\t\t\t<div class='gallery-icon landscape'>\n\t\t\t\t<a href='https:\/\/apps.mpma.mp.br\/campanha-contra-drogas\/2017\/12\/01\/quem-escolhe-o-seu-caminho-voce-ou-as-drogas-projeto-encerra-suas-atividades-em-2017\/img-20171201-wa00081\/'><img width=\"250\" height=\"250\" src=\"https:\/\/apps.mpma.mp.br\/campanha-contra-drogas\/wp-content\/uploads\/2017\/12\/IMG-20171201-WA00081-250x250.jpg\" class=\"attachment-thumbnail size-thumbnail\" alt=\"\" decoding=\"async\" loading=\"lazy\" aria-describedby=\"gallery-1-291\" \/><\/a>\n\t\t\t<\/div>\n\t\t\t\t<figcaption class='wp-caption-text gallery-caption' id='gallery-1-291'>\n\t\t\t\tPASSEIO AO F\u00d3RUM DE JUSTI\u00c7A\n\t\t\t\t<\/figcaption><\/figure><figure class='gallery-item'>\n\t\t\t<div class='gallery-icon landscape'>\n\t\t\t\t<a href='https:\/\/apps.mpma.mp.br\/campanha-contra-drogas\/2017\/12\/01\/quem-escolhe-o-seu-caminho-voce-ou-as-drogas-projeto-encerra-suas-atividades-em-2017\/img-20171201-wa00071\/'><img width=\"250\" height=\"250\" src=\"https:\/\/apps.mpma.mp.br\/campanha-contra-drogas\/wp-content\/uploads\/2017\/12\/IMG-20171201-WA00071-250x250.jpg\" class=\"attachment-thumbnail size-thumbnail\" alt=\"\" decoding=\"async\" loading=\"lazy\" aria-describedby=\"gallery-1-292\" \/><\/a>\n\t\t\t<\/div>\n\t\t\t\t<figcaption class='wp-caption-text gallery-caption' id='gallery-1-292'>\n\t\t\t\tPASSEIO AO F\u00d3RUM DE JUSTI\u00c7A\n\t\t\t\t<\/figcaption><\/figure><figure class='gallery-item'>\n\t\t\t<div class='gallery-icon landscape'>\n\t\t\t\t<a href='https:\/\/apps.mpma.mp.br\/campanha-contra-drogas\/2017\/12\/01\/quem-escolhe-o-seu-caminho-voce-ou-as-drogas-projeto-encerra-suas-atividades-em-2017\/img-20171201-wa00101\/'><img width=\"250\" height=\"250\" src=\"https:\/\/apps.mpma.mp.br\/campanha-contra-drogas\/wp-content\/uploads\/2017\/12\/IMG-20171201-WA00101-250x250.jpg\" class=\"attachment-thumbnail size-thumbnail\" alt=\"\" decoding=\"async\" loading=\"lazy\" aria-describedby=\"gallery-1-293\" \/><\/a>\n\t\t\t<\/div>\n\t\t\t\t<figcaption class='wp-caption-text gallery-caption' id='gallery-1-293'>\n\t\t\t\tPASSEIO AO F\u00d3RUM DE JUSTI\u00c7A\n\t\t\t\t<\/figcaption><\/figure>\n\t\t<\/div>\n\n<p>O projeto \u201cQuem escolhe o seu caminho? Voc\u00ea ou as drogas?\u201d encerrou suas atividades em 2017, na segunda-feira, 27 de novembro, no Centro de Ensino Almirante Tamandar\u00e9, localizado no bairro da Cohab.<\/p>\n<p>A promotora de justi\u00e7a Cristiane Gomes Coelho Maia Lago, titular da 11\u00aa Promotoria de Justi\u00e7a de Substitui\u00e7\u00e3o Plena de S\u00e3o Lu\u00eds e idealizadora do projeto, proferiu palestra para os alunos e professores da escola, abordando os malef\u00edcios e consequ\u00eancias do uso das drogas.<\/p>\n<p>Os alunos do Centro de Ensino Almirante\u00a0Tamandar\u00e9 que se consagraram vencedores s\u00e3o:<\/p>\n<p>Categoria Poesia: 1\u00ba &#8211; Franksuel de Andrade Silva; 2\u00ba &#8211; Pamela Ra\u00edssa Pinto Silva;\u00a03\u00ba &#8211;\u00a0Maria Eduarda Pereira da Silva.<\/p>\n<p>Categoria desenho:\u00a01\u00ba &#8211;\u00a0Mileno Gomes,\u00a02\u00ba &#8211; Iasmin do Vale Pereira;\u00a03\u00ba &#8211; Andr\u00e9 Gustavo da Silva Santos.<\/p>\n<p>O programa \u00e9 desenvolvido desde o ano de 2013, em escolas p\u00fablicas das redes municipal e estadual de ensino da Capital e do interior, e tem por objetivo prevenir o consumo de drogas, por meio de palestras e atividades art\u00edsticas (concursos de poesia e desenho).<\/p>\n<p>Somente em S\u00e3o Lu\u00eds a iniciativa j\u00e1 atingiu mais de 10 mil alunos. Outras cidades do estado tamb\u00e9m j\u00e1 foram contempladas, como A\u00e7ail\u00e2ndia, Imperatriz e Balsas.<\/p>\n<p>Como parte da premia\u00e7\u00e3o do projeto, os alunos vencedores dos concursos de desenho e poesia, realizados nas escolas da capital que participaram da campanha neste ano, puderam visitar as depend\u00eancias do F\u00f3rum Desembargador Sarney Costa. L\u00e1 eles acompanharam as atividades da promotora de justi\u00e7a e assistiram a audi\u00eancias na Vara de Entorpecentes e sess\u00f5es do Tribunal do J\u00fari.<\/p>\n<p>Participaram do passeio:<\/p>\n<p><strong>Alunas da Escola Militar Tiradentes<\/strong><\/p>\n<p>Ariane Reis dos Santos, vencedora do concurso de poesia.<\/p>\n<p>Jamilly Andrade Lopes, vencedora do concurso de desenho.<\/p>\n<p><strong>Unidade de Ensino B\u00e1sico Professora Cam\u00e9lia Viveiros<\/strong><\/p>\n<p>Alessandra Santos Pacheco, vencedora do concurso de poesia.<\/p>\n<p>Herika Chagas da Silva, vencedora do concurso de desenho.<\/p>\n<p><strong>Unidade de Ensino B\u00e1sico Professor Rubem Almeida<\/strong><\/p>\n<p>Lady Dayana Pereira, vencedora do concurso de poesia.<\/p>\n<p>Talisson Silva Guimar\u00e3es,\u00a0vencedor do concurso de\u00a0desenho.<\/p>\n<p><strong>Centro de Ensino Almirante\u00a0Tamandar\u00e9<\/strong><\/p>\n<p>Franksuel de Andrade Silva, vencedor do concurso de poesia.<\/p>\n<p>Mileno Gomes, vencedor do concurso de desenho.<\/p>\n","protected":false},"excerpt":{"rendered":"<p>&nbsp; O projeto \u201cQuem escolhe o seu caminho? Voc\u00ea ou as drogas?\u201d encerrou suas atividades em 2017, na segunda-feira, 27 de novembro, no Centro de Ensino Almirante Tamandar\u00e9, localizado no bairro da Cohab. A promotora de justi\u00e7a Cristiane Gomes Coelho Maia Lago, titular da 11\u00aa Promotoria de Justi\u00e7a de Substitui\u00e7\u00e3o Plena de S\u00e3o Lu\u00eds e &hellip; <a href=\"https:\/\/apps.mpma.mp.br\/campanha-contra-drogas\/2017\/12\/01\/quem-escolhe-o-seu-caminho-voce-ou-as-drogas-projeto-encerra-suas-atividades-em-2017\/\" class=\"more-link\">Continue lendo <span class=\"screen-reader-text\">QUEM ESCOLHE O SEU CAMINHO? VOC\u00ca OU \u00c0S DROGAS?- Projeto encerra suas atividades em 2017.<\/span> <span class=\"meta-nav\">&rarr;<\/span><\/a><\/p>\n","protected":false},"author":2,"featured_media":0,"comment_status":"open","ping_status":"open","sticky":false,"template":"","format":"standard","meta":[],"categories":[5],"tags":[7],"_links":{"self":[{"href":"https:\/\/apps.mpma.mp.br\/campanha-contra-drogas\/wp-json\/wp\/v2\/posts\/284"}],"collection":[{"href":"https:\/\/apps.mpma.mp.br\/campanha-contra-drogas\/wp-json\/wp\/v2\/posts"}],"about":[{"href":"https:\/\/apps.mpma.mp.br\/campanha-contra-drogas\/wp-json\/wp\/v2\/types\/post"}],"author":[{"embeddable":true,"href":"https:\/\/apps.mpma.mp.br\/campanha-contra-drogas\/wp-json\/wp\/v2\/users\/2"}],"replies":[{"embeddable":true,"href":"https:\/\/apps.mpma.mp.br\/campanha-contra-drogas\/wp-json\/wp\/v2\/comments?post=284"}],"version-history":[{"count":1,"href":"https:\/\/apps.mpma.mp.br\/campanha-contra-drogas\/wp-json\/wp\/v2\/posts\/284\/revisions"}],"predecessor-version":[{"id":294,"href":"https:\/\/apps.mpma.mp.br\/campanha-contra-drogas\/wp-json\/wp\/v2\/posts\/284\/revisions\/294"}],"wp:attachment":[{"href":"https:\/\/apps.mpma.mp.br\/campanha-contra-drogas\/wp-json\/wp\/v2\/media?parent=284"}],"wp:term":[{"taxonomy":"category","embeddable":true,"href":"https:\/\/apps.mpma.mp.br\/campanha-contra-drogas\/wp-json\/wp\/v2\/categories?post=284"},{"taxonomy":"post_tag","embeddable":true,"href":"https:\/\/apps.mpma.mp.br\/campanha-contra-drogas\/wp-json\/wp\/v2\/tags?post=284"}],"curies":[{"name":"wp","href":"https:\/\/api.w.org\/{rel}","templated":true}]}}