{"id":295,"date":"2017-12-01T15:24:27","date_gmt":"2017-12-01T17:24:27","guid":{"rendered":"http:\/\/apps.mpma.mp.br\/campanha-contra-drogas\/?p=295"},"modified":"2023-07-12T08:11:39","modified_gmt":"2023-07-12T11:11:39","slug":"publicacoes-de-materias-jornalisticas-da-campanha-na-radio-e-tv","status":"publish","type":"post","link":"https:\/\/apps.mpma.mp.br\/campanha-contra-drogas\/2017\/12\/01\/publicacoes-de-materias-jornalisticas-da-campanha-na-radio-e-tv\/","title":{"rendered":"DIVULGA\u00c7\u00c3O DA CAMPANHA EM R\u00c1DIO E TV"},"content":{"rendered":"<p><strong>ENTREVISTAS E MAT\u00c9RIAS REALIZADAS PARA DIVULGA\u00c7\u00c3O DA CAMPANHA \u201cQUEM ESCOLHE O SEU CAMINHO? VOC\u00ca OU AS DROGAS?<\/strong><\/p>\n<p>SEGUEM OS LINKS:<\/p>\n<p><img decoding=\"async\" loading=\"lazy\" class=\"aligncenter size-thumbnail wp-image-391\" src=\"http:\/\/apps.mpma.mp.br\/campanha-contra-drogas\/wp-content\/uploads\/2017\/12\/OUTROS-250x250.jpg\" alt=\"outros\" width=\"250\" height=\"250\" \/><\/p>\n<p>&nbsp;<\/p>\n<p><iframe loading=\"lazy\" width=\"474\" height=\"267\" src=\"https:\/\/www.youtube.com\/embed\/lyON-KSByQ8?feature=oembed\" frameborder=\"0\" allow=\"autoplay; encrypted-media\" allowfullscreen><\/iframe><\/p>\n<p>http:\/\/www.suacidade.com\/20180621\/caps-ad-comemora-10-anos-de-atuacao-em-sao-luis<\/p>\n<p>&nbsp;<\/p>\n<p>&#8211;&gt; Entrevista na Assembl\u00e9ia Legislativa do Maranh\u00e3o:<\/p>\n<p>http:\/\/radioalema.com\/noticia\/222191\/promotora-de-justica-cristiane-lago-fala-da-campanha-de-combate-e-prevencao-as-drogas-e-lancamento-de-livro<\/p>\n<p>&nbsp;<\/p>\n<p>&#8211;&gt;\u00a0TV Mirante, entrevista com Dalva R\u00eago:<\/p>\n<p>http:\/\/g1.globo.com\/ma\/maranhao\/bom-dia-mirante\/videos\/v\/livro-sobre-a-prevencao-contra-o-uso-das-drogas-e-lancado-no-ma\/6231017\/<\/p>\n<p>&nbsp;<\/p>\n<p>&#8211;&gt;\u00a0Entrevista com Elda Borges, na Assembl\u00e9ia Legislativa do Maranh\u00e3o:<\/p>\n<p><iframe loading=\"lazy\" width=\"474\" height=\"267\" src=\"https:\/\/www.youtube.com\/embed\/7C_KpAA-lvg?feature=oembed\" frameborder=\"0\" allow=\"autoplay; encrypted-media\" allowfullscreen><\/iframe><\/p>\n<p>&nbsp;<\/p>\n<p>&#8211;&gt;\u00a0Entrevista\u00a0em mesa redonda de debates discuti pol\u00edticas sobre\u00a0drogas no Maranh\u00e3o:<\/p>\n<p><iframe loading=\"lazy\" width=\"474\" height=\"267\" src=\"https:\/\/www.youtube.com\/embed\/0cqw0alOoIo?feature=oembed\" frameborder=\"0\" allow=\"autoplay; encrypted-media\" allowfullscreen><\/iframe><\/p>\n","protected":false},"excerpt":{"rendered":"<p>ENTREVISTAS E MAT\u00c9RIAS REALIZADAS PARA DIVULGA\u00c7\u00c3O DA CAMPANHA \u201cQUEM ESCOLHE O SEU CAMINHO? VOC\u00ca OU AS DROGAS? SEGUEM OS LINKS: &nbsp; http:\/\/www.suacidade.com\/20180621\/caps-ad-comemora-10-anos-de-atuacao-em-sao-luis &nbsp; &#8211;&gt; Entrevista na Assembl\u00e9ia Legislativa do Maranh\u00e3o: http:\/\/radioalema.com\/noticia\/222191\/promotora-de-justica-cristiane-lago-fala-da-campanha-de-combate-e-prevencao-as-drogas-e-lancamento-de-livro &nbsp; &#8211;&gt;\u00a0TV Mirante, entrevista com Dalva R\u00eago: http:\/\/g1.globo.com\/ma\/maranhao\/bom-dia-mirante\/videos\/v\/livro-sobre-a-prevencao-contra-o-uso-das-drogas-e-lancado-no-ma\/6231017\/ &nbsp; &#8211;&gt;\u00a0Entrevista com Elda Borges, na Assembl\u00e9ia Legislativa do Maranh\u00e3o: &nbsp; &#8211;&gt;\u00a0Entrevista\u00a0em mesa redonda de debates &hellip; <a href=\"https:\/\/apps.mpma.mp.br\/campanha-contra-drogas\/2017\/12\/01\/publicacoes-de-materias-jornalisticas-da-campanha-na-radio-e-tv\/\" class=\"more-link\">Continue lendo <span class=\"screen-reader-text\">DIVULGA\u00c7\u00c3O DA CAMPANHA EM R\u00c1DIO E TV<\/span> <span class=\"meta-nav\">&rarr;<\/span><\/a><\/p>\n","protected":false},"author":2,"featured_media":0,"comment_status":"open","ping_status":"open","sticky":false,"template":"","format":"standard","meta":[],"categories":[5],"tags":[7],"_links":{"self":[{"href":"https:\/\/apps.mpma.mp.br\/campanha-contra-drogas\/wp-json\/wp\/v2\/posts\/295"}],"collection":[{"href":"https:\/\/apps.mpma.mp.br\/campanha-contra-drogas\/wp-json\/wp\/v2\/posts"}],"about":[{"href":"https:\/\/apps.mpma.mp.br\/campanha-contra-drogas\/wp-json\/wp\/v2\/types\/post"}],"author":[{"embeddable":true,"href":"https:\/\/apps.mpma.mp.br\/campanha-contra-drogas\/wp-json\/wp\/v2\/users\/2"}],"replies":[{"embeddable":true,"href":"https:\/\/apps.mpma.mp.br\/campanha-contra-drogas\/wp-json\/wp\/v2\/comments?post=295"}],"version-history":[{"count":5,"href":"https:\/\/apps.mpma.mp.br\/campanha-contra-drogas\/wp-json\/wp\/v2\/posts\/295\/revisions"}],"predecessor-version":[{"id":392,"href":"https:\/\/apps.mpma.mp.br\/campanha-contra-drogas\/wp-json\/wp\/v2\/posts\/295\/revisions\/392"}],"wp:attachment":[{"href":"https:\/\/apps.mpma.mp.br\/campanha-contra-drogas\/wp-json\/wp\/v2\/media?parent=295"}],"wp:term":[{"taxonomy":"category","embeddable":true,"href":"https:\/\/apps.mpma.mp.br\/campanha-contra-drogas\/wp-json\/wp\/v2\/categories?post=295"},{"taxonomy":"post_tag","embeddable":true,"href":"https:\/\/apps.mpma.mp.br\/campanha-contra-drogas\/wp-json\/wp\/v2\/tags?post=295"}],"curies":[{"name":"wp","href":"https:\/\/api.w.org\/{rel}","templated":true}]}}