{"id":305,"date":"2017-12-14T14:44:17","date_gmt":"2017-12-14T16:44:17","guid":{"rendered":"http:\/\/apps.mpma.mp.br\/campanha-contra-drogas\/?p=305"},"modified":"2023-07-12T08:11:39","modified_gmt":"2023-07-12T11:11:39","slug":"encerramento-da-campanha-maranhao-na-prevencao-as-drogas","status":"publish","type":"post","link":"https:\/\/apps.mpma.mp.br\/campanha-contra-drogas\/2017\/12\/14\/encerramento-da-campanha-maranhao-na-prevencao-as-drogas\/","title":{"rendered":"Encerramento da Campanha \u201cMaranh\u00e3o na Preven\u00e7\u00e3o \u00e0s Drogas\u201d"},"content":{"rendered":"<div id='gallery-1' class='gallery galleryid-305 gallery-columns-3 gallery-size-thumbnail'><figure class='gallery-item'>\n\t\t\t<div class='gallery-icon landscape'>\n\t\t\t\t<a href='https:\/\/apps.mpma.mp.br\/campanha-contra-drogas\/2017\/12\/14\/encerramento-da-campanha-maranhao-na-prevencao-as-drogas\/banda\/'><img width=\"250\" height=\"250\" src=\"https:\/\/apps.mpma.mp.br\/campanha-contra-drogas\/wp-content\/uploads\/2017\/12\/Banda-250x250.jpg\" class=\"attachment-thumbnail size-thumbnail\" alt=\"\" decoding=\"async\" loading=\"lazy\" \/><\/a>\n\t\t\t<\/div><\/figure><figure class='gallery-item'>\n\t\t\t<div class='gallery-icon landscape'>\n\t\t\t\t<a href='https:\/\/apps.mpma.mp.br\/campanha-contra-drogas\/2017\/12\/14\/encerramento-da-campanha-maranhao-na-prevencao-as-drogas\/cantora\/'><img width=\"250\" height=\"250\" src=\"https:\/\/apps.mpma.mp.br\/campanha-contra-drogas\/wp-content\/uploads\/2017\/12\/Cantora-250x250.jpg\" class=\"attachment-thumbnail size-thumbnail\" alt=\"\" decoding=\"async\" loading=\"lazy\" \/><\/a>\n\t\t\t<\/div><\/figure><figure class='gallery-item'>\n\t\t\t<div class='gallery-icon landscape'>\n\t\t\t\t<a href='https:\/\/apps.mpma.mp.br\/campanha-contra-drogas\/2017\/12\/14\/encerramento-da-campanha-maranhao-na-prevencao-as-drogas\/cleonescunha\/'><img width=\"250\" height=\"250\" src=\"https:\/\/apps.mpma.mp.br\/campanha-contra-drogas\/wp-content\/uploads\/2017\/12\/CleonesCunha-250x250.jpg\" class=\"attachment-thumbnail size-thumbnail\" alt=\"\" decoding=\"async\" loading=\"lazy\" \/><\/a>\n\t\t\t<\/div><\/figure><figure class='gallery-item'>\n\t\t\t<div class='gallery-icon landscape'>\n\t\t\t\t<a href='https:\/\/apps.mpma.mp.br\/campanha-contra-drogas\/2017\/12\/14\/encerramento-da-campanha-maranhao-na-prevencao-as-drogas\/cristianelago\/'><img width=\"250\" height=\"250\" src=\"https:\/\/apps.mpma.mp.br\/campanha-contra-drogas\/wp-content\/uploads\/2017\/12\/CristianeLago-250x250.jpg\" class=\"attachment-thumbnail size-thumbnail\" alt=\"\" decoding=\"async\" loading=\"lazy\" \/><\/a>\n\t\t\t<\/div><\/figure><figure class='gallery-item'>\n\t\t\t<div class='gallery-icon landscape'>\n\t\t\t\t<a href='https:\/\/apps.mpma.mp.br\/campanha-contra-drogas\/2017\/12\/14\/encerramento-da-campanha-maranhao-na-prevencao-as-drogas\/diretoraescola\/'><img width=\"250\" height=\"250\" src=\"https:\/\/apps.mpma.mp.br\/campanha-contra-drogas\/wp-content\/uploads\/2017\/12\/DiretoraEscola-250x250.jpg\" class=\"attachment-thumbnail size-thumbnail\" alt=\"\" decoding=\"async\" loading=\"lazy\" \/><\/a>\n\t\t\t<\/div><\/figure><figure class='gallery-item'>\n\t\t\t<div class='gallery-icon landscape'>\n\t\t\t\t<a href='https:\/\/apps.mpma.mp.br\/campanha-contra-drogas\/2017\/12\/14\/encerramento-da-campanha-maranhao-na-prevencao-as-drogas\/gonzaga2\/'><img width=\"250\" height=\"250\" src=\"https:\/\/apps.mpma.mp.br\/campanha-contra-drogas\/wp-content\/uploads\/2017\/12\/Gonzaga2-250x250.jpg\" class=\"attachment-thumbnail size-thumbnail\" alt=\"\" decoding=\"async\" loading=\"lazy\" \/><\/a>\n\t\t\t<\/div><\/figure><figure class='gallery-item'>\n\t\t\t<div class='gallery-icon landscape'>\n\t\t\t\t<a href='https:\/\/apps.mpma.mp.br\/campanha-contra-drogas\/2017\/12\/14\/encerramento-da-campanha-maranhao-na-prevencao-as-drogas\/placacleones\/'><img width=\"250\" height=\"250\" src=\"https:\/\/apps.mpma.mp.br\/campanha-contra-drogas\/wp-content\/uploads\/2017\/12\/PlacaCleones-250x250.jpg\" class=\"attachment-thumbnail size-thumbnail\" alt=\"\" decoding=\"async\" loading=\"lazy\" \/><\/a>\n\t\t\t<\/div><\/figure><figure class='gallery-item'>\n\t\t\t<div class='gallery-icon landscape'>\n\t\t\t\t<a href='https:\/\/apps.mpma.mp.br\/campanha-contra-drogas\/2017\/12\/14\/encerramento-da-campanha-maranhao-na-prevencao-as-drogas\/publico\/'><img width=\"250\" height=\"250\" src=\"https:\/\/apps.mpma.mp.br\/campanha-contra-drogas\/wp-content\/uploads\/2017\/12\/Publico-250x250.jpg\" class=\"attachment-thumbnail size-thumbnail\" alt=\"\" decoding=\"async\" loading=\"lazy\" \/><\/a>\n\t\t\t<\/div><\/figure><figure class='gallery-item'>\n\t\t\t<div class='gallery-icon landscape'>\n\t\t\t\t<a href='https:\/\/apps.mpma.mp.br\/campanha-contra-drogas\/2017\/12\/14\/encerramento-da-campanha-maranhao-na-prevencao-as-drogas\/relatorio\/'><img width=\"250\" height=\"250\" src=\"https:\/\/apps.mpma.mp.br\/campanha-contra-drogas\/wp-content\/uploads\/2017\/12\/Relatorio-250x250.jpg\" class=\"attachment-thumbnail size-thumbnail\" alt=\"\" decoding=\"async\" loading=\"lazy\" \/><\/a>\n\t\t\t<\/div><\/figure>\n\t\t<\/div>\n\n<p style=\"text-align: justify;\">Em solenidade no audit\u00f3rio da Procuradoria Geral de Justi\u00e7a, nesta ter\u00e7a-feira, 12\/12\/17, foi realizado o encerramento da campanha \u201cMaranh\u00e3o na Preven\u00e7\u00e3o \u00e0s Drogas\u201d, iniciativa coordenada pelo comit\u00ea estadual integrado pelo Minist\u00e9rio P\u00fablico do Maranh\u00e3o, Tribunal de Justi\u00e7a e C\u00e2mara dos Deputados, com apoio do Governo do Estado, Assembleia Legislativa, Pol\u00edcia Rodovi\u00e1ria Federal, Pol\u00edcia Federal e Famem (Federa\u00e7\u00e3o dos Munic\u00edpios do Estado do Maranh\u00e3o).<\/p>\n<p>Estiveram presentes representantes do comit\u00ea da campanha, membros e servidores do Minist\u00e9rio P\u00fablico, do Judici\u00e1rio, alunos e professores de escolas da rede p\u00fablica que aderiram \u00e0 campanha.<\/p>\n<p>A cerim\u00f4nia iniciou com a apresenta\u00e7\u00e3o da banda de m\u00fasica do Bom Menino das Merc\u00eas, que executou o Hino Nacional.<\/p>\n<p>A promotora de justi\u00e7a Cristiane Maia Lago, titular da 11\u00aa Promotoria de Justi\u00e7a de Substitui\u00e7\u00e3o Plena da Capital,\u00a0apresentou um relat\u00f3rio sobre a a\u00e7\u00e3o em 2017. Ela destacou que 76 munic\u00edpios aderiram ao programa, que tem como objetivo principal propor medidas que visem \u00e0 preven\u00e7\u00e3o ao uso indevido de drogas, o cuidado, o tratamento e a reinser\u00e7\u00e3o social de usu\u00e1rios e dependentes, bem como a redu\u00e7\u00e3o do consumo e do com\u00e9rcio de drogas l\u00edcitas (\u00e1lcool e tabaco) e il\u00edcitas.<\/p>\n<p>A implanta\u00e7\u00e3o dos sistemas municipais de pol\u00edticas sobre drogas \u00e9 a mais importante medida dos entes que aderiram ao programa. Esses sistemas consistem na cria\u00e7\u00e3o e instala\u00e7\u00e3o dos Conselhos e Fundos Municipais, al\u00e9m dos Conselhos Escolares sobre Drogas. Cristiane Lago informou que, do total de 76 munic\u00edpios, 51 j\u00e1 t\u00eam leis promulgadas e 12 com legisla\u00e7\u00e3o tramitando. Existem mais de 300 Conselhos Escolares instalados e funcionando.<\/p>\n<p>\u201cUma importante conquista da campanha foi a reativa\u00e7\u00e3o do Conselho Estadual sobre Drogas, que, inclusive, deixou de ser vinculado \u00e0 Secretaria de Seguran\u00e7a P\u00fablica e passou \u00e0 Sa\u00fade\u201d, ressaltou Cristiane Lago.<\/p>\n<p>Uma c\u00f3pia do relat\u00f3rio foi entregue pela promotora de justi\u00e7a ao presidente do Conselho Estadual de Pol\u00edtica sobre Drogas, Marcelo Rosa, que \u00e9 secret\u00e1rio-adjunto de Estado da Sa\u00fade.<\/p>\n<p>Representando o Centro de Ensino Ant\u00f4nio Ribeiro da Silva, a professora Maria do Socorro Leal relatou a implementa\u00e7\u00e3o do projeto sobre drogas na escola, que fica localizada na \u00e1rea Itaqui-Bacanga. Inserido na proposta pol\u00edtico-pedag\u00f3gica, contempla todo o curr\u00edculo escolar das turmas de ensino fundamental e m\u00e9dio, por meio de atividades de produ\u00e7\u00e3o textual, pintura, teatro e aplica\u00e7\u00e3o de question\u00e1rios a respeito do tema.<\/p>\n<p>O presidente do Tribunal de Justi\u00e7a, desembargador Cleones Cunha, destacou o papel desempenhado por membros do Minist\u00e9rio P\u00fablico e do Judici\u00e1rio no desenvolvimento da campanha, levada a quase 80 munic\u00edpios maranhenses. Dirigindo-se aos estudantes, aconselhou-os, a partir da pr\u00f3pria experi\u00eancia de ter ser sido fumante por 30 anos, a n\u00e3o ingressarem no mundo das drogas. \u201cN\u00e3o vale a pena. A depend\u00eancia que \u00e9 criada s\u00f3 leva a tr\u00eas caminhos: hospital, pres\u00eddio e \u00e0 morte. Afastem-se disso!\u201d.<\/p>\n<p>O procurador-geral de justi\u00e7a, Luiz Gonzaga Martins Coelho, tamb\u00e9m enfatizou o comprometimento de promotores de justi\u00e7a, magistrados, estudantes e demais parceiros para o \u00eaxito da campanha. Ele fez quest\u00e3o de citar as promotoras de justi\u00e7a Cristiane Lago e Sandra Fagundes Garcia, de A\u00e7ail\u00e2ndia, e os ju\u00edzes de direito J\u00falio Prazeres (auxiliar da presid\u00eancia do TJ-MA) e Jorge Leite, de Bacabal, na mobiliza\u00e7\u00e3o da campanha em todo o estado.<\/p>\n<p>Para refor\u00e7ar a import\u00e2ncia da preven\u00e7\u00e3o ao uso das drogas, Gonzaga encerrou seu discurso citando o antrop\u00f3logo e escritor Darcy Ribeiro que disse que \u201cse\u00a0os governadores n\u00e3o\u00a0constru\u00edrem\u00a0escolas, em 20 anos faltar\u00e1 dinheiro para\u00a0construir pres\u00eddios&#8221;.<\/p>\n<p><strong>HOMENAGEM<\/strong><br \/>\nNo encerramento da solenidade, Luiz Gonzaga Coelho homenageou o presidente do Tribunal de Justi\u00e7a com uma placa como reconhecimento ao apoio e engajamento do Judici\u00e1rio estadual \u00e0 campanha \u201cMaranh\u00e3o na Preven\u00e7\u00e3o \u00e0s Drogas\u201d bem como pela parceria institucional ao longo de seu mandato \u00e0 frente do Judici\u00e1rio Estadual, que se encerra no pr\u00f3ximo dia 15.<\/p>\n<p>A aluna do 2\u00ba ano do ensino m\u00e9dio do Liceu Maranhense, Kassiane Calvet, apresentou uma m\u00fasica que comp\u00f4s a partir do desenvolvimento da campanha na escola. Intitulada \u201cNova Realidade\u201d, a composi\u00e7\u00e3o aborda os perigos do envolvimento do jovem com as drogas.<\/p>\n<p><strong>AUTORIDADES PRESENTES<\/strong><br \/>\nEstiveram presentes na solenidade compondo a mesa dos trabalhos as seguintes autoridades: o presidente do Tribunal de Justi\u00e7a, desembargador Cleones Cunha; o procurador-geral do Estado, Rodrigo Maia Rocha, que representou o governador Fl\u00e1vio Dino; o corregedor-geral do MPMA, Eduardo Nicolau; o defensor p\u00fablico-geral do estado, Werther Lima; o presidente do Conselho Estadual sobre Drogas, Marcelo Rosa; o secret\u00e1rio-adjunto de Estado da Educa\u00e7\u00e3o, Danilo Moreira; o procurador Jairo Cavalcante, que representou o Minist\u00e9rio P\u00fablico de Contas do Maranh\u00e3o; inspetor G\u00e9rson Almeida Sales, representando a Pol\u00edcia Rodovi\u00e1ria Federal; o superintendente Estadual de Repress\u00e3o ao Narcotr\u00e1fico (Senarc), Carlos Alessandro, que representou o secret\u00e1rio de Estado da Seguran\u00e7a P\u00fablica, Jeferson Portela; o tenente-coronel Almir Pontes, representando a Pol\u00edcia Militar do Maranh\u00e3o; al\u00e9m dos promotores de justi\u00e7a Cristiane Lago, Paulo Avelar (diretor das Promotorias de Justi\u00e7a da Capital) e Ana Teresa Silva de Freitas (diretora da Escola Superior do Minist\u00e9rio P\u00fablico).<\/p>\n<p><strong>Reda\u00e7\u00e3o:\u00a0<\/strong>Jos\u00e9 Lu\u00eds Diniz (CCOM-MPMA)<br \/>\n<strong>Fotos:<\/strong>\u00a0Rodrigo Freitas (CCOM-MPMA)<\/p>\n","protected":false},"excerpt":{"rendered":"<p>Em solenidade no audit\u00f3rio da Procuradoria Geral de Justi\u00e7a, nesta ter\u00e7a-feira, 12\/12\/17, foi realizado o encerramento da campanha \u201cMaranh\u00e3o na Preven\u00e7\u00e3o \u00e0s Drogas\u201d, iniciativa coordenada pelo comit\u00ea estadual integrado pelo Minist\u00e9rio P\u00fablico do Maranh\u00e3o, Tribunal de Justi\u00e7a e C\u00e2mara dos Deputados, com apoio do Governo do Estado, Assembleia Legislativa, Pol\u00edcia Rodovi\u00e1ria Federal, Pol\u00edcia Federal e &hellip; <a href=\"https:\/\/apps.mpma.mp.br\/campanha-contra-drogas\/2017\/12\/14\/encerramento-da-campanha-maranhao-na-prevencao-as-drogas\/\" class=\"more-link\">Continue lendo <span class=\"screen-reader-text\">Encerramento da Campanha \u201cMaranh\u00e3o na Preven\u00e7\u00e3o \u00e0s Drogas\u201d<\/span> <span class=\"meta-nav\">&rarr;<\/span><\/a><\/p>\n","protected":false},"author":2,"featured_media":0,"comment_status":"open","ping_status":"open","sticky":false,"template":"","format":"standard","meta":[],"categories":[5],"tags":[7],"_links":{"self":[{"href":"https:\/\/apps.mpma.mp.br\/campanha-contra-drogas\/wp-json\/wp\/v2\/posts\/305"}],"collection":[{"href":"https:\/\/apps.mpma.mp.br\/campanha-contra-drogas\/wp-json\/wp\/v2\/posts"}],"about":[{"href":"https:\/\/apps.mpma.mp.br\/campanha-contra-drogas\/wp-json\/wp\/v2\/types\/post"}],"author":[{"embeddable":true,"href":"https:\/\/apps.mpma.mp.br\/campanha-contra-drogas\/wp-json\/wp\/v2\/users\/2"}],"replies":[{"embeddable":true,"href":"https:\/\/apps.mpma.mp.br\/campanha-contra-drogas\/wp-json\/wp\/v2\/comments?post=305"}],"version-history":[{"count":1,"href":"https:\/\/apps.mpma.mp.br\/campanha-contra-drogas\/wp-json\/wp\/v2\/posts\/305\/revisions"}],"predecessor-version":[{"id":315,"href":"https:\/\/apps.mpma.mp.br\/campanha-contra-drogas\/wp-json\/wp\/v2\/posts\/305\/revisions\/315"}],"wp:attachment":[{"href":"https:\/\/apps.mpma.mp.br\/campanha-contra-drogas\/wp-json\/wp\/v2\/media?parent=305"}],"wp:term":[{"taxonomy":"category","embeddable":true,"href":"https:\/\/apps.mpma.mp.br\/campanha-contra-drogas\/wp-json\/wp\/v2\/categories?post=305"},{"taxonomy":"post_tag","embeddable":true,"href":"https:\/\/apps.mpma.mp.br\/campanha-contra-drogas\/wp-json\/wp\/v2\/tags?post=305"}],"curies":[{"name":"wp","href":"https:\/\/api.w.org\/{rel}","templated":true}]}}