{"id":317,"date":"2018-04-17T09:32:57","date_gmt":"2018-04-17T12:32:57","guid":{"rendered":"http:\/\/apps.mpma.mp.br\/campanha-contra-drogas\/?p=317"},"modified":"2023-07-12T08:11:38","modified_gmt":"2023-07-12T11:11:38","slug":"a-campanha-de-prevencao-e-combate-ao-uso-de-drogas-retoma-os-trabalhos-em-2018","status":"publish","type":"post","link":"https:\/\/apps.mpma.mp.br\/campanha-contra-drogas\/2018\/04\/17\/a-campanha-de-prevencao-e-combate-ao-uso-de-drogas-retoma-os-trabalhos-em-2018\/","title":{"rendered":"A campanha de preven\u00e7\u00e3o e combate ao uso de drogas, retoma os trabalhos em 2018."},"content":{"rendered":"<h2 style=\"text-align: justify;\">O LAN\u00c7AMENTO DA CAMPANHA NESTE ANO DE 2018 OCORRIDA NOS MUNIC\u00cdPIOS DE CAPINZAL DO NORTE, DOM PEDRO E ARARI<\/h2>\n<p>&nbsp;<\/p>\n<div id='gallery-1' class='gallery galleryid-317 gallery-columns-3 gallery-size-thumbnail'><figure class='gallery-item'>\n\t\t\t<div class='gallery-icon landscape'>\n\t\t\t\t<a href='https:\/\/apps.mpma.mp.br\/campanha-contra-drogas\/2018\/04\/17\/a-campanha-de-prevencao-e-combate-ao-uso-de-drogas-retoma-os-trabalhos-em-2018\/apresentacao_cultural_reduz\/'><img width=\"250\" height=\"250\" src=\"https:\/\/apps.mpma.mp.br\/campanha-contra-drogas\/wp-content\/uploads\/2018\/04\/apresentacao_cultural_reduz-250x250.jpg\" class=\"attachment-thumbnail size-thumbnail\" alt=\"\" decoding=\"async\" loading=\"lazy\" aria-describedby=\"gallery-1-318\" \/><\/a>\n\t\t\t<\/div>\n\t\t\t\t<figcaption class='wp-caption-text gallery-caption' id='gallery-1-318'>\n\t\t\t\tApresenta\u00e7\u00e3o Cultural\n\t\t\t\t<\/figcaption><\/figure><figure class='gallery-item'>\n\t\t\t<div class='gallery-icon landscape'>\n\t\t\t\t<a href='https:\/\/apps.mpma.mp.br\/campanha-contra-drogas\/2018\/04\/17\/a-campanha-de-prevencao-e-combate-ao-uso-de-drogas-retoma-os-trabalhos-em-2018\/arari_campanha_drogas\/'><img width=\"250\" height=\"250\" src=\"https:\/\/apps.mpma.mp.br\/campanha-contra-drogas\/wp-content\/uploads\/2018\/04\/Arari_Campanha_Drogas-250x250.jpeg\" class=\"attachment-thumbnail size-thumbnail\" alt=\"\" decoding=\"async\" loading=\"lazy\" aria-describedby=\"gallery-1-319\" \/><\/a>\n\t\t\t<\/div>\n\t\t\t\t<figcaption class='wp-caption-text gallery-caption' id='gallery-1-319'>\n\t\t\t\tEvento na Cidade de Arari.\n\t\t\t\t<\/figcaption><\/figure><figure class='gallery-item'>\n\t\t\t<div class='gallery-icon landscape'>\n\t\t\t\t<a href='https:\/\/apps.mpma.mp.br\/campanha-contra-drogas\/2018\/04\/17\/a-campanha-de-prevencao-e-combate-ao-uso-de-drogas-retoma-os-trabalhos-em-2018\/ariadne_meneses\/'><img width=\"250\" height=\"250\" src=\"https:\/\/apps.mpma.mp.br\/campanha-contra-drogas\/wp-content\/uploads\/2018\/04\/Ariadne_Meneses-250x250.jpg\" class=\"attachment-thumbnail size-thumbnail\" alt=\"\" decoding=\"async\" loading=\"lazy\" aria-describedby=\"gallery-1-320\" \/><\/a>\n\t\t\t<\/div>\n\t\t\t\t<figcaption class='wp-caption-text gallery-caption' id='gallery-1-320'>\n\t\t\t\tAriadne Meneses\n\t\t\t\t<\/figcaption><\/figure><figure class='gallery-item'>\n\t\t\t<div class='gallery-icon landscape'>\n\t\t\t\t<a href='https:\/\/apps.mpma.mp.br\/campanha-contra-drogas\/2018\/04\/17\/a-campanha-de-prevencao-e-combate-ao-uso-de-drogas-retoma-os-trabalhos-em-2018\/dsc_0290_reduz\/'><img width=\"250\" height=\"250\" src=\"https:\/\/apps.mpma.mp.br\/campanha-contra-drogas\/wp-content\/uploads\/2018\/04\/DSC_0290_reduz-250x250.jpg\" class=\"attachment-thumbnail size-thumbnail\" alt=\"\" decoding=\"async\" loading=\"lazy\" aria-describedby=\"gallery-1-321\" \/><\/a>\n\t\t\t<\/div>\n\t\t\t\t<figcaption class='wp-caption-text gallery-caption' id='gallery-1-321'>\n\t\t\t\tMesa de Autoridades\n\t\t\t\t<\/figcaption><\/figure><figure class='gallery-item'>\n\t\t\t<div class='gallery-icon landscape'>\n\t\t\t\t<a href='https:\/\/apps.mpma.mp.br\/campanha-contra-drogas\/2018\/04\/17\/a-campanha-de-prevencao-e-combate-ao-uso-de-drogas-retoma-os-trabalhos-em-2018\/dsc_0328_reduz\/'><img width=\"250\" height=\"250\" src=\"https:\/\/apps.mpma.mp.br\/campanha-contra-drogas\/wp-content\/uploads\/2018\/04\/DSC_0328_reduz-250x250.jpg\" class=\"attachment-thumbnail size-thumbnail\" alt=\"\" decoding=\"async\" loading=\"lazy\" aria-describedby=\"gallery-1-322\" \/><\/a>\n\t\t\t<\/div>\n\t\t\t\t<figcaption class='wp-caption-text gallery-caption' id='gallery-1-322'>\n\t\t\t\tP\u00fablico em massa. Comunidade em geral.\n\t\t\t\t<\/figcaption><\/figure><figure class='gallery-item'>\n\t\t\t<div class='gallery-icon landscape'>\n\t\t\t\t<a href='https:\/\/apps.mpma.mp.br\/campanha-contra-drogas\/2018\/04\/17\/a-campanha-de-prevencao-e-combate-ao-uso-de-drogas-retoma-os-trabalhos-em-2018\/dsc_0335_reduz\/'><img width=\"250\" height=\"250\" src=\"https:\/\/apps.mpma.mp.br\/campanha-contra-drogas\/wp-content\/uploads\/2018\/04\/DSC_0335_reduz-250x250.jpg\" class=\"attachment-thumbnail size-thumbnail\" alt=\"\" decoding=\"async\" loading=\"lazy\" aria-describedby=\"gallery-1-323\" \/><\/a>\n\t\t\t<\/div>\n\t\t\t\t<figcaption class='wp-caption-text gallery-caption' id='gallery-1-323'>\n\t\t\t\tP\u00fablico em massa. Comunidade em geral.\n\t\t\t\t<\/figcaption><\/figure><figure class='gallery-item'>\n\t\t\t<div class='gallery-icon landscape'>\n\t\t\t\t<a href='https:\/\/apps.mpma.mp.br\/campanha-contra-drogas\/2018\/04\/17\/a-campanha-de-prevencao-e-combate-ao-uso-de-drogas-retoma-os-trabalhos-em-2018\/dsc_0547\/'><img width=\"250\" height=\"250\" src=\"https:\/\/apps.mpma.mp.br\/campanha-contra-drogas\/wp-content\/uploads\/2018\/04\/DSC_0547-250x250.jpg\" class=\"attachment-thumbnail size-thumbnail\" alt=\"\" decoding=\"async\" loading=\"lazy\" aria-describedby=\"gallery-1-325\" \/><\/a>\n\t\t\t<\/div>\n\t\t\t\t<figcaption class='wp-caption-text gallery-caption' id='gallery-1-325'>\n\t\t\t\tMesa de Autoridades.\n\t\t\t\t<\/figcaption><\/figure><figure class='gallery-item'>\n\t\t\t<div class='gallery-icon landscape'>\n\t\t\t\t<a href='https:\/\/apps.mpma.mp.br\/campanha-contra-drogas\/2018\/04\/17\/a-campanha-de-prevencao-e-combate-ao-uso-de-drogas-retoma-os-trabalhos-em-2018\/dsc_0645_reduz\/'><img width=\"250\" height=\"250\" src=\"https:\/\/apps.mpma.mp.br\/campanha-contra-drogas\/wp-content\/uploads\/2018\/04\/DSC_0645_reduz-250x250.jpg\" class=\"attachment-thumbnail size-thumbnail\" alt=\"\" decoding=\"async\" loading=\"lazy\" aria-describedby=\"gallery-1-326\" \/><\/a>\n\t\t\t<\/div>\n\t\t\t\t<figcaption class='wp-caption-text gallery-caption' id='gallery-1-326'>\n\t\t\t\tAlunos atentos a palestra.\n\t\t\t\t<\/figcaption><\/figure><figure class='gallery-item'>\n\t\t\t<div class='gallery-icon landscape'>\n\t\t\t\t<a href='https:\/\/apps.mpma.mp.br\/campanha-contra-drogas\/2018\/04\/17\/a-campanha-de-prevencao-e-combate-ao-uso-de-drogas-retoma-os-trabalhos-em-2018\/jailson_neves_11_anos_estudante_do_6o_ano_foi_homenageado_em_nome_de_todos_os_alunos_reduz\/'><img width=\"250\" height=\"250\" src=\"https:\/\/apps.mpma.mp.br\/campanha-contra-drogas\/wp-content\/uploads\/2018\/04\/Jailson_Neves_11_anos_estudante_do_6\u00ba_ano_foi_homenageado_em_nome_de_todos_os_alunos_reduz-250x250.jpg\" class=\"attachment-thumbnail size-thumbnail\" alt=\"\" decoding=\"async\" loading=\"lazy\" aria-describedby=\"gallery-1-327\" \/><\/a>\n\t\t\t<\/div>\n\t\t\t\t<figcaption class='wp-caption-text gallery-caption' id='gallery-1-327'>\n\t\t\t\tPremia\u00e7\u00e3o.\n\t\t\t\t<\/figcaption><\/figure><figure class='gallery-item'>\n\t\t\t<div class='gallery-icon landscape'>\n\t\t\t\t<a href='https:\/\/apps.mpma.mp.br\/campanha-contra-drogas\/2018\/04\/17\/a-campanha-de-prevencao-e-combate-ao-uso-de-drogas-retoma-os-trabalhos-em-2018\/licia_ramos_reduz\/'><img width=\"250\" height=\"250\" src=\"https:\/\/apps.mpma.mp.br\/campanha-contra-drogas\/wp-content\/uploads\/2018\/04\/L\u00edcia_Ramos_reduz-250x250.jpg\" class=\"attachment-thumbnail size-thumbnail\" alt=\"\" decoding=\"async\" loading=\"lazy\" aria-describedby=\"gallery-1-328\" \/><\/a>\n\t\t\t<\/div>\n\t\t\t\t<figcaption class='wp-caption-text gallery-caption' id='gallery-1-328'>\n\t\t\t\tLicia Cavalcante\n\t\t\t\t<\/figcaption><\/figure><figure class='gallery-item'>\n\t\t\t<div class='gallery-icon landscape'>\n\t\t\t\t<a href='https:\/\/apps.mpma.mp.br\/campanha-contra-drogas\/2018\/04\/17\/a-campanha-de-prevencao-e-combate-ao-uso-de-drogas-retoma-os-trabalhos-em-2018\/natalia_tavares_reduz\/'><img width=\"250\" height=\"250\" src=\"https:\/\/apps.mpma.mp.br\/campanha-contra-drogas\/wp-content\/uploads\/2018\/04\/Natalia_Tavares_reduz-250x250.jpg\" class=\"attachment-thumbnail size-thumbnail\" alt=\"\" decoding=\"async\" loading=\"lazy\" aria-describedby=\"gallery-1-329\" \/><\/a>\n\t\t\t<\/div>\n\t\t\t\t<figcaption class='wp-caption-text gallery-caption' id='gallery-1-329'>\n\t\t\t\tNatalia Tavares\n\t\t\t\t<\/figcaption><\/figure><figure class='gallery-item'>\n\t\t\t<div class='gallery-icon landscape'>\n\t\t\t\t<a href='https:\/\/apps.mpma.mp.br\/campanha-contra-drogas\/2018\/04\/17\/a-campanha-de-prevencao-e-combate-ao-uso-de-drogas-retoma-os-trabalhos-em-2018\/raedson_teixeira_reduz\/'><img width=\"250\" height=\"250\" src=\"https:\/\/apps.mpma.mp.br\/campanha-contra-drogas\/wp-content\/uploads\/2018\/04\/Raedson_Teixeira_reduz-250x250.jpg\" class=\"attachment-thumbnail size-thumbnail\" alt=\"\" decoding=\"async\" loading=\"lazy\" aria-describedby=\"gallery-1-331\" \/><\/a>\n\t\t\t<\/div>\n\t\t\t\t<figcaption class='wp-caption-text gallery-caption' id='gallery-1-331'>\n\t\t\t\tRaedson Teixeira\n\t\t\t\t<\/figcaption><\/figure><figure class='gallery-item'>\n\t\t\t<div class='gallery-icon landscape'>\n\t\t\t\t<a href='https:\/\/apps.mpma.mp.br\/campanha-contra-drogas\/2018\/04\/17\/a-campanha-de-prevencao-e-combate-ao-uso-de-drogas-retoma-os-trabalhos-em-2018\/sandra_garcia2_reduz\/'><img width=\"250\" height=\"250\" src=\"https:\/\/apps.mpma.mp.br\/campanha-contra-drogas\/wp-content\/uploads\/2018\/04\/Sandra_Garcia2_reduz-250x250.jpg\" class=\"attachment-thumbnail size-thumbnail\" alt=\"\" decoding=\"async\" loading=\"lazy\" aria-describedby=\"gallery-1-332\" \/><\/a>\n\t\t\t<\/div>\n\t\t\t\t<figcaption class='wp-caption-text gallery-caption' id='gallery-1-332'>\n\t\t\t\tSandra Garcia. Promotora de Justi\u00e7a palestrante.\n\t\t\t\t<\/figcaption><\/figure>\n\t\t<\/div>\n\n<p>&nbsp;<\/p>\n<p style=\"text-align: justify;\">\u00a0O Minist\u00e9rio P\u00fablico do Maranh\u00e3o lan\u00e7ou, nesta quarta e quinta-feira, dias 11 e 12 de abril, a campanha institucional \u201cQuem escolhe o seu caminho? Voc\u00ea ou as drogas?\u201d nos munic\u00edpios de Capinzal do Norte, Dom Pedro e Arari. Os eventos reuniram autoridades religiosas, sociedade civil, militares, estudantes, conselheiros tutelares e de direitos, promotores de justi\u00e7a, professores e demais profissionais da \u00e1rea da educa\u00e7\u00e3o, membros do Poder Executivo, Legislativo e Judici\u00e1rio.<\/p>\n<p>Iniciada em 2013, a campanha \u00e9 desenvolvida na capital e no interior do estado e tem como objetivo principal prevenir o uso de drogas por meio de palestras e atividades art\u00edsticas, como os concursos de reda\u00e7\u00e3o, poesia e desenho.<\/p>\n<p>O primeiro munic\u00edpio foi <strong><span style=\"text-decoration: underline;\">Capinzal do Norte<\/span><\/strong> na manh\u00e3 desta quarta-feira, 11, no Gin\u00e1sio Poliesportivo Henrique Fernando. O evento contou com a participa\u00e7\u00e3o dos prefeitos dos tr\u00eas munic\u00edpios da comarca: Andr\u00e9 Portela (Capinzal do Norte), Emanuel Oliveira, mais conhecido como Bigu (Santo Ant\u00f4nio dos Lopes) e Dra. Maria de Jesus (Governador Archer), que tamb\u00e9m aderiram \u00e0 campanha.<\/p>\n<p>A promotora de justi\u00e7a Nat\u00e1lia Macedo Luna Tavares, titular de Santo Ant\u00f4nio dos Lopes, da qual Capinzal do Norte \u00e9 termo judici\u00e1rio, agradeceu a presen\u00e7a de todos os estudantes, alvos da campanha, al\u00e9m de professores e profissionais da educa\u00e7\u00e3o, que s\u00e3o respons\u00e1veis por trabalhar a tem\u00e1tica de combate \u00e0s drogas nas escolas.<\/p>\n<p>Desde que iniciou o trabalho na comarca, em mar\u00e7o de 2017, onde tamb\u00e9m \u00e9 respons\u00e1vel pelo termo judici\u00e1rio de Governador Archer, a representante do Minist\u00e9rio P\u00fablico destacou, em seu discurso, uma grande quantidade de crimes relacionados \u00e0s drogas envolvendo adolescentes e jovens. \u201cAlerto que n\u00e3o se trata apenas de combate \u00e0 criminalidade, mas, principalmente, conscientizar voc\u00eas, alunos. Cada um tem um papel decisivo nesta campanha\u201d.<\/p>\n<hr \/>\n<p style=\"text-align: justify;\"><strong>DOM PEDRO<\/strong><\/p>\n<p>\u00c0 tarde, ainda no dia 11, a campanha foi lan\u00e7ada em Dom Pedro, no Clube da Juventude. A promotora de justi\u00e7a Ariadne Dantas Meneses enfatizou que o foco do Minist\u00e9rio P\u00fablico \u00e9 o trabalho na preven\u00e7\u00e3o e conscientiza\u00e7\u00e3o dos estudantes.<\/p>\n<p>\u201cNosso objetivo \u00e9 que voc\u00eas, crian\u00e7as e adolescentes, estudantes em processo de forma\u00e7\u00e3o, tenham plena convic\u00e7\u00e3o das raz\u00f5es para evitar entrar nesse caminho. Precisamos plantar bons frutos porque reflete em toda a sociedade. Sejamos vigilantes!\u201d, afirmou a promotora de justi\u00e7a.<\/p>\n<p>A titular da Comarca de Dom Pedro enfatizou que o uso de drogas alimenta um ciclo negativo de evas\u00e3o escolar, atos infracionais e viol\u00eancia. \u201cNos quase tr\u00eas anos de trabalho em Dom Pedro todos os adolescentes que praticaram atos infracionais admitiram usar drogas. Pensem bem se voc\u00eas querem esse caminho. O melhor caminho a escolher \u00e9 longe das drogas\u201d.<\/p>\n<p>Em Dom Pedro, os alunos ouviram o depoimento do detento Raedson Teixeira, que cumpre pena de 20 anos de reclus\u00e3o na Associa\u00e7\u00e3o de Prote\u00e7\u00e3o e Assist\u00eancia aos Condenados (APAC) de Pedreiras.<\/p>\n<p>Ele come\u00e7ou a cumprir pena, aos 21 anos, na Penitenci\u00e1ria de Pedrinhas e enfrentou 55 rebeli\u00f5es. \u201cO que me levou a esta situa\u00e7\u00e3o foi o consumo de drogas. Comecei com o cigarro, \u00e1lcool e depois tive contato com drogas mais pesadas at\u00e9 me envolver com o crime\u201d.<\/p>\n<p>Teixeira contou que a oportunidade de cumprir pena na APAC deu um novo \u00e2nimo para sua recupera\u00e7\u00e3o e, apesar disso, a vida de um dependente qu\u00edmico \u00e9 marcada por uma luta di\u00e1ria. \u201cN\u00e3o fa\u00e7am igual ou semelhante a mim. A droga me levou a um caminho muito ruim. Em Pedrinhas encontrei tristeza, frustra\u00e7\u00e3o e desumanidade. Espero que voc\u00eas n\u00e3o tenham que cair como eu para depois tentar levantar\u201d.<\/p>\n<p>Os representantes dos munic\u00edpios de Dom Pedro, o vice-prefeito Adailton Santos, o Curi\u00f3, e de Gon\u00e7alves Dias, o presidente da C\u00e2mara Municipal, Jason Peixoto, tamb\u00e9m prestigiaram o evento.<\/p>\n<hr \/>\n<p><strong>ARARI<\/strong><\/p>\n<p>Na quinta-feira, 12, a campanha foi apresentada na sede da Igreja Assembleia de Deus, em Arari. A titular da Comarca, L\u00edcia Ramos Cavalcante, em sua apresenta\u00e7\u00e3o, classificou o consumo de drogas e suas consequ\u00eancias para o aumento da viol\u00eancia como uma \u201cepidemia\u201d. \u201cMais de 50% dos processos criminais, direta ou indiretamente, envolvem as drogas\u201d.<\/p>\n<p>Na avalia\u00e7\u00e3o da promotora de justi\u00e7a, por estar presente em todos os lugares, independentemente de classe social, a droga requer um ataque conjunto de v\u00e1rias institui\u00e7\u00f5es e atores sociais, especialmente na preven\u00e7\u00e3o. \u201cVoc\u00eas, estudantes, s\u00e3o os principais destinat\u00e1rios deste projeto. Dessa forma, todos n\u00f3s precisamos unir esfor\u00e7os para atua\u00e7\u00e3o conjunta e mais completa\u201d.<\/p>\n<p>O promotor de justi\u00e7a e secret\u00e1rio de Assuntos Institucionais da PGJ, Marco Antonio Santos Amorim, participou de todos os eventos.<\/p>\n<p><strong>PALESTRA<\/strong><\/p>\n<p>Nos tr\u00eas munic\u00edpios, a promotora de justi\u00e7a Sandra Fagundes Garcia, titular da Comarca de A\u00e7ail\u00e2ndia e correspons\u00e1vel pela campanha \u201cQuem escolhe o seu caminho? Voc\u00ea ou as drogas?\u201d nas cidades do interior do Maranh\u00e3o, ministrou palestra sobre a preven\u00e7\u00e3o ao uso de subst\u00e2ncias entorpecentes.<\/p>\n<p>A promotora de justi\u00e7a discorreu sobre as consequ\u00eancias do uso de drogas l\u00edcitas e il\u00edcitas, os malef\u00edcios para a sa\u00fade e as repercuss\u00f5es negativas para os viciados e dependentes qu\u00edmicos. Em sua apresenta\u00e7\u00e3o, Sandra Garcia apresentou uma estimativa que no Brasil oito milh\u00f5es de pessoas usam drogas e as fam\u00edlias dos usu\u00e1rios s\u00e3o atingidas, afetando em torno de 28 milh\u00f5es. \u201cEst\u00e1 na m\u00e3o de voc\u00eas qual caminho escolher: o caminho de luz, de perspectivas boas e estudos ou o caminho de lama, de sofrimento e viol\u00eancia\u201d, chamando a aten\u00e7\u00e3o dos jovens sobre a decis\u00e3o a ser tomada.<\/p>\n<p>\u201cO \u00edndice de criminalidade aumenta por causa das drogas. \u00c9 preciso que voc\u00eas tenham compreens\u00e3o da gravidade do seu uso\u201d, afirmou Sandra Garcia.<\/p>\n<p style=\"text-align: justify;\">A palestrante abordou, ainda, que a inf\u00e2ncia, adolesc\u00eancia e juventude s\u00e3o per\u00edodos especiais de desenvolvimento e as escolhas adotadas em consumir ou n\u00e3o drogas v\u00e3o moldar o futuro. Para fomentar esse debate, ser\u00e3o realizados concursos de reda\u00e7\u00e3o, poesia e desenho nas escolas. Al\u00e9m disso, a campanha tamb\u00e9m estimula atividades esportivas e culturais, a exemplos de corridas, passeios cicl\u00edsticos, dentre outras atividades.<\/p>\n<p>Para o procurador-geral de justi\u00e7a, Luiz Gonzaga Martins Coelho, vivemos uma guerra contra o crime e combater as drogas \u00e9 um passo estrat\u00e9gico nesse sentido. \u201cEssa campanha, abra\u00e7ada por todos os parceiros, e agora levada aos munic\u00edpios \u00e9 um investimento e n\u00e3o uma despesa. Vamos fazer essa corrente do bem\u201d.<\/p>\n<p>Ao pedir a ades\u00e3o dos prefeitos, vereadores, professores, diretores de escolas, conselheiros e sociedade civil o procurador-geral de justi\u00e7a destacou que o esfor\u00e7o conjunto trar\u00e1 frutos para toda coletividade. \u201cO Minist\u00e9rio P\u00fablico j\u00e1 levou esta campanha a mais de 80 munic\u00edpios e esta articula\u00e7\u00e3o vai ser ampliada ainda mais. Nossa institui\u00e7\u00e3o trabalha como agente de transforma\u00e7\u00e3o social e prop\u00f5e a uni\u00e3o de for\u00e7as para construir uma sociedade melhor\u201d.<\/p>\n<p><strong>DADOS<\/strong><\/p>\n<p>Sandra Garcia informou que nos munic\u00edpios de Santo Ant\u00f4nio dos Lopes, Capinzal do Norte e Governador Archer j\u00e1 foram aprovadas, por sugest\u00e3o do MPMA, leis para cria\u00e7\u00e3o do Conselho Municipal Contra as Drogas, Conselho Escolar e Fundo Municipal de Combate \u00e0s Drogas.<\/p>\n<p>Em Dom Pedro e Gon\u00e7alves Dias, tamb\u00e9m por iniciativa do Minist\u00e9rio P\u00fablico, j\u00e1 foi iniciado processo legislativo para cria\u00e7\u00e3o dos conselhos e do fundo. Em Arari, tamb\u00e9m j\u00e1 foi criado o Conselho Municipal Contra as Drogas, Conselho Escolar e Fundo Municipal de Combate \u00e0s Drogas.<\/p>\n<p>As informa\u00e7\u00f5es da campanha podem ser acessadas pelo link: http:\/\/apps.mpma.mp.br\/campanha-contra-drogas\/ ou na aba \u201cComunica\u00e7\u00e3o\u201d e em seguida \u201cCampanhas institucionais\u201d.<\/p>\n<p><span style=\"text-decoration: underline;\"><strong>Reda\u00e7\u00e3o e fotos:<\/strong>\u00a0Johelton Gomes (CCOM-MPMA)<\/span><\/p>\n<p>&nbsp;<\/p>\n","protected":false},"excerpt":{"rendered":"<p>O LAN\u00c7AMENTO DA CAMPANHA NESTE ANO DE 2018 OCORRIDA NOS MUNIC\u00cdPIOS DE CAPINZAL DO NORTE, DOM PEDRO E ARARI &nbsp; &nbsp; \u00a0O Minist\u00e9rio P\u00fablico do Maranh\u00e3o lan\u00e7ou, nesta quarta e quinta-feira, dias 11 e 12 de abril, a campanha institucional \u201cQuem escolhe o seu caminho? Voc\u00ea ou as drogas?\u201d nos munic\u00edpios de Capinzal do Norte, &hellip; <a href=\"https:\/\/apps.mpma.mp.br\/campanha-contra-drogas\/2018\/04\/17\/a-campanha-de-prevencao-e-combate-ao-uso-de-drogas-retoma-os-trabalhos-em-2018\/\" class=\"more-link\">Continue lendo <span class=\"screen-reader-text\">A campanha de preven\u00e7\u00e3o e combate ao uso de drogas, retoma os trabalhos em 2018.<\/span> <span class=\"meta-nav\">&rarr;<\/span><\/a><\/p>\n","protected":false},"author":2,"featured_media":0,"comment_status":"open","ping_status":"open","sticky":false,"template":"","format":"standard","meta":[],"categories":[5],"tags":[7],"_links":{"self":[{"href":"https:\/\/apps.mpma.mp.br\/campanha-contra-drogas\/wp-json\/wp\/v2\/posts\/317"}],"collection":[{"href":"https:\/\/apps.mpma.mp.br\/campanha-contra-drogas\/wp-json\/wp\/v2\/posts"}],"about":[{"href":"https:\/\/apps.mpma.mp.br\/campanha-contra-drogas\/wp-json\/wp\/v2\/types\/post"}],"author":[{"embeddable":true,"href":"https:\/\/apps.mpma.mp.br\/campanha-contra-drogas\/wp-json\/wp\/v2\/users\/2"}],"replies":[{"embeddable":true,"href":"https:\/\/apps.mpma.mp.br\/campanha-contra-drogas\/wp-json\/wp\/v2\/comments?post=317"}],"version-history":[{"count":3,"href":"https:\/\/apps.mpma.mp.br\/campanha-contra-drogas\/wp-json\/wp\/v2\/posts\/317\/revisions"}],"predecessor-version":[{"id":335,"href":"https:\/\/apps.mpma.mp.br\/campanha-contra-drogas\/wp-json\/wp\/v2\/posts\/317\/revisions\/335"}],"wp:attachment":[{"href":"https:\/\/apps.mpma.mp.br\/campanha-contra-drogas\/wp-json\/wp\/v2\/media?parent=317"}],"wp:term":[{"taxonomy":"category","embeddable":true,"href":"https:\/\/apps.mpma.mp.br\/campanha-contra-drogas\/wp-json\/wp\/v2\/categories?post=317"},{"taxonomy":"post_tag","embeddable":true,"href":"https:\/\/apps.mpma.mp.br\/campanha-contra-drogas\/wp-json\/wp\/v2\/tags?post=317"}],"curies":[{"name":"wp","href":"https:\/\/api.w.org\/{rel}","templated":true}]}}