{"id":337,"date":"2018-05-25T10:44:41","date_gmt":"2018-05-25T13:44:41","guid":{"rendered":"http:\/\/apps.mpma.mp.br\/campanha-contra-drogas\/?p=337"},"modified":"2023-07-12T08:11:38","modified_gmt":"2023-07-12T11:11:38","slug":"campanha-de-prevencao-as-drogas-e-lancada-em-bequimao-e-mirinzal","status":"publish","type":"post","link":"https:\/\/apps.mpma.mp.br\/campanha-contra-drogas\/2018\/05\/25\/campanha-de-prevencao-as-drogas-e-lancada-em-bequimao-e-mirinzal\/","title":{"rendered":"Lan\u00e7ada a Campanha nos Munic\u00edpios de Bequim\u00e3o, Mirinzal e Guimar\u00e3es."},"content":{"rendered":"<p style=\"text-align: justify;\">\n<div id='gallery-1' class='gallery galleryid-337 gallery-columns-3 gallery-size-thumbnail'><figure class='gallery-item'>\n\t\t\t<div class='gallery-icon landscape'>\n\t\t\t\t<a href='https:\/\/apps.mpma.mp.br\/campanha-contra-drogas\/2018\/05\/25\/campanha-de-prevencao-as-drogas-e-lancada-em-bequimao-e-mirinzal\/bequimao_drogas_geral\/'><img width=\"250\" height=\"250\" src=\"https:\/\/apps.mpma.mp.br\/campanha-contra-drogas\/wp-content\/uploads\/2018\/05\/Bequim\u00e3o_Drogas_geral-250x250.jpg\" class=\"attachment-thumbnail size-thumbnail\" alt=\"\" decoding=\"async\" loading=\"lazy\" \/><\/a>\n\t\t\t<\/div><\/figure><figure class='gallery-item'>\n\t\t\t<div class='gallery-icon landscape'>\n\t\t\t\t<a href='https:\/\/apps.mpma.mp.br\/campanha-contra-drogas\/2018\/05\/25\/campanha-de-prevencao-as-drogas-e-lancada-em-bequimao-e-mirinzal\/dra_sandra_67\/'><img width=\"250\" height=\"250\" src=\"https:\/\/apps.mpma.mp.br\/campanha-contra-drogas\/wp-content\/uploads\/2018\/05\/Dra_Sandra_67-250x250.jpg\" class=\"attachment-thumbnail size-thumbnail\" alt=\"\" decoding=\"async\" loading=\"lazy\" \/><\/a>\n\t\t\t<\/div><\/figure><figure class='gallery-item'>\n\t\t\t<div class='gallery-icon landscape'>\n\t\t\t\t<a href='https:\/\/apps.mpma.mp.br\/campanha-contra-drogas\/2018\/05\/25\/campanha-de-prevencao-as-drogas-e-lancada-em-bequimao-e-mirinzal\/dsc_0079-2\/'><img width=\"250\" height=\"250\" src=\"https:\/\/apps.mpma.mp.br\/campanha-contra-drogas\/wp-content\/uploads\/2018\/05\/DSC_0079-250x250.jpg\" class=\"attachment-thumbnail size-thumbnail\" alt=\"\" decoding=\"async\" loading=\"lazy\" \/><\/a>\n\t\t\t<\/div><\/figure><figure class='gallery-item'>\n\t\t\t<div class='gallery-icon landscape'>\n\t\t\t\t<a href='https:\/\/apps.mpma.mp.br\/campanha-contra-drogas\/2018\/05\/25\/campanha-de-prevencao-as-drogas-e-lancada-em-bequimao-e-mirinzal\/teatro_alunos_1\/'><img width=\"250\" height=\"250\" src=\"https:\/\/apps.mpma.mp.br\/campanha-contra-drogas\/wp-content\/uploads\/2018\/05\/Teatro_alunos_1-250x250.jpg\" class=\"attachment-thumbnail size-thumbnail\" alt=\"\" decoding=\"async\" loading=\"lazy\" \/><\/a>\n\t\t\t<\/div><\/figure><figure class='gallery-item'>\n\t\t\t<div class='gallery-icon landscape'>\n\t\t\t\t<a href='https:\/\/apps.mpma.mp.br\/campanha-contra-drogas\/2018\/05\/25\/campanha-de-prevencao-as-drogas-e-lancada-em-bequimao-e-mirinzal\/dsc_0189\/'><img width=\"250\" height=\"250\" src=\"https:\/\/apps.mpma.mp.br\/campanha-contra-drogas\/wp-content\/uploads\/2018\/05\/DSC_0189-250x250.jpg\" class=\"attachment-thumbnail size-thumbnail\" alt=\"\" decoding=\"async\" loading=\"lazy\" \/><\/a>\n\t\t\t<\/div><\/figure><figure class='gallery-item'>\n\t\t\t<div class='gallery-icon landscape'>\n\t\t\t\t<a href='https:\/\/apps.mpma.mp.br\/campanha-contra-drogas\/2018\/05\/25\/campanha-de-prevencao-as-drogas-e-lancada-em-bequimao-e-mirinzal\/dsc_0246\/'><img width=\"250\" height=\"250\" src=\"https:\/\/apps.mpma.mp.br\/campanha-contra-drogas\/wp-content\/uploads\/2018\/05\/DSC_0246-250x250.jpg\" class=\"attachment-thumbnail size-thumbnail\" alt=\"\" decoding=\"async\" loading=\"lazy\" \/><\/a>\n\t\t\t<\/div><\/figure><figure class='gallery-item'>\n\t\t\t<div class='gallery-icon landscape'>\n\t\t\t\t<a href='https:\/\/apps.mpma.mp.br\/campanha-contra-drogas\/2018\/05\/25\/campanha-de-prevencao-as-drogas-e-lancada-em-bequimao-e-mirinzal\/dsc_0294\/'><img width=\"250\" height=\"250\" src=\"https:\/\/apps.mpma.mp.br\/campanha-contra-drogas\/wp-content\/uploads\/2018\/05\/DSC_0294-250x250.jpg\" class=\"attachment-thumbnail size-thumbnail\" alt=\"\" decoding=\"async\" loading=\"lazy\" \/><\/a>\n\t\t\t<\/div><\/figure><figure class='gallery-item'>\n\t\t\t<div class='gallery-icon landscape'>\n\t\t\t\t<a href='https:\/\/apps.mpma.mp.br\/campanha-contra-drogas\/2018\/05\/25\/campanha-de-prevencao-as-drogas-e-lancada-em-bequimao-e-mirinzal\/dsc_0306\/'><img width=\"250\" height=\"250\" src=\"https:\/\/apps.mpma.mp.br\/campanha-contra-drogas\/wp-content\/uploads\/2018\/05\/DSC_0306-250x250.jpg\" class=\"attachment-thumbnail size-thumbnail\" alt=\"\" decoding=\"async\" loading=\"lazy\" \/><\/a>\n\t\t\t<\/div><\/figure><figure class='gallery-item'>\n\t\t\t<div class='gallery-icon landscape'>\n\t\t\t\t<a href='https:\/\/apps.mpma.mp.br\/campanha-contra-drogas\/2018\/05\/25\/campanha-de-prevencao-as-drogas-e-lancada-em-bequimao-e-mirinzal\/dsc_0314\/'><img width=\"250\" height=\"250\" src=\"https:\/\/apps.mpma.mp.br\/campanha-contra-drogas\/wp-content\/uploads\/2018\/05\/DSC_0314-250x250.jpg\" class=\"attachment-thumbnail size-thumbnail\" alt=\"\" decoding=\"async\" loading=\"lazy\" \/><\/a>\n\t\t\t<\/div><\/figure><figure class='gallery-item'>\n\t\t\t<div class='gallery-icon landscape'>\n\t\t\t\t<a href='https:\/\/apps.mpma.mp.br\/campanha-contra-drogas\/2018\/05\/25\/campanha-de-prevencao-as-drogas-e-lancada-em-bequimao-e-mirinzal\/dsc_0379\/'><img width=\"250\" height=\"250\" src=\"https:\/\/apps.mpma.mp.br\/campanha-contra-drogas\/wp-content\/uploads\/2018\/05\/DSC_0379-250x250.jpg\" class=\"attachment-thumbnail size-thumbnail\" alt=\"\" decoding=\"async\" loading=\"lazy\" \/><\/a>\n\t\t\t<\/div><\/figure><figure class='gallery-item'>\n\t\t\t<div class='gallery-icon landscape'>\n\t\t\t\t<a href='https:\/\/apps.mpma.mp.br\/campanha-contra-drogas\/2018\/05\/25\/campanha-de-prevencao-as-drogas-e-lancada-em-bequimao-e-mirinzal\/dsc_0392\/'><img width=\"250\" height=\"250\" src=\"https:\/\/apps.mpma.mp.br\/campanha-contra-drogas\/wp-content\/uploads\/2018\/05\/DSC_0392-250x250.jpg\" class=\"attachment-thumbnail size-thumbnail\" alt=\"\" decoding=\"async\" loading=\"lazy\" \/><\/a>\n\t\t\t<\/div><\/figure>\n\t\t<\/div>\n\n<p style=\"text-align: justify;\">Em 16 de maio, a campanha \u201cQuem escolhe o seu caminho? Voc\u00ea ou as drogas?\u201d foi lan\u00e7ada nos munic\u00edpios de Bequim\u00e3o e Mirinzal, ambos localizados na regi\u00e3o da Baixada Maranhense. Membros e servidores do Minist\u00e9rio P\u00fablico do Maranh\u00e3o (MPMA), autoridades do Poder Judici\u00e1rio, estudantes, professores, representantes do Executivo e Legislativo municipais, das pol\u00edcias Civil e Militar, e da sociedade civil participaram dos eventos.<\/p>\n<p style=\"text-align: justify;\"><strong>BEQUIM\u00c3O<\/strong><\/p>\n<p style=\"text-align: justify;\">Em Bequim\u00e3o, munic\u00edpio distante 76 Km de S\u00e3o Lu\u00eds, o lan\u00e7amento foi realizado, \u00e0s 9h, no sal\u00e3o paroquial da Igreja Matriz Santo Ant\u00f4nio e Almas. Alunos do Centro de Ensino Manoel Beckman (estadual) e das escolas municipais Benedita Moraes e Domingos Boueres participam do evento. Na abertura do evento, os estudantes fizeram uma apresenta\u00e7\u00e3o teatral, com a tem\u00e1tica do envolvimento com drogas e a possibilidade de recupera\u00e7\u00e3o.<\/p>\n<p>Sobre o trabalho preventivo implementado pelo MPMA, o procurador-geral de justi\u00e7a, Luiz Gonzaga Martins Coelho afirmou que \u201ccombater as drogas n\u00e3o \u00e9 gasto. \u00c9 um investimento essencial para a vida de nossas crian\u00e7as, dos nossos jovens. Por isso apoiamos a iniciativa de trazer a campanha para o interior do Estado: porque precisamos levar essa mensagem a todos, precisamos atuar juntos para vencer a guerra contra as drogas.\u201d<\/p>\n<p>A correspons\u00e1vel pela campanha nas cidades do interior do Maranh\u00e3o, promotora de justi\u00e7a Sandra Fagundes Garcia, titular da Comarca de A\u00e7ail\u00e2ndia, ministrou palestra sobre preven\u00e7\u00e3o ao uso de subst\u00e2ncias entorpecentes apara os alunos das escolas p\u00fablicas presentes na solenidade. \u201cA quest\u00e3o das drogas, l\u00edcitas e il\u00edcitas, \u00e9 um problema social que envolve uma s\u00e9rie de setores e aspectos, como sa\u00fade p\u00fablica, crian\u00e7a e adolescente, educa\u00e7\u00e3o, depend\u00eancia qu\u00edmica, interna\u00e7\u00e3o e criminalidade\u201d, afirmou.<\/p>\n<p>Sandra Garcia alertou os jovens para que n\u00e3o deem o primeiro passo no caminho das drogas. \u201cDepois de entrar, \u00e9 muito dif\u00edcil sair desse caminho que pode levar \u00e0 pris\u00e3o, \u00e0 morte ou a uma cl\u00ednica de reabilita\u00e7\u00e3o, se a pessoa tiver, de fato, muita sorte, apoio da fam\u00edlia, para sair do v\u00edcio\u201d, afirmou.<\/p>\n<p>Titular da Comarca de Bequim\u00e3o, a promotora de justi\u00e7a Raquel Madeira Reis, ressaltou que pais, escolas e institui\u00e7\u00f5es devem unir esfor\u00e7os no combate \u00e0s drogas. \u201cPrevenir e combater as drogas s\u00e3o tarefas de todos n\u00f3s. \u00c9 preciso estar atento \u00e0 rotina das crian\u00e7as e dos jovens. Fam\u00edlia, escola e poder p\u00fablico devem atuar sempre juntos\u201d, pontuou.<\/p>\n<p>Com o objetivo principal prevenir o uso de drogas, a campanha teve in\u00edcio em 2013, em S\u00e3o Lu\u00eds, sendo atualmente desenvolvida tanto na capital e quanto no interior do estado. Direcionado ao p\u00fablico estudantil, a campanha \u00e9 realizada por meio de palestras e atividades art\u00edsticas, como os concursos de reda\u00e7\u00e3o, poesia e desenho.<\/p>\n<p style=\"text-align: justify;\"><strong>MIRINZAL<br \/>\n<\/strong><br \/>\nNa tarde de quinta-feira, 17, a campanha \u201cQuem escolhe o seu caminho? Voc\u00ea ou as drogas?\u201d foi lan\u00e7ada no munic\u00edpio de Mirinzal, localizado a 123 km de S\u00e3o Lu\u00eds, tamb\u00e9m no sal\u00e3o Paroquial da cidade.<\/p>\n<p>Na abertura do evento, a banda de fanfarras Epifanio Barbosa executou os Hinos Nacional e de Mirinzal.<\/p>\n<p>Durante a solenidade, o promotor de justi\u00e7a Frederico Bianchini Joviano dos Santos, titular da Comarca, agradeceu a presen\u00e7a de todos e homenageou o diretor da Secretaria para Assuntos Institucionais, Marco Antonio Santos Amorim, que \u00e9 natural de Mirinzal, tendo lido uma carta escrita pelo pai do homenageado.<\/p>\n<p>Em sua fala,\u00a0Marco Antonio Amorim agradeceu a homenagem e destacou o empenho da institui\u00e7\u00e3o em mudar a realidade do Maranh\u00e3o por meio de programas institucionais. Tamb\u00e9m citou os vers\u00edculos da B\u00edblia Cor\u00edntios 6:19-20 e Prov\u00e9rbios 20, fazendo refer\u00eancia \u00e0 falta de sabedoria no uso de bebidas e drogas. \u201cFica um alerta para os estudantes. Cuide do seu corpo, da sua vida. Por causa das drogas muitas fam\u00edlias est\u00e3o desestruturadas, desestabilizadas. Os pais n\u00e3o devem abrir m\u00e3o do dever de cuidar dos filhos\u201d, completou.<\/p>\n<p>A promotora Sandra Garcia falou sobre o trabalho desenvolvido em 2017 com a campanha Maranh\u00e3o Contra as Drogas, levada a 80 munic\u00edpios. Para ela, o trabalho do Minist\u00e9rio P\u00fablico tem foco na preven\u00e7\u00e3o, pois acredita que esse \u00e9 o melhor caminho. \u201cSe daqui, 1% de voc\u00eas deixarem de experimentar drogas, pedirem ajuda, minha miss\u00e3o estar\u00e1 cumprida\u201d.<\/p>\n<p>A promotora de justi\u00e7a abordou os tipos de drogas, os seus efeitos no organismo e as suas consequ\u00eancias. De acordo com Sandra Garcia, h\u00e1 subst\u00e2ncias que produzem efeitos e alucina\u00e7\u00f5es t\u00e3o fortes que podem levar at\u00e9 a morte.<\/p>\n<p>Raimundo Claro Silva falou de sua experi\u00eancia de 19 anos como dependente qu\u00edmico, da qual se livrou h\u00e1 nove anos. Para ele, as drogas s\u00e3o trai\u00e7oeiras e mudam a personalidade dos jovens que as usam. \u201cVoc\u00ea n\u00e3o estuda mais, n\u00e3o trabalha, n\u00e3o presta aten\u00e7\u00e3o nas coisas, se torna uma pessoa in\u00fatil, rouba do seu pai, da sua m\u00e3e, vende tudo que tem por causa da droga\u201d, afirmou.<\/p>\n<p>O juiz Rafael Leite deixou uma mensagem aos jovens a respeito do risco das drogas na conquista de seus sonhos e objetivos. \u201cAs drogas eliminam o poder de voc\u00ea decidir o seu futuro. Jovem, seja o senhor do seu destino. Escolha o caminho certo, mantenha-se longe de m\u00e1s influ\u00eancias, siga o caminho do bem, da sa\u00fade, da paz, da prosperidade\u201d, orientou.<\/p>\n<p>Na sequ\u00eancia, o prefeito de Mirinzal, Jadilson dos Santos Coelho, assinou as tr\u00eas leis que integram a campanha: cria\u00e7\u00e3o do Conselho, do Fundo Municipal Contra Drogas e dos Conselhos Escolares.<\/p>\n<p>A premia\u00e7\u00e3o do concurso de poesia e desenho nas escolas p\u00fablicas encerrou o evento. No concurso de Desenho, Larice Barbosa Paz (9\u00b0 ano, UEB Onofrina Almeida), Milla Cristyan (8\u00b0 ano, UEB Joana Goulart) e Francisco Gutierres (CE Duque de Caxias) conquistaram, respectivamente, 1\u00b0, 2\u00b0 e 3\u00b0 lugares.<\/p>\n<p>O concurso de Poesia premiou Nielyton Carlos Barros Carneiro (9\u00b0ano, UEB Duque de Caxias), Ellen Bianca (CE Quilombola Benedito Fontes) e Bruno Lima Senes (9\u00b0 ano, UEB Glorinha Ferreira), em 1\u00b0, 2\u00b0 e 3\u00b0 lugares, respectivamente.<\/p>\n<p><strong>Reda\u00e7\u00e3o:<\/strong>\u00a0CCOM \u2013 MPMA<\/p>\n<p><strong>Fotos:<\/strong>\u00a0Eduardo J\u00falio (CCOM &#8211; MPMA)<\/p>\n<p>&nbsp;<\/p>\n<p><strong>GUIMAR\u00c3ES<\/strong><\/p>\n<div id=\"area_meio\">\n<div id=\"centro\">\n<div id=\"content\">\n<div class=\"item-page\">\n<div>\n<div style=\"text-align: justify;\">\n<p>A cidade de Guimar\u00e3es realizou nesta quinta-feira, 17, o lan\u00e7amento da campanha \u201cQuem escolhe o seu caminho? Voc\u00ea ou as drogas?\u201d. Foi mais um munic\u00edpio da Baixada Maranhense a receber o evento nesta semana. No dia anterior, Bequim\u00e3o e Mirinzal j\u00e1 tinham sido contempladas pela iniciativa, que j\u00e1 foi levada a mais de 80 munic\u00edpios maranhenses, segundo a coordena\u00e7\u00e3o da campanha.<\/p>\n<p>O evento ocorreu na comunidade Vilagen, em constru\u00e7\u00e3o pertencente \u00e0 Igreja Cat\u00f3lica, e contou com a participa\u00e7\u00e3o de membros e servidores do Minist\u00e9rio P\u00fablico do Maranh\u00e3o (MPMA), do Judici\u00e1rio, representantes do Executivo e Legislativo municipais, das pol\u00edcias Civil e Militar, al\u00e9m de estudantes e professores de escolas p\u00fablicas e da sociedade em geral.<\/p>\n<p>Uma das coordenadoras da \u201cQuem escolhe o seu caminho? Voc\u00ea ou as drogas?\u201d, a promotora de justi\u00e7a Sandra Fagundes Garcia, titular da Comarca de A\u00e7ail\u00e2ndia, proferiu palestra a respeito do tema, com enfoque principal na orienta\u00e7\u00e3o aos estudantes de Guimar\u00e3es, para que n\u00e3o se deixem levar pela curiosidade de experimentar as drogas.<\/p>\n<p>Sandra Garcia informou sobre a abrang\u00eancia da campanha, que j\u00e1 atingiu mais de 80 munic\u00edpios, quando se associa a ela outra iniciativa \u2013 a \u201cMaranh\u00e3o contra as drogas\u201d \u2013 realizada em parceria com o Poder Judici\u00e1rio, C\u00e2mara dos Deputados e Pol\u00edcia Rodovi\u00e1ria Federal, com apoio do Governo do Maranh\u00e3o e outros \u00f3rg\u00e3os p\u00fablicos.<\/p>\n<p>A promotora de justi\u00e7a tamb\u00e9m enfocou os diversos tipos de drogas, com os efeitos no organismo de quem as consome, e onde as fam\u00edlias e usu\u00e1rios podem buscar apoio para enfrentar a depend\u00eancia qu\u00edmica.<\/p>\n<p>Leonardo Santana Modesto, titular da promotoria de Guimar\u00e3es, agradeceu \u00e0 administra\u00e7\u00e3o superior por levar a campanha ao munic\u00edpio e ressaltou que a quest\u00e3o das drogas n\u00e3o pode ser combatida apenas de forma repressiva. \u201cEmbora seja muito importante no enfrentamento do problema, a repress\u00e3o n\u00e3o \u00e9 suficiente, j\u00e1 que o uso de drogas \u00e9 uma doen\u00e7a e assim deve ser encarado, principalmente quando envolve crian\u00e7as e adolescentes. Por isso, iniciativas como esta campanha s\u00e3o essenciais para diminuir esse mal que atinge toda a sociedade\u201d, afirmou.<\/p>\n<p>Ao se manifestar, o procurador-geral de justi\u00e7a, Luiz Gonzaga Martins Coelho, agradeceu a participa\u00e7\u00e3o dos presentes e ressaltou que o problema das drogas s\u00f3 poder\u00e1 ser enfrentado com o envolvimento de toda a sociedade. \u201cO Minist\u00e9rio P\u00fablico est\u00e1 fazendo a sua parte. Conclamamos todos os segmentos sociais, para, juntos, pavimentarmos as estradas para o futuro, com o combate firme contra as drogas\u201d.<\/p>\n<p>Para o prefeito em exerc\u00edcio de Guimar\u00e3es, Osvaldo Gomes, a campanha chega em bom momento ao munic\u00edpio, que j\u00e1 vem apresentando um n\u00famero crescente de casos de uso de drogas.<\/p>\n<p><strong>CONCURSO DE REDA\u00c7\u00c3O<\/strong><\/p>\n<p>Como parte da programa\u00e7\u00e3o do evento, foi divulgado o resultado de um concurso de reda\u00e7\u00e3o, com o tema \u201cQuem escolhe o seu caminho? Voc\u00ea ou as drogas?\u201d, realizado pela Promotoria de Guimar\u00e3es junto aos alunos das escolas Unidade de Ensino Nossa Senhora da Assun\u00e7\u00e3o e Centro de Ensino Nossa Senhora da Assun\u00e7\u00e3o.<\/p>\n<p>As quatro melhores produ\u00e7\u00f5es textuais foram premiadas e os demais participantes receberam o certificado de reconhecimento pelo trabalho realizado.<\/p>\n<p><strong>LEIS SANCIONADAS<\/strong><\/p>\n<p>Um momento importante da solenidade foi a apresenta\u00e7\u00e3o pelo prefeito em exerc\u00edcio de Guimar\u00e3es, Osvaldo Gomes, de tr\u00eas projetos de lei que integram a campanha: cria\u00e7\u00e3o do Conselho e do Fundo Municipal Contra Drogas e dos Conselhos Escolares. Com esses dispositivos legais, que j\u00e1 foram encaminhados \u00e0 C\u00e2mara de Vereadores, o munic\u00edpio firma compromisso para a implanta\u00e7\u00e3o e acompanhamento da pol\u00edtica p\u00fablica sobre drogas.<\/p>\n<p><strong>MESA DE AUTORIDADES<\/strong><\/p>\n<p>Na solenidade, tamb\u00e9m compuseram a mesa dos trabalhos o diretor da Secretaria para Assuntos Institucionais da PGJ, Marco Antonio Amorim; o juiz titular da comarca de Guimar\u00e3es, Samir Ara\u00fajo Mohana Pinheiro; a vereadora Ana Lu\u00edza Ramos, que representou a C\u00e2mara de Vereadores; o subtenente Antonio Reginaldo Gomes, que representou a Pol\u00edcia Militar; e o pastor Josadaque Santos, da Assembleia de Deus.<\/p>\n<p><strong>Reda\u00e7\u00e3o:<\/strong>\u00a0Jos\u00e9 Lu\u00eds Diniz (CCOM-MPMA)<\/p>\n<\/div>\n<div style=\"text-align: justify;\"><strong>Fotos:<\/strong>\u00a0Eduardo J\u00falio (CCOM-MPMA)<\/div>\n<\/div>\n<\/div>\n<\/div>\n<\/div>\n<\/div>\n","protected":false},"excerpt":{"rendered":"<p>Em 16 de maio, a campanha \u201cQuem escolhe o seu caminho? Voc\u00ea ou as drogas?\u201d foi lan\u00e7ada nos munic\u00edpios de Bequim\u00e3o e Mirinzal, ambos localizados na regi\u00e3o da Baixada Maranhense. Membros e servidores do Minist\u00e9rio P\u00fablico do Maranh\u00e3o (MPMA), autoridades do Poder Judici\u00e1rio, estudantes, professores, representantes do Executivo e Legislativo municipais, das pol\u00edcias Civil e &hellip; <a href=\"https:\/\/apps.mpma.mp.br\/campanha-contra-drogas\/2018\/05\/25\/campanha-de-prevencao-as-drogas-e-lancada-em-bequimao-e-mirinzal\/\" class=\"more-link\">Continue lendo <span class=\"screen-reader-text\">Lan\u00e7ada a Campanha nos Munic\u00edpios de Bequim\u00e3o, Mirinzal e Guimar\u00e3es.<\/span> <span class=\"meta-nav\">&rarr;<\/span><\/a><\/p>\n","protected":false},"author":2,"featured_media":0,"comment_status":"open","ping_status":"open","sticky":false,"template":"","format":"standard","meta":[],"categories":[5],"tags":[7],"_links":{"self":[{"href":"https:\/\/apps.mpma.mp.br\/campanha-contra-drogas\/wp-json\/wp\/v2\/posts\/337"}],"collection":[{"href":"https:\/\/apps.mpma.mp.br\/campanha-contra-drogas\/wp-json\/wp\/v2\/posts"}],"about":[{"href":"https:\/\/apps.mpma.mp.br\/campanha-contra-drogas\/wp-json\/wp\/v2\/types\/post"}],"author":[{"embeddable":true,"href":"https:\/\/apps.mpma.mp.br\/campanha-contra-drogas\/wp-json\/wp\/v2\/users\/2"}],"replies":[{"embeddable":true,"href":"https:\/\/apps.mpma.mp.br\/campanha-contra-drogas\/wp-json\/wp\/v2\/comments?post=337"}],"version-history":[{"count":7,"href":"https:\/\/apps.mpma.mp.br\/campanha-contra-drogas\/wp-json\/wp\/v2\/posts\/337\/revisions"}],"predecessor-version":[{"id":714,"href":"https:\/\/apps.mpma.mp.br\/campanha-contra-drogas\/wp-json\/wp\/v2\/posts\/337\/revisions\/714"}],"wp:attachment":[{"href":"https:\/\/apps.mpma.mp.br\/campanha-contra-drogas\/wp-json\/wp\/v2\/media?parent=337"}],"wp:term":[{"taxonomy":"category","embeddable":true,"href":"https:\/\/apps.mpma.mp.br\/campanha-contra-drogas\/wp-json\/wp\/v2\/categories?post=337"},{"taxonomy":"post_tag","embeddable":true,"href":"https:\/\/apps.mpma.mp.br\/campanha-contra-drogas\/wp-json\/wp\/v2\/tags?post=337"}],"curies":[{"name":"wp","href":"https:\/\/api.w.org\/{rel}","templated":true}]}}