{"id":35,"date":"2016-09-13T10:26:01","date_gmt":"2016-09-13T13:26:01","guid":{"rendered":"http:\/\/apps.mpma.mp.br\/campanha-contra-drogas\/?p=35"},"modified":"2023-07-12T08:11:40","modified_gmt":"2023-07-12T11:11:40","slug":"a-campanha-em-2016","status":"publish","type":"post","link":"https:\/\/apps.mpma.mp.br\/campanha-contra-drogas\/2016\/09\/13\/a-campanha-em-2016\/","title":{"rendered":"A CAMPANHA EM 2016"},"content":{"rendered":"<p>QUEM ESCOLHE O SEU CAMINHO? VOC\u00ca OU AS DROGAS?<\/p>\n<p>S\u00c3O LU\u00cdS &#8211; 3\u00ba ANO &#8211; 2016<\/p>\n<p>Em 2016, a Campanha iniciou-se em 22 de junho de 2016, com um treinamento para gestores, professores e alunos de 30 (trinta) escolas p\u00fablicas, 15 (quinze) municipais e 15(quinze) estaduais, visando desenvolver as atividades dentro das escolas, de forma cont\u00ednua, com a implanta\u00e7\u00e3o dos Conselhos Escolares Antidrogas, previstos na Lei \u00a0Estadual n\u00b0 10.302, de 1\u00ba de setembro de 2015.<\/p>\n<p>Foram definidos dois per\u00edodos para a realiza\u00e7\u00e3o de atividades mais intensas nas escolas: no m\u00eas de agosto e no m\u00eas de outubro de 2016, com a participa\u00e7\u00e3o de Palestrantes Volunt\u00e1rios.<\/p>\n<p>1\u00aa per\u00edodo &#8211; de 22 a 30 de agosto de 2016 &#8211; \u00a0Escolas participantes e os respectivos Palestrantes Volunt\u00e1rios.<\/p>\n<p>1 &#8211; \u00a0Centro Integrado do Rio Anil -CINTRA &#8211; Palestrante &#8211; Promotor de Justi\u00e7a Ednarg Fernandes Marques;<\/p>\n<p>2- Centro Escolar Cidade de S\u00e3o Lu\u00eds &#8211; Palestrante &#8211; Promotor de Justi\u00e7a Pedro Lino Silva Curvelo;<\/p>\n<p>3 &#8211; Unidade Integrada Raimundo Corr\u00eaa &#8211; Palestrante &#8211; Professor Doutor da UFMA M\u00e1rcio Aleandro Correia Teixeira;<\/p>\n<p>4 &#8211; Unidade Integrada Bandeira Tribuzzi &#8211; Palestrante &#8211; Professor Doutor da UFMA M\u00e1rcio Aleandro Correia Teixeira;<\/p>\n<p>5 &#8211; Centro Escolar Benedito Leite (Escola Modelo) &#8211; Palestrante &#8211; Ju\u00edza de Direito Mirella Cezar Freitas;<\/p>\n<p>6 &#8211; Centro Escolar Professora Estef\u00e2nia Rosa Silva &#8211; Palestrante &#8211; Promotora de Justi\u00e7a Emmanuella Souza de Barros Bello Peixoto;<\/p>\n<p>7 &#8211; Unidade Integrada Fernando Perdig\u00e3o &#8211; Palestrante Promotora de Justi\u00e7a Cristiane Gomes Coelho Maia Lago;<\/p>\n<p>8 &#8211; Unidade Integrada Renascen\u00e7a &#8211; Palestrante Promotora de Justi\u00e7a Cristiane Gomes Coelho Maia Lago;<\/p>\n<p>9 &#8211; Unidade Integrada Jo\u00e3o Evangelista dos Santos &#8211; Palestrante &#8211; Advogado Alan Paiva;<\/p>\n<p>10 &#8211; Centro Escolar Bernardo Coelho &#8211; Palestrantes &#8211; Defensor P\u00fablico L\u00facio Lins Siqueira Ramos e a Diretora da Biblioteca P\u00fablica Estadual Benedito Leite, Aline Nascimento de Moraes;<\/p>\n<p>11 &#8211; Unidade Escolar Maria Alice Coutinho &#8211; Palestrante &#8211; Advogada N\u00e1dia Maria Fran\u00e7a Quinzeiro Guedelha;<\/p>\n<p>12 &#8211; Centro de Escolar Dr. Francisco de Assis Ximenes de Arag\u00e3o Filho &#8211; Palestrantes &#8211; Advogada Cl\u00e1udia Rodrigues, Coronel Ara\u00fajo; Sargento Claudiomar Oliveira e Soldado Wallison; e,<\/p>\n<p>13- Unidade Integrada Dr. Ant\u00f4nio Jorge Dino &#8211; Palestrante &#8211; Delegado de Pol\u00edcia Civil Joviano Furtado Mendon\u00e7a.<\/p>\n<div id='gallery-1' class='gallery galleryid-35 gallery-columns-3 gallery-size-thumbnail'><figure class='gallery-item'>\n\t\t\t<div class='gallery-icon landscape'>\n\t\t\t\t<a href='https:\/\/apps.mpma.mp.br\/campanha-contra-drogas\/campanha\/banner_web\/'><img width=\"150\" height=\"150\" src=\"https:\/\/apps.mpma.mp.br\/campanha-contra-drogas\/wp-content\/uploads\/2016\/09\/banner_web-150x150.jpg\" class=\"attachment-thumbnail size-thumbnail\" alt=\"\" decoding=\"async\" loading=\"lazy\" aria-describedby=\"gallery-1-13\" \/><\/a>\n\t\t\t<\/div>\n\t\t\t\t<figcaption class='wp-caption-text gallery-caption' id='gallery-1-13'>\n\t\t\t\tSLOGAN DA CAMPANHA\n\t\t\t\t<\/figcaption><\/figure><figure class='gallery-item'>\n\t\t\t<div class='gallery-icon landscape'>\n\t\t\t\t<a href='https:\/\/apps.mpma.mp.br\/campanha-contra-drogas\/2016\/09\/13\/a-campanha-em-2016\/mpma\/'><img width=\"250\" height=\"250\" src=\"https:\/\/apps.mpma.mp.br\/campanha-contra-drogas\/wp-content\/uploads\/2016\/09\/MPMA-250x250.jpg\" class=\"attachment-thumbnail size-thumbnail\" alt=\"\" decoding=\"async\" loading=\"lazy\" aria-describedby=\"gallery-1-137\" \/><\/a>\n\t\t\t<\/div>\n\t\t\t\t<figcaption class='wp-caption-text gallery-caption' id='gallery-1-137'>\n\t\t\t\tMINIST\u00c9RIO P\u00daBLICO DO ESTADO DO MARANH\u00c3O\n\t\t\t\t<\/figcaption><\/figure>\n\t\t<\/div>\n\n","protected":false},"excerpt":{"rendered":"<p>QUEM ESCOLHE O SEU CAMINHO? VOC\u00ca OU AS DROGAS? S\u00c3O LU\u00cdS &#8211; 3\u00ba ANO &#8211; 2016 Em 2016, a Campanha iniciou-se em 22 de junho de 2016, com um treinamento para gestores, professores e alunos de 30 (trinta) escolas p\u00fablicas, 15 (quinze) municipais e 15(quinze) estaduais, visando desenvolver as atividades dentro das escolas, de forma &hellip; <a href=\"https:\/\/apps.mpma.mp.br\/campanha-contra-drogas\/2016\/09\/13\/a-campanha-em-2016\/\" class=\"more-link\">Continue lendo <span class=\"screen-reader-text\">A CAMPANHA EM 2016<\/span> <span class=\"meta-nav\">&rarr;<\/span><\/a><\/p>\n","protected":false},"author":2,"featured_media":0,"comment_status":"open","ping_status":"open","sticky":false,"template":"","format":"standard","meta":[],"categories":[5],"tags":[7],"_links":{"self":[{"href":"https:\/\/apps.mpma.mp.br\/campanha-contra-drogas\/wp-json\/wp\/v2\/posts\/35"}],"collection":[{"href":"https:\/\/apps.mpma.mp.br\/campanha-contra-drogas\/wp-json\/wp\/v2\/posts"}],"about":[{"href":"https:\/\/apps.mpma.mp.br\/campanha-contra-drogas\/wp-json\/wp\/v2\/types\/post"}],"author":[{"embeddable":true,"href":"https:\/\/apps.mpma.mp.br\/campanha-contra-drogas\/wp-json\/wp\/v2\/users\/2"}],"replies":[{"embeddable":true,"href":"https:\/\/apps.mpma.mp.br\/campanha-contra-drogas\/wp-json\/wp\/v2\/comments?post=35"}],"version-history":[{"count":4,"href":"https:\/\/apps.mpma.mp.br\/campanha-contra-drogas\/wp-json\/wp\/v2\/posts\/35\/revisions"}],"predecessor-version":[{"id":138,"href":"https:\/\/apps.mpma.mp.br\/campanha-contra-drogas\/wp-json\/wp\/v2\/posts\/35\/revisions\/138"}],"wp:attachment":[{"href":"https:\/\/apps.mpma.mp.br\/campanha-contra-drogas\/wp-json\/wp\/v2\/media?parent=35"}],"wp:term":[{"taxonomy":"category","embeddable":true,"href":"https:\/\/apps.mpma.mp.br\/campanha-contra-drogas\/wp-json\/wp\/v2\/categories?post=35"},{"taxonomy":"post_tag","embeddable":true,"href":"https:\/\/apps.mpma.mp.br\/campanha-contra-drogas\/wp-json\/wp\/v2\/tags?post=35"}],"curies":[{"name":"wp","href":"https:\/\/api.w.org\/{rel}","templated":true}]}}