{"id":355,"date":"2018-05-25T12:02:49","date_gmt":"2018-05-25T15:02:49","guid":{"rendered":"http:\/\/apps.mpma.mp.br\/campanha-contra-drogas\/?p=355"},"modified":"2023-07-12T08:11:38","modified_gmt":"2023-07-12T11:11:38","slug":"destaque-a-campanha-no-municipio-de-acailandia","status":"publish","type":"post","link":"https:\/\/apps.mpma.mp.br\/campanha-contra-drogas\/2018\/05\/25\/destaque-a-campanha-no-municipio-de-acailandia\/","title":{"rendered":"DESTAQUE: A CAMPANHA NO MUNIC\u00cdPIO DE A\u00c7AIL\u00c2NDIA"},"content":{"rendered":"<div id='gallery-1' class='gallery galleryid-355 gallery-columns-3 gallery-size-thumbnail'><figure class='gallery-item'>\n\t\t\t<div class='gallery-icon landscape'>\n\t\t\t\t<a href='https:\/\/apps.mpma.mp.br\/campanha-contra-drogas\/2018\/05\/25\/destaque-a-campanha-no-municipio-de-acailandia\/camp-drogas-esc-dom-marcelino-16-04-18\/'><img width=\"250\" height=\"250\" src=\"https:\/\/apps.mpma.mp.br\/campanha-contra-drogas\/wp-content\/uploads\/2018\/05\/camp-drogas.-Esc-Dom-Marcelino.-16-04-18-250x250.jpg\" class=\"attachment-thumbnail size-thumbnail\" alt=\"\" decoding=\"async\" loading=\"lazy\" \/><\/a>\n\t\t\t<\/div><\/figure><figure class='gallery-item'>\n\t\t\t<div class='gallery-icon landscape'>\n\t\t\t\t<a href='https:\/\/apps.mpma.mp.br\/campanha-contra-drogas\/2018\/05\/25\/destaque-a-campanha-no-municipio-de-acailandia\/f71ab036-f269-4b19-aa0d-79eae0cee7af\/'><img width=\"250\" height=\"250\" src=\"https:\/\/apps.mpma.mp.br\/campanha-contra-drogas\/wp-content\/uploads\/2018\/05\/f71ab036-f269-4b19-aa0d-79eae0cee7af-250x250.jpg\" class=\"attachment-thumbnail size-thumbnail\" alt=\"\" decoding=\"async\" loading=\"lazy\" \/><\/a>\n\t\t\t<\/div><\/figure><figure class='gallery-item'>\n\t\t\t<div class='gallery-icon landscape'>\n\t\t\t\t<a href='https:\/\/apps.mpma.mp.br\/campanha-contra-drogas\/2018\/05\/25\/destaque-a-campanha-no-municipio-de-acailandia\/f528ee29-aea6-4e83-8d55-49eda501c366\/'><img width=\"250\" height=\"250\" src=\"https:\/\/apps.mpma.mp.br\/campanha-contra-drogas\/wp-content\/uploads\/2018\/05\/f528ee29-aea6-4e83-8d55-49eda501c366-250x250.jpg\" class=\"attachment-thumbnail size-thumbnail\" alt=\"\" decoding=\"async\" loading=\"lazy\" \/><\/a>\n\t\t\t<\/div><\/figure>\n\t\t<\/div>\n\n<p>&nbsp;<\/p>\n<div>\n<div style=\"text-align: justify;\">No Munic\u00edpio de A\u00e7ail\u00e2ndia, a Campanha \u00e9 coordenada pela Promotora de Justi\u00e7a Sandra Fagundes Garcia, tiveram seus trabalhos iniciados no ano de 2018, nada data de 16\/04, na Escola Dom Marcelino, \u00e0s 15h,\u00a0com a presen\u00e7a do\u00a0convidado, o Senhor Defensor P\u00fablico, Dr Adriano Oliveira da Silva J\u00fanior. No dia 14\/05, \u00e0s 8:30, os trabalhos da Campanha ocorreram na Escola Sara kubischeck, com a presen\u00e7a do\u00a0convidado, o Senhor Juiz de Direito da 2\u00aa Vara Criminal de A\u00e7ail\u00e2ndia, \u00a0Dr. Frederico Feitosa.<\/div>\n<div style=\"text-align: justify;\"><\/div>\n<div style=\"text-align: justify;\">Em A\u00e7ail\u00e2ndia, a campanha teve in\u00edcio em nov\/2015 e, at\u00e9 a data de hoje, totalizam 51 palestras realizadas. A campanha a percorre todas as escolas p\u00fablicas, particulares e o IFMA &#8211; Instituto Federal do Maranh\u00e3o, de A\u00e7ail\u00e2ndia, abrangendo um p\u00fablico de mais de 10.200 (dez mil e duzentos) alunos.\u00a0 A Campanha tamb\u00e9m\u00a0chegou aos povoados\u00a0mais distantes como Pequi\u00e1, Novo Bacabal, Reta e\u00a0 os assentamentos: Calif\u00f3rnia, Jo\u00e3o do Valle e C\u00f3rrego Novo. Chegou, ainda, aos termos judici\u00e1rios da Comarca, sendo os Munic\u00edpios de S\u00e3o Francisco do Brej\u00e3o e Cidel\u00e2ndia.<\/div>\n<div style=\"text-align: justify;\"><\/div>\n<\/div>\n<div style=\"text-align: justify;\">At\u00e9 mesmo dentro da Unidade Prisional de A\u00e7ail\u00e2ndia foram proferidas palestras e desenvolvido projeto no sentido de um interno conversar com os alunos sobre a experi\u00eancia mal\u00e9fica da drogas e receber remi\u00e7\u00e3o de pena, em troca do que foi apresentado.<\/div>\n<div style=\"text-align: justify;\"><\/div>\n<div style=\"text-align: justify;\">Um outro evento marcante desta campanha, foi a 1\u00aa pedalada com o tema da campanha das drogas: &#8220;Quem escolhe seu caminho? Vo\u00e7\u00ea ou as Drogas&#8221;, em que foram arrecadados mais de 500 quilos de alimentos n\u00e3o perec\u00edveis, doados para as comunidades terap\u00eauticas que tratam ex dependentes qu\u00edmicos.<\/div>\n<div style=\"text-align: justify;\"><\/div>\n","protected":false},"excerpt":{"rendered":"<p>&nbsp; No Munic\u00edpio de A\u00e7ail\u00e2ndia, a Campanha \u00e9 coordenada pela Promotora de Justi\u00e7a Sandra Fagundes Garcia, tiveram seus trabalhos iniciados no ano de 2018, nada data de 16\/04, na Escola Dom Marcelino, \u00e0s 15h,\u00a0com a presen\u00e7a do\u00a0convidado, o Senhor Defensor P\u00fablico, Dr Adriano Oliveira da Silva J\u00fanior. No dia 14\/05, \u00e0s 8:30, os trabalhos da &hellip; <a href=\"https:\/\/apps.mpma.mp.br\/campanha-contra-drogas\/2018\/05\/25\/destaque-a-campanha-no-municipio-de-acailandia\/\" class=\"more-link\">Continue lendo <span class=\"screen-reader-text\">DESTAQUE: A CAMPANHA NO MUNIC\u00cdPIO DE A\u00c7AIL\u00c2NDIA<\/span> <span class=\"meta-nav\">&rarr;<\/span><\/a><\/p>\n","protected":false},"author":2,"featured_media":0,"comment_status":"open","ping_status":"open","sticky":false,"template":"","format":"standard","meta":[],"categories":[5],"tags":[7],"_links":{"self":[{"href":"https:\/\/apps.mpma.mp.br\/campanha-contra-drogas\/wp-json\/wp\/v2\/posts\/355"}],"collection":[{"href":"https:\/\/apps.mpma.mp.br\/campanha-contra-drogas\/wp-json\/wp\/v2\/posts"}],"about":[{"href":"https:\/\/apps.mpma.mp.br\/campanha-contra-drogas\/wp-json\/wp\/v2\/types\/post"}],"author":[{"embeddable":true,"href":"https:\/\/apps.mpma.mp.br\/campanha-contra-drogas\/wp-json\/wp\/v2\/users\/2"}],"replies":[{"embeddable":true,"href":"https:\/\/apps.mpma.mp.br\/campanha-contra-drogas\/wp-json\/wp\/v2\/comments?post=355"}],"version-history":[{"count":7,"href":"https:\/\/apps.mpma.mp.br\/campanha-contra-drogas\/wp-json\/wp\/v2\/posts\/355\/revisions"}],"predecessor-version":[{"id":411,"href":"https:\/\/apps.mpma.mp.br\/campanha-contra-drogas\/wp-json\/wp\/v2\/posts\/355\/revisions\/411"}],"wp:attachment":[{"href":"https:\/\/apps.mpma.mp.br\/campanha-contra-drogas\/wp-json\/wp\/v2\/media?parent=355"}],"wp:term":[{"taxonomy":"category","embeddable":true,"href":"https:\/\/apps.mpma.mp.br\/campanha-contra-drogas\/wp-json\/wp\/v2\/categories?post=355"},{"taxonomy":"post_tag","embeddable":true,"href":"https:\/\/apps.mpma.mp.br\/campanha-contra-drogas\/wp-json\/wp\/v2\/tags?post=355"}],"curies":[{"name":"wp","href":"https:\/\/api.w.org\/{rel}","templated":true}]}}