{"id":384,"date":"2018-07-09T12:16:44","date_gmt":"2018-07-09T15:16:44","guid":{"rendered":"http:\/\/apps.mpma.mp.br\/campanha-contra-drogas\/?p=384"},"modified":"2023-07-12T08:11:38","modified_gmt":"2023-07-12T11:11:38","slug":"lancamento-da-campanha-no-municipio-de-paco-do-lumiar","status":"publish","type":"post","link":"https:\/\/apps.mpma.mp.br\/campanha-contra-drogas\/2018\/07\/09\/lancamento-da-campanha-no-municipio-de-paco-do-lumiar\/","title":{"rendered":"LAN\u00c7AMENTO DA CAMPANHA NO MUNIC\u00cdPIO DE PA\u00c7O DO LUMIAR"},"content":{"rendered":"<div id='gallery-1' class='gallery galleryid-384 gallery-columns-3 gallery-size-thumbnail'><figure class='gallery-item'>\n\t\t\t<div class='gallery-icon landscape'>\n\t\t\t\t<a href='https:\/\/apps.mpma.mp.br\/campanha-contra-drogas\/2018\/07\/09\/lancamento-da-campanha-no-municipio-de-paco-do-lumiar\/paco1\/'><img width=\"250\" height=\"250\" src=\"https:\/\/apps.mpma.mp.br\/campanha-contra-drogas\/wp-content\/uploads\/2018\/07\/Pa\u00e7o1-250x250.jpg\" class=\"attachment-thumbnail size-thumbnail\" alt=\"\" decoding=\"async\" loading=\"lazy\" \/><\/a>\n\t\t\t<\/div><\/figure><figure class='gallery-item'>\n\t\t\t<div class='gallery-icon landscape'>\n\t\t\t\t<a href='https:\/\/apps.mpma.mp.br\/campanha-contra-drogas\/2018\/07\/09\/lancamento-da-campanha-no-municipio-de-paco-do-lumiar\/paco2\/'><img width=\"250\" height=\"250\" src=\"https:\/\/apps.mpma.mp.br\/campanha-contra-drogas\/wp-content\/uploads\/2018\/07\/Pa\u00e7o2-250x250.jpg\" class=\"attachment-thumbnail size-thumbnail\" alt=\"\" decoding=\"async\" loading=\"lazy\" \/><\/a>\n\t\t\t<\/div><\/figure><figure class='gallery-item'>\n\t\t\t<div class='gallery-icon landscape'>\n\t\t\t\t<a href='https:\/\/apps.mpma.mp.br\/campanha-contra-drogas\/2018\/07\/09\/lancamento-da-campanha-no-municipio-de-paco-do-lumiar\/paco3\/'><img width=\"250\" height=\"250\" src=\"https:\/\/apps.mpma.mp.br\/campanha-contra-drogas\/wp-content\/uploads\/2018\/07\/Pa\u00e7o3-250x250.jpg\" class=\"attachment-thumbnail size-thumbnail\" alt=\"\" decoding=\"async\" loading=\"lazy\" \/><\/a>\n\t\t\t<\/div><\/figure><figure class='gallery-item'>\n\t\t\t<div class='gallery-icon landscape'>\n\t\t\t\t<a href='https:\/\/apps.mpma.mp.br\/campanha-contra-drogas\/2018\/07\/09\/lancamento-da-campanha-no-municipio-de-paco-do-lumiar\/paco4\/'><img width=\"250\" height=\"250\" src=\"https:\/\/apps.mpma.mp.br\/campanha-contra-drogas\/wp-content\/uploads\/2018\/07\/Pa\u00e7o4-250x250.jpg\" class=\"attachment-thumbnail size-thumbnail\" alt=\"\" decoding=\"async\" loading=\"lazy\" \/><\/a>\n\t\t\t<\/div><\/figure><figure class='gallery-item'>\n\t\t\t<div class='gallery-icon landscape'>\n\t\t\t\t<a href='https:\/\/apps.mpma.mp.br\/campanha-contra-drogas\/2018\/07\/09\/lancamento-da-campanha-no-municipio-de-paco-do-lumiar\/paco6\/'><img width=\"250\" height=\"250\" src=\"https:\/\/apps.mpma.mp.br\/campanha-contra-drogas\/wp-content\/uploads\/2018\/07\/Pa\u00e7o6-250x250.jpg\" class=\"attachment-thumbnail size-thumbnail\" alt=\"\" decoding=\"async\" loading=\"lazy\" \/><\/a>\n\t\t\t<\/div><\/figure>\n\t\t<\/div>\n\n<p>&nbsp;<\/p>\n<p style=\"text-align: left;\">Foi lan\u00e7ada no dia 26 de junho, no audit\u00f3rio do Instituto de Ensino Superior Franciscano (IESF), em Pa\u00e7o do Lumiar, a campanha \u201cQuem escolhe o seu caminho? Voc\u00ea ou as drogas?\u201d. Iniciada em 2013, a campanha j\u00e1 alcan\u00e7ou mais de 10 mil estudantes e \u00e9 desenvolvida na capital e no interior do estado. O objetivo principal \u00e9 prevenir o uso de drogas por meio de palestras e atividades art\u00edsticas, como os concursos de reda\u00e7\u00e3o, poesia e desenho.<\/p>\n<p>Na abertura dos trabalhos, a promotora de justi\u00e7a Gabriela Brand\u00e3o da Costa Tavernard, titular da 1\u00aa Promotoria de Justi\u00e7a de Pa\u00e7o do Lumiar, afirmou que a depend\u00eancia qu\u00edmica \u00e9 um problema inserido no complexo contexto da sociedade, que vem passando por profundas transforma\u00e7\u00f5es sociais, econ\u00f4micas, pol\u00edticas e culturais. \u201cPor isso, o combate \u00e0s drogas precisa ser feito por meio de uma abordagem ampla, proporcional \u00e0 complexidade do problema, que passe pela preven\u00e7\u00e3o, tratamento, recupera\u00e7\u00e3o e reinser\u00e7\u00e3o social dos dependentes\u201d.<\/p>\n<p>Para Gabriela Tavernard, esse trabalho resulta em importantes reflexos na assist\u00eancia social, sa\u00fade, seguran\u00e7a p\u00fablica e diversas outras \u00e1reas. A promotora de justi\u00e7a falou, tamb\u00e9m, sobre a pactua\u00e7\u00e3o, que vem sendo acompanhada pelo MPMA, entre os munic\u00edpios da Ilha de S\u00e3o Lu\u00eds para que sejam instalados o Centro de Aten\u00e7\u00e3o Psicossocial Infanto Juvenil (CAPSi) e o Centro de Aten\u00e7\u00e3o Psicossocial de \u00c1lcool e Drogas (CAPS AD) em Pa\u00e7o do Lumiar e S\u00e3o Jos\u00e9 de Ribamar, atendendo \u00e0s demandas dos dois munic\u00edpios.<\/p>\n<p>A promotora de justi\u00e7a tamb\u00e9m falou sobre a responsabilidade da C\u00e2mara de Vereadores de Pa\u00e7o do Lumiar na aprova\u00e7\u00e3o do Projeto de Lei n\u00b0 09\/2018, encaminhado pelo Executivo Municipal, que disp\u00f5e sobre a cria\u00e7\u00e3o do Conselho e do Fundo Municipal de Pol\u00edtica Sobre Drogas, \u201cimportante para materializar as pol\u00edticas p\u00fablicas de preven\u00e7\u00e3o e controle sobre drogas\u201d, enfatizou.<\/p>\n<p>Em seguida, a titular da 11\u00aa Promotoria de Justi\u00e7a de Substitui\u00e7\u00e3o Plena de S\u00e3o Lu\u00eds, Cristiane Maia Lago, idealizadora do projeto, fez uma apresenta\u00e7\u00e3o a respeito da campanha \u201cQuem escolhe o seu caminho? Voc\u00ea ou as drogas?\u201d. A campanha busca a preven\u00e7\u00e3o \u00e0s drogas nas escolas p\u00fablicas, feitas pelo Minist\u00e9rio P\u00fablico e institui\u00e7\u00f5es parceiras, mas cada cidade pode adequ\u00e1-la \u00e0 sua realidade e necessidades. A promotora de justi\u00e7a destacou, ainda, que a quest\u00e3o \u00e9 transversal e envolve praticamente todas as secretarias municipais.<\/p>\n<p><strong>CAMPANHA<\/strong><br \/>\nPara a promotora de justi\u00e7a, al\u00e9m da atua\u00e7\u00e3o na preven\u00e7\u00e3o, \u00e9 importante que haja um trabalho conjunto para a efetiva\u00e7\u00e3o de pol\u00edticas p\u00fablicas sobre drogas. De acordo com Cristiane Lago, as iniciativas das comunidades terap\u00eauticas, pastorais, Alco\u00f3licos e Narc\u00f3ticos An\u00f4nimos s\u00e3o important\u00edssimas, mas \u00e9 necess\u00e1ria a organiza\u00e7\u00e3o dessa rede. Com a organiza\u00e7\u00e3o dessas pol\u00edticas p\u00fablicas, os munic\u00edpios podem, inclusive, pleitear recursos federais para atuar no combate \u00e0s drogas.<\/p>\n<p>Cristiane Lago falou, tamb\u00e9m, sobre a import\u00e2ncia dos Conselhos Escolares sobre Drogas, que devem ser instalados em todas as escolas municipais. Em Pa\u00e7o do Lumiar, o projeto de cria\u00e7\u00e3o dos Conselhos j\u00e1 foi aprovada recentemente pelo Legislativo Municipal, ainda n\u00e3o tendo sido efetivada. De acordo com a promotora de justi\u00e7a, na rede estadual j\u00e1 existem 319 conselhos instalados.<\/p>\n<p>O chefe da Divis\u00e3o de Enfrentamento \u00e0 Viol\u00eancia e \u00e0s Drogas de Pa\u00e7o do Lumiar e presidente da Rede Maranhense de Di\u00e1logos sobre Drogas (Remadd), Erisson Sousa, falou sobre as a\u00e7\u00f5es que v\u00eam sendo desenvolvidas no munic\u00edpio, em especial nos \u00faltimos 60 dias, diante da provoca\u00e7\u00e3o da Promotoria de Justi\u00e7a por uma pol\u00edtica p\u00fablica organizada sobre drogas. Para Erisson Sousa, \u00e9 necess\u00e1rio, em primeiro lugar, pensar nas pessoas envolvidas com as drogas, seja como usu\u00e1rios ou no tr\u00e1fico, que muitas vezes n\u00e3o tiveram oportunidades de inclus\u00e3o social ou nas escolas.<\/p>\n<p>De acordo com o membro do Conselho Estadual sobre Drogas, Pa\u00e7o do Lumiar tem a maior rede de comunidades terap\u00eauticas do Maranh\u00e3o, estando, atualmente, com 281 pessoas em tratamento nessas comunidades. Erisson Sousa tamb\u00e9m falou sobre a sua experi\u00eancia como usu\u00e1rio de drogas e dos 12 anos que passou tentando se livrar do v\u00edcio. Atualmente, ele est\u00e1 h\u00e1 seis anos livre das drogas, o que considera um recome\u00e7o em sua vida.<\/p>\n<p>Erisson Sousa tamb\u00e9m fez a entrega do Pr\u00eamio Remadd 2017 \u00e0 promotora Cristiane Lago, por sua atua\u00e7\u00e3o na preven\u00e7\u00e3o e combate ao uso de drogas.<\/p>\n<p>O vereador Wellington Sousa falou sobre a atua\u00e7\u00e3o da C\u00e2mara Municipal e da necessidade de uni\u00e3o de for\u00e7as entre a sociedade e o Poder P\u00fablico na busca por solu\u00e7\u00f5es para o problema das drogas. Apesar da import\u00e2ncia do trabalho repressivo, o vereador enfatizou que o caminho da preven\u00e7\u00e3o \u00e9 o mais eficaz.<\/p>\n<p>O secret\u00e1rio municipal de Direitos Humanos de Pa\u00e7o do Lumiar, Jos\u00e9 Vale dos Santos, que representou o prefeito Domingos Dutra, tamb\u00e9m ressaltou a necessidade de um trabalho conjunto e articulado para enfrentar um problema t\u00e3o grave quanto o das drogas. O secret\u00e1rio falou, ainda, sobre um semin\u00e1rio, organizado pelo Munic\u00edpio, que discutir\u00e1 a\u00e7\u00f5es relativas ao tema, al\u00e9m de firmar importantes parcerias.<\/p>\n<p>O procurador-geral de justi\u00e7a, Luiz Gonzaga Martins Coelho, enfatizou a import\u00e2ncia dos professores na constru\u00e7\u00e3o de uma sociedade melhor e no desenvolvimento da campanha de combate \u00e0s drogas. Luiz Gonzaga tamb\u00e9m contou que o projeto \u201cQuem escolhe o seu caminho: voc\u00ea ou as drogas?\u201d \u00e9 um dos concorrentes dos pr\u00eamios Innovare e do Conselho Nacional do Minist\u00e9rio P\u00fablico. \u201cTenho certeza que veremos esse projeto ir muito longe. Ele hoje n\u00e3o \u00e9 um programa do Minist\u00e9rio P\u00fablico, mas da sociedade brasileira\u201d, afirmou.<\/p>\n<p>Luiz Gonzaga Coelho tamb\u00e9m parabenizou todos os envolvidos no trabalho que vem sendo desenvolvido em Pa\u00e7o do Lumiar, com o lan\u00e7amento do programa e a aprova\u00e7\u00e3o de legisla\u00e7\u00f5es importantes no combate \u00e0s drogas. O procurador-geral de justi\u00e7a ressaltou, no entanto, que \u00e9 necess\u00e1rio dar efetividade a esses avan\u00e7os.<\/p>\n<p>Tamb\u00e9m compuseram a mesa de honra do evento o coronel Aritan\u00e3, comandante do CPAM-2 da Pol\u00edcia Militar; o diretor da Comunidade Terap\u00eautica Peniel, Jos\u00e9 Carlos Salazar; e o estudante da Escola Henrique de La Roque, Mateus Felipe.<\/p>\n<p><strong>Reda\u00e7\u00e3o:<\/strong>\u00a0Rodrigo Freitas (CCOM-MPMA)<\/p>\n","protected":false},"excerpt":{"rendered":"<p>&nbsp; Foi lan\u00e7ada no dia 26 de junho, no audit\u00f3rio do Instituto de Ensino Superior Franciscano (IESF), em Pa\u00e7o do Lumiar, a campanha \u201cQuem escolhe o seu caminho? Voc\u00ea ou as drogas?\u201d. Iniciada em 2013, a campanha j\u00e1 alcan\u00e7ou mais de 10 mil estudantes e \u00e9 desenvolvida na capital e no interior do estado. O &hellip; <a href=\"https:\/\/apps.mpma.mp.br\/campanha-contra-drogas\/2018\/07\/09\/lancamento-da-campanha-no-municipio-de-paco-do-lumiar\/\" class=\"more-link\">Continue lendo <span class=\"screen-reader-text\">LAN\u00c7AMENTO DA CAMPANHA NO MUNIC\u00cdPIO DE PA\u00c7O DO LUMIAR<\/span> <span class=\"meta-nav\">&rarr;<\/span><\/a><\/p>\n","protected":false},"author":2,"featured_media":0,"comment_status":"open","ping_status":"open","sticky":false,"template":"","format":"standard","meta":[],"categories":[5],"tags":[7],"_links":{"self":[{"href":"https:\/\/apps.mpma.mp.br\/campanha-contra-drogas\/wp-json\/wp\/v2\/posts\/384"}],"collection":[{"href":"https:\/\/apps.mpma.mp.br\/campanha-contra-drogas\/wp-json\/wp\/v2\/posts"}],"about":[{"href":"https:\/\/apps.mpma.mp.br\/campanha-contra-drogas\/wp-json\/wp\/v2\/types\/post"}],"author":[{"embeddable":true,"href":"https:\/\/apps.mpma.mp.br\/campanha-contra-drogas\/wp-json\/wp\/v2\/users\/2"}],"replies":[{"embeddable":true,"href":"https:\/\/apps.mpma.mp.br\/campanha-contra-drogas\/wp-json\/wp\/v2\/comments?post=384"}],"version-history":[{"count":2,"href":"https:\/\/apps.mpma.mp.br\/campanha-contra-drogas\/wp-json\/wp\/v2\/posts\/384\/revisions"}],"predecessor-version":[{"id":402,"href":"https:\/\/apps.mpma.mp.br\/campanha-contra-drogas\/wp-json\/wp\/v2\/posts\/384\/revisions\/402"}],"wp:attachment":[{"href":"https:\/\/apps.mpma.mp.br\/campanha-contra-drogas\/wp-json\/wp\/v2\/media?parent=384"}],"wp:term":[{"taxonomy":"category","embeddable":true,"href":"https:\/\/apps.mpma.mp.br\/campanha-contra-drogas\/wp-json\/wp\/v2\/categories?post=384"},{"taxonomy":"post_tag","embeddable":true,"href":"https:\/\/apps.mpma.mp.br\/campanha-contra-drogas\/wp-json\/wp\/v2\/tags?post=384"}],"curies":[{"name":"wp","href":"https:\/\/api.w.org\/{rel}","templated":true}]}}