{"id":393,"date":"2018-07-09T12:36:44","date_gmt":"2018-07-09T15:36:44","guid":{"rendered":"http:\/\/apps.mpma.mp.br\/campanha-contra-drogas\/?p=393"},"modified":"2023-07-12T08:11:38","modified_gmt":"2023-07-12T11:11:38","slug":"lancamento-da-campanha-nos-municipios-de-sambaiba-e-sao-raimundo-das-mangabeiras","status":"publish","type":"post","link":"https:\/\/apps.mpma.mp.br\/campanha-contra-drogas\/2018\/07\/09\/lancamento-da-campanha-nos-municipios-de-sambaiba-e-sao-raimundo-das-mangabeiras\/","title":{"rendered":"LAN\u00c7AMENTO DA CAMPANHA NOS MUNIC\u00cdPIOS DE SAMBA\u00cdBA E S\u00c3O RAIMUNDO DAS MANGABEIRAS"},"content":{"rendered":"<div id='gallery-1' class='gallery galleryid-393 gallery-columns-3 gallery-size-thumbnail'><figure class='gallery-item'>\n\t\t\t<div class='gallery-icon landscape'>\n\t\t\t\t<a href='https:\/\/apps.mpma.mp.br\/campanha-contra-drogas\/2018\/07\/09\/lancamento-da-campanha-nos-municipios-de-sambaiba-e-sao-raimundo-das-mangabeiras\/alunos_apresentacao\/'><img width=\"250\" height=\"250\" src=\"https:\/\/apps.mpma.mp.br\/campanha-contra-drogas\/wp-content\/uploads\/2018\/07\/Alunos_apresenta\u00e7\u00e3o-250x250.jpg\" class=\"attachment-thumbnail size-thumbnail\" alt=\"\" decoding=\"async\" loading=\"lazy\" \/><\/a>\n\t\t\t<\/div><\/figure><figure class='gallery-item'>\n\t\t\t<div class='gallery-icon landscape'>\n\t\t\t\t<a href='https:\/\/apps.mpma.mp.br\/campanha-contra-drogas\/2018\/07\/09\/lancamento-da-campanha-nos-municipios-de-sambaiba-e-sao-raimundo-das-mangabeiras\/apresentacao_alunos_sambaiba\/'><img width=\"250\" height=\"250\" src=\"https:\/\/apps.mpma.mp.br\/campanha-contra-drogas\/wp-content\/uploads\/2018\/07\/Apresenta\u00e7\u00e3o_alunos_Samba\u00edba-250x250.jpeg\" class=\"attachment-thumbnail size-thumbnail\" alt=\"\" decoding=\"async\" loading=\"lazy\" \/><\/a>\n\t\t\t<\/div><\/figure><figure class='gallery-item'>\n\t\t\t<div class='gallery-icon landscape'>\n\t\t\t\t<a href='https:\/\/apps.mpma.mp.br\/campanha-contra-drogas\/2018\/07\/09\/lancamento-da-campanha-nos-municipios-de-sambaiba-e-sao-raimundo-das-mangabeiras\/disucrso_pgj_em_sambaiba\/'><img width=\"250\" height=\"250\" src=\"https:\/\/apps.mpma.mp.br\/campanha-contra-drogas\/wp-content\/uploads\/2018\/07\/disucrso_PGJ_em_Sambaiba-250x250.jpeg\" class=\"attachment-thumbnail size-thumbnail\" alt=\"\" decoding=\"async\" loading=\"lazy\" \/><\/a>\n\t\t\t<\/div><\/figure><figure class='gallery-item'>\n\t\t\t<div class='gallery-icon landscape'>\n\t\t\t\t<a href='https:\/\/apps.mpma.mp.br\/campanha-contra-drogas\/2018\/07\/09\/lancamento-da-campanha-nos-municipios-de-sambaiba-e-sao-raimundo-das-mangabeiras\/foto_geral_2\/'><img width=\"250\" height=\"250\" src=\"https:\/\/apps.mpma.mp.br\/campanha-contra-drogas\/wp-content\/uploads\/2018\/07\/Foto_geral_2-250x250.jpeg\" class=\"attachment-thumbnail size-thumbnail\" alt=\"\" decoding=\"async\" loading=\"lazy\" \/><\/a>\n\t\t\t<\/div><\/figure><figure class='gallery-item'>\n\t\t\t<div class='gallery-icon landscape'>\n\t\t\t\t<a href='https:\/\/apps.mpma.mp.br\/campanha-contra-drogas\/2018\/07\/09\/lancamento-da-campanha-nos-municipios-de-sambaiba-e-sao-raimundo-das-mangabeiras\/foto_geral_sambaiba_1\/'><img width=\"250\" height=\"250\" src=\"https:\/\/apps.mpma.mp.br\/campanha-contra-drogas\/wp-content\/uploads\/2018\/07\/Foto_geral_Sambaiba_1-250x250.jpeg\" class=\"attachment-thumbnail size-thumbnail\" alt=\"\" decoding=\"async\" loading=\"lazy\" \/><\/a>\n\t\t\t<\/div><\/figure><figure class='gallery-item'>\n\t\t\t<div class='gallery-icon landscape'>\n\t\t\t\t<a href='https:\/\/apps.mpma.mp.br\/campanha-contra-drogas\/2018\/07\/09\/lancamento-da-campanha-nos-municipios-de-sambaiba-e-sao-raimundo-das-mangabeiras\/mesa_sambabia\/'><img width=\"250\" height=\"250\" src=\"https:\/\/apps.mpma.mp.br\/campanha-contra-drogas\/wp-content\/uploads\/2018\/07\/Mesa_Sambabia-250x250.jpeg\" class=\"attachment-thumbnail size-thumbnail\" alt=\"\" decoding=\"async\" loading=\"lazy\" \/><\/a>\n\t\t\t<\/div><\/figure><figure class='gallery-item'>\n\t\t\t<div class='gallery-icon landscape'>\n\t\t\t\t<a href='https:\/\/apps.mpma.mp.br\/campanha-contra-drogas\/2018\/07\/09\/lancamento-da-campanha-nos-municipios-de-sambaiba-e-sao-raimundo-das-mangabeiras\/prefeito_sambaiba_sancionando_lei\/'><img width=\"250\" height=\"250\" src=\"https:\/\/apps.mpma.mp.br\/campanha-contra-drogas\/wp-content\/uploads\/2018\/07\/Prefeito_Sambaiba_sancionando_lei-250x250.jpeg\" class=\"attachment-thumbnail size-thumbnail\" alt=\"\" decoding=\"async\" loading=\"lazy\" \/><\/a>\n\t\t\t<\/div><\/figure>\n\t\t<\/div>\n\n<p>&nbsp;<\/p>\n<p style=\"text-align: left;\">O Minist\u00e9rio P\u00fablico do Maranh\u00e3o lan\u00e7ou, na manh\u00e3 do dia 30 de maio do corrente ano, a campanha institucional \u201cQuem escolhe o seu caminho? Voc\u00ea ou as drogas?\u201d nos munic\u00edpios de Samba\u00edba e S\u00e3o Raimundo das Mangabeiras. Os eventos reuniram autoridades religiosas, sociedade civil, militares, estudantes, conselheiros tutelares e de direitos, promotores de justi\u00e7a, professores e demais profissionais da \u00e1rea da educa\u00e7\u00e3o, membros do Poder Executivo, Legislativo e Judici\u00e1rio.<\/p>\n<p>Iniciada em 2013, a campanha \u00e9 desenvolvida na capital e no interior do estado e tem como objetivo principal prevenir o uso de drogas por meio de palestras e atividades art\u00edsticas, como os concursos de reda\u00e7\u00e3o, poesia e desenho.<\/p>\n<p>O lan\u00e7amento no munic\u00edpio de Samba\u00edba, termo da comarca de S\u00e3o Raimundo das Mangabeiras, foi realizado \u00e0s 9h, na C\u00e2mara de Vereadores.<\/p>\n<p>O procurador-geral de justi\u00e7a, Luiz Gonzaga Martins Coelho; o promotor de justi\u00e7a da comarca de S\u00e3o Raimundo das Mangabeiras, Thiago Barbosa; o diretor da Secretaria para Assuntos Institucionais (Secinst), Marco Antonio Santos Amorim; o prefeito de Samba\u00edba, Raimundo Santana; a presidente da C\u00e2mara Municipal, vereadora Luzia Mota; a secret\u00e1ria de Educa\u00e7\u00e3o de Samba\u00edba, Maria Z\u00e9lia; o prefeito de S\u00e3o Raimundo das Mangabeiras, Rodrigo Coelho; o juiz de S\u00e3o Raimundo das Mangabeiras, Haniel S\u00f3stenes; o representante da OAB-Balsas, o advogado Aciole Cardoso; o representante da Pol\u00edcia Militar, major Carlos Rog\u00e9rio, compuseram a mesa solene.<\/p>\n<p>Na abertura do evento, o procurador-geral de justi\u00e7a, Luiz Gonzaga, falou sobre a complexidade dos problemas ocasionados pelas drogas. \u201cA quest\u00e3o das drogas n\u00e3o se vincula apenas \u00e0 criminalidade. Sua complexidade envolve aspectos da sa\u00fade p\u00fablica, de educa\u00e7\u00e3o e, principalmente, de efetividade de direitos humanos e do princ\u00edpio da dignidade\u201d, explicou. O chefe do MPMA tamb\u00e9m destacou a import\u00e2ncia da Pol\u00edtica Municipal sobre Drogas. \u201cO resultado que esperamos, a partir deste evento, \u00e9 desafiador, mas urgente e necess\u00e1rio. Trazer a quest\u00e3o da institucionaliza\u00e7\u00e3o da Pol\u00edtica Municipal sobre Drogas e garantir o protagonismo dos jovens s\u00e3o as linhas que nos unem\u201d, finalizou Luiz Gonzaga.<\/p>\n<p>O promotor de justi\u00e7a Thiago Barbosa afirmou que o lan\u00e7amento da campanha nos dois munic\u00edpios \u00e9 resultado de uma necessidade, pois a droga chega nos mais distantes lugares. &#8220;Mesmo que este problema n\u00e3o tenha chegado na sua fam\u00edlia, \u00e9, sem d\u00favida, uma quest\u00e3o que atinge todos n\u00f3s. Os reflexos negativos causam impacto em todos n\u00f3s\u201d, refletiu.<\/p>\n<p>Em seguida, o diretor da Secinst apresentou a campanha. Marco Antonio Amorim falou sobre drogas l\u00edcitas e il\u00edcitas. Em sua fala, alertou especialmente as crian\u00e7as, adolescentes e jovens presentes, para que n\u00e3o tenham a curiosidade de experimentar as drogas. &#8220;Quem experimenta drogas pela primeira vez corre o risco de n\u00e3o ter for\u00e7as para voltar. \u00c9 melhor fazer a op\u00e7\u00e3o consciente de se manter longe desse caminho\u201d, explicou Marco Antonio.<\/p>\n<p>A programa\u00e7\u00e3o tamb\u00e9m contou com uma apresenta\u00e7\u00e3o cultural, feita pelos alunos da rede municipal de ensino.<\/p>\n<p><strong>S\u00c3O RAIMUNDO DAS MANGABEIRAS<\/strong><\/p>\n<p>Na tarde do dia\u00a030 de maio, a campanha foi lan\u00e7ada em S\u00e3o Raimundo das Mangabeiras, na C\u00e2mara de Vereadores.<\/p>\n<p>Em sua fala, o chefe do MPMA destacou o empenho do MPMA em mudar a realidade do Maranh\u00e3o, atrav\u00e9s dos programas institucionais. \u201cEsta campanha \u00e9 de fundamental import\u00e2ncia porque a droga, infelizmente, \u00e9 um problema de grandes propor\u00e7\u00f5es, que n\u00e3o escolhe classe social, idade ou lugar. N\u00f3s, do Minist\u00e9rio P\u00fablico do Maranh\u00e3o, estamos levando essa campanha a todos os munic\u00edpios do nosso estado. \u00c9 um investimento que fazemos no futuro dos nossos jovens. \u00c9 um investimento que fazemos na vida\u201d, afirmou Luiz Gonzaga.<\/p>\n<p>De acordo com o titular da promotoria de s\u00e3o Raimundo das Mangabeiras, o promotor de justi\u00e7a Thiago Barbosa, \u201cum dos objetivos da campanha \u00e9 evitar que nossas crian\u00e7as e adolescentes passem por este mal.\u201d Ele conclamou todos os presentes a replicar a mensagem e pediu aos professores a debaterem o tema na sala de aula e demais espa\u00e7os da escola.<\/p>\n<p>O diretor da Secinst, Marco Antonio Amorim, conversou com os estudantes e falou sobre drogas l\u00edcitas e il\u00edcitas, tipos de drogas, efeitos de uso a curto e longo prazo. &#8220;Quem usa drogas tem um comprometimento negativo da vida. \u00c9 melhor fazer a op\u00e7\u00e3o consciente por n\u00e3o usar\u201d, falou.<\/p>\n<p>O evento contou, ainda, com a participa\u00e7\u00e3o do ex-usu\u00e1rio de drogas Fabr\u00edcio Silva, que fez quest\u00e3o de dar o seu depoimento aos jovens. Ele usou v\u00e1rios tipos de drogas at\u00e9 2010 e considera o dia 15 de junho de 2011 um renascimento, quando parou de usar entorpecentes e se internou no grupo de apoio Fazenda Esperan\u00e7a, onde passou um ano se recuperando, recluso por decis\u00e3o pr\u00f3pria. &#8220;Jovens, afastem-se das drogas, n\u00e3o tenham essa curiosidade. Estudem, respeitem seus pais, m\u00e3es, professores. Quem usa drogas esquece todos os princ\u00edpios. Levem a vida pra frente de forma honesta\u201d, alertou Fabr\u00edcio.<\/p>\n<p>Ao final da solenidade, o procurador-geral de justi\u00e7a foi homenageado pelo Poder Executivo de S\u00e3o Raimundo das Mangabeiras pelos bons servi\u00e7os prestados pelo Minist\u00e9rio P\u00fablico na regi\u00e3o. Ele recebeu o chap\u00e9u de sertanejo, representando o reconhecimento que, assim como os sertanejos que ajudaram a desenvolver a cidade com seu trabalho, tamb\u00e9m contribui com o desenvolvimento regional pelos projetos e a\u00e7\u00f5es \u00e0 frente do Minist\u00e9rio P\u00fablico do Maranh\u00e3o.<\/p>\n<p>Gonzaga \u00e9 natural de Loreto, munic\u00edpio vizinho a S\u00e3o Raimundo das Mangabeiras. &#8220;Sinto-me duplamente honrado com a homenagem, por ser filho desta terra e por estar representando o Minist\u00e9rio P\u00fablico maranhense\u201d, destacou.<\/p>\n<p>Tamb\u00e9m foram homenageados os promotores de justi\u00e7a Marco Antonio Amorim e Thiago Barbosa, pelos bons servi\u00e7os dispensados \u00e0 comunidade.<\/p>\n<p><strong>LEIS SANCIONADAS<\/strong><\/p>\n<p>Ao final dos eventos, os prefeitos de Samba\u00edba, Raimundo Santana, e de S\u00e3o Raimundo das Mangabeiras, Rodrigo Coelho, sancionaram tr\u00eas leis municipais.<\/p>\n<p>As leis tratam sobre a cria\u00e7\u00e3o de Pol\u00edticas sobre Drogas e do Fundo Municipal de Pol\u00edticas sobre Drogas nos munic\u00edpios e estabelecem as diretrizes para a cria\u00e7\u00e3o do Conselho Escolar sobre drogas em todos os estabelecimentos de ensino do munic\u00edpio e do selo \u201cescola consciente\u201d.<\/p>\n<p><strong>Reda\u00e7\u00e3o e fotos:<\/strong>\u00a0Johelton Gomes (CCOM-MPMA)<\/p>\n","protected":false},"excerpt":{"rendered":"<p>&nbsp; O Minist\u00e9rio P\u00fablico do Maranh\u00e3o lan\u00e7ou, na manh\u00e3 do dia 30 de maio do corrente ano, a campanha institucional \u201cQuem escolhe o seu caminho? Voc\u00ea ou as drogas?\u201d nos munic\u00edpios de Samba\u00edba e S\u00e3o Raimundo das Mangabeiras. Os eventos reuniram autoridades religiosas, sociedade civil, militares, estudantes, conselheiros tutelares e de direitos, promotores de justi\u00e7a, &hellip; <a href=\"https:\/\/apps.mpma.mp.br\/campanha-contra-drogas\/2018\/07\/09\/lancamento-da-campanha-nos-municipios-de-sambaiba-e-sao-raimundo-das-mangabeiras\/\" class=\"more-link\">Continue lendo <span class=\"screen-reader-text\">LAN\u00c7AMENTO DA CAMPANHA NOS MUNIC\u00cdPIOS DE SAMBA\u00cdBA E S\u00c3O RAIMUNDO DAS MANGABEIRAS<\/span> <span class=\"meta-nav\">&rarr;<\/span><\/a><\/p>\n","protected":false},"author":2,"featured_media":0,"comment_status":"open","ping_status":"open","sticky":false,"template":"","format":"standard","meta":[],"categories":[5],"tags":[7],"_links":{"self":[{"href":"https:\/\/apps.mpma.mp.br\/campanha-contra-drogas\/wp-json\/wp\/v2\/posts\/393"}],"collection":[{"href":"https:\/\/apps.mpma.mp.br\/campanha-contra-drogas\/wp-json\/wp\/v2\/posts"}],"about":[{"href":"https:\/\/apps.mpma.mp.br\/campanha-contra-drogas\/wp-json\/wp\/v2\/types\/post"}],"author":[{"embeddable":true,"href":"https:\/\/apps.mpma.mp.br\/campanha-contra-drogas\/wp-json\/wp\/v2\/users\/2"}],"replies":[{"embeddable":true,"href":"https:\/\/apps.mpma.mp.br\/campanha-contra-drogas\/wp-json\/wp\/v2\/comments?post=393"}],"version-history":[{"count":3,"href":"https:\/\/apps.mpma.mp.br\/campanha-contra-drogas\/wp-json\/wp\/v2\/posts\/393\/revisions"}],"predecessor-version":[{"id":410,"href":"https:\/\/apps.mpma.mp.br\/campanha-contra-drogas\/wp-json\/wp\/v2\/posts\/393\/revisions\/410"}],"wp:attachment":[{"href":"https:\/\/apps.mpma.mp.br\/campanha-contra-drogas\/wp-json\/wp\/v2\/media?parent=393"}],"wp:term":[{"taxonomy":"category","embeddable":true,"href":"https:\/\/apps.mpma.mp.br\/campanha-contra-drogas\/wp-json\/wp\/v2\/categories?post=393"},{"taxonomy":"post_tag","embeddable":true,"href":"https:\/\/apps.mpma.mp.br\/campanha-contra-drogas\/wp-json\/wp\/v2\/tags?post=393"}],"curies":[{"name":"wp","href":"https:\/\/api.w.org\/{rel}","templated":true}]}}