{"id":419,"date":"2018-12-18T10:28:03","date_gmt":"2018-12-18T12:28:03","guid":{"rendered":"http:\/\/apps.mpma.mp.br\/campanha-contra-drogas\/?p=419"},"modified":"2023-07-12T08:11:38","modified_gmt":"2023-07-12T11:11:38","slug":"sao-luis-campanha-de-combate-as-drogas-encerra-as-atividades-em-2018","status":"publish","type":"post","link":"https:\/\/apps.mpma.mp.br\/campanha-contra-drogas\/2018\/12\/18\/sao-luis-campanha-de-combate-as-drogas-encerra-as-atividades-em-2018\/","title":{"rendered":"S\u00c3O LU\u00cdS &#8211; Campanha de combate \u00e0s drogas encerra as atividades em 2018"},"content":{"rendered":"<div id='gallery-1' class='gallery galleryid-419 gallery-columns-3 gallery-size-thumbnail'><figure class='gallery-item'>\n\t\t\t<div class='gallery-icon landscape'>\n\t\t\t\t<a href='https:\/\/apps.mpma.mp.br\/campanha-contra-drogas\/2018\/12\/18\/sao-luis-campanha-de-combate-as-drogas-encerra-as-atividades-em-2018\/palestra-2\/'><img width=\"250\" height=\"250\" src=\"https:\/\/apps.mpma.mp.br\/campanha-contra-drogas\/wp-content\/uploads\/2018\/12\/PALESTRA-2-250x250.jpg\" class=\"attachment-thumbnail size-thumbnail\" alt=\"\" decoding=\"async\" loading=\"lazy\" \/><\/a>\n\t\t\t<\/div><\/figure><figure class='gallery-item'>\n\t\t\t<div class='gallery-icon landscape'>\n\t\t\t\t<a href='https:\/\/apps.mpma.mp.br\/campanha-contra-drogas\/2018\/12\/18\/sao-luis-campanha-de-combate-as-drogas-encerra-as-atividades-em-2018\/palestra-3\/'><img width=\"250\" height=\"250\" src=\"https:\/\/apps.mpma.mp.br\/campanha-contra-drogas\/wp-content\/uploads\/2018\/12\/PALESTRA-3-250x250.jpg\" class=\"attachment-thumbnail size-thumbnail\" alt=\"\" decoding=\"async\" loading=\"lazy\" \/><\/a>\n\t\t\t<\/div><\/figure><figure class='gallery-item'>\n\t\t\t<div class='gallery-icon landscape'>\n\t\t\t\t<a href='https:\/\/apps.mpma.mp.br\/campanha-contra-drogas\/2018\/12\/18\/sao-luis-campanha-de-combate-as-drogas-encerra-as-atividades-em-2018\/palestra\/'><img width=\"250\" height=\"250\" src=\"https:\/\/apps.mpma.mp.br\/campanha-contra-drogas\/wp-content\/uploads\/2018\/12\/PALESTRA-250x250.jpg\" class=\"attachment-thumbnail size-thumbnail\" alt=\"\" decoding=\"async\" loading=\"lazy\" \/><\/a>\n\t\t\t<\/div><\/figure>\n\t\t<\/div>\n\n<p>A campanha institucional \u201cQuem escolhe o seu caminho? Voc\u00ea ou as drogas?\u201d encerrou suas atividades em 2018, nesta ter\u00e7a-feira, 4, nas depend\u00eancias da Unidade de Ensino B\u00e1sico Padre Newton Pereira, no bairro do Cohatrac, em S\u00e3o Lu\u00eds.<\/p>\n<p>A promotora de justi\u00e7a Cristiane Maia Lago, titular da 11\u00aa Promotoria de Justi\u00e7a de Substitui\u00e7\u00e3o Plena de S\u00e3o Lu\u00eds e idealizadora do projeto, proferiu palestra para os alunos e professores da escola, abordando os malef\u00edcios e consequ\u00eancias do uso de subst\u00e2ncias entorpecentes.<\/p>\n<p>Ela destacou a diferen\u00e7a entre as drogas depressoras, estimulantes, alucin\u00f3genas e seus efeitos na vida dos usu\u00e1rios. Tamb\u00e9m foram abordadas as consequ\u00eancias f\u00edsicas e psicol\u00f3gicas do uso de drogas l\u00edcitas, como o cigarro e o \u00e1lcool. \u201cN\u00e3o apenas as drogas proibidas t\u00eam efeitos extremamente negativos, mas tamb\u00e9m as que t\u00eam o uso permitido. O aparecimento de c\u00e2ncer, cirrose, comprometimento do racioc\u00ednio s\u00e3o associados ao consumo do \u00e1lcool e do cigarro\u201d, enfatizou.<\/p>\n<p>Cristiane Lago alertou os estudantes a evitarem o consumo do cigarro. \u201cOs males s\u00e3o comprovados cientificamente, pois cada unidade possui mais de 4.700 subst\u00e2ncias t\u00f3xicas, sendo 60 cancer\u00edgenas\u201d.<\/p>\n<p>As atividades da campanha s\u00e3o desenvolvidas, desde 2013, em escolas p\u00fablicas das redes municipal e estadual de ensino, em munic\u00edpios do Maranh\u00e3o. O objetivo \u00e9 estimular o debate no ambiente escolar e prevenir o uso de subst\u00e2ncias entorpecentes por crian\u00e7as e adolescentes.<\/p>\n<p>A superintendente de Educa\u00e7\u00e3o B\u00e1sica da Secretaria de Estado da Educa\u00e7\u00e3o, Eliziane Oliveira, pediu aos alunos que foquem suas vidas no estudo e aproveitem o per\u00edodo escolar para adquirir conhecimento para suas vidas. \u201cSejam conscientes das suas escolhas e das consequ\u00eancias para seu desenvolvimento pessoal\u201d.<\/p>\n<p>Presente ao evento, o titular da Promotoria de Justi\u00e7a Comunit\u00e1ria Itinerante, Vicente de Paulo Silva Martins, explicou que a palestra sobre preven\u00e7\u00e3o \u00e0s drogas \u00e9 resultado de v\u00e1rios pedidos feitos pelos moradores do Cohatrac nos atendimentos realizados na unidade m\u00f3vel. A equipe do Minist\u00e9rio P\u00fablico iniciou o atendimento na comunidade no dia 5 de novembro.<\/p>\n<p>A UEB Padre Newton Pereira recebeu palestras sobre viol\u00eancia contra a mulher e Lei Maria da Penha, com a promotora de justi\u00e7a de Defesa da Mulher, Selma Martins; e tamb\u00e9m sobre racismo, com pesquisadores indicados pelo promotor de justi\u00e7a e coordenador do Centro de Apoio Operacional dos Direitos Humanos, C\u00e1ssius Chai.<\/p>\n<p>Tamb\u00e9m foram realizadas palestras sobre direitos dos idosos, com o promotor de justi\u00e7a de Defesa do Idoso, Jos\u00e9 Augusto Cutrim; e responsabilidade dos pais na educa\u00e7\u00e3o dos filhos, com o promotor de justi\u00e7a Vicente Martins.<\/p>\n<p>Ao final do evento, com base no tema da campanha, alunos do 8\u00ba e 9\u00ba ano do ensino fundamental foram premiados como vencedores dos concursos de desenho e poesia. Eles receberam livros.<\/p>\n<p><strong>Reda\u00e7\u00e3o e fotos:<\/strong>\u00a0Johelton Gomes (CCOM MPMA)<\/p>\n","protected":false},"excerpt":{"rendered":"<p>A campanha institucional \u201cQuem escolhe o seu caminho? Voc\u00ea ou as drogas?\u201d encerrou suas atividades em 2018, nesta ter\u00e7a-feira, 4, nas depend\u00eancias da Unidade de Ensino B\u00e1sico Padre Newton Pereira, no bairro do Cohatrac, em S\u00e3o Lu\u00eds. A promotora de justi\u00e7a Cristiane Maia Lago, titular da 11\u00aa Promotoria de Justi\u00e7a de Substitui\u00e7\u00e3o Plena de S\u00e3o &hellip; <a href=\"https:\/\/apps.mpma.mp.br\/campanha-contra-drogas\/2018\/12\/18\/sao-luis-campanha-de-combate-as-drogas-encerra-as-atividades-em-2018\/\" class=\"more-link\">Continue lendo <span class=\"screen-reader-text\">S\u00c3O LU\u00cdS &#8211; Campanha de combate \u00e0s drogas encerra as atividades em 2018<\/span> <span class=\"meta-nav\">&rarr;<\/span><\/a><\/p>\n","protected":false},"author":2,"featured_media":0,"comment_status":"open","ping_status":"open","sticky":false,"template":"","format":"standard","meta":[],"categories":[5],"tags":[7],"_links":{"self":[{"href":"https:\/\/apps.mpma.mp.br\/campanha-contra-drogas\/wp-json\/wp\/v2\/posts\/419"}],"collection":[{"href":"https:\/\/apps.mpma.mp.br\/campanha-contra-drogas\/wp-json\/wp\/v2\/posts"}],"about":[{"href":"https:\/\/apps.mpma.mp.br\/campanha-contra-drogas\/wp-json\/wp\/v2\/types\/post"}],"author":[{"embeddable":true,"href":"https:\/\/apps.mpma.mp.br\/campanha-contra-drogas\/wp-json\/wp\/v2\/users\/2"}],"replies":[{"embeddable":true,"href":"https:\/\/apps.mpma.mp.br\/campanha-contra-drogas\/wp-json\/wp\/v2\/comments?post=419"}],"version-history":[{"count":1,"href":"https:\/\/apps.mpma.mp.br\/campanha-contra-drogas\/wp-json\/wp\/v2\/posts\/419\/revisions"}],"predecessor-version":[{"id":423,"href":"https:\/\/apps.mpma.mp.br\/campanha-contra-drogas\/wp-json\/wp\/v2\/posts\/419\/revisions\/423"}],"wp:attachment":[{"href":"https:\/\/apps.mpma.mp.br\/campanha-contra-drogas\/wp-json\/wp\/v2\/media?parent=419"}],"wp:term":[{"taxonomy":"category","embeddable":true,"href":"https:\/\/apps.mpma.mp.br\/campanha-contra-drogas\/wp-json\/wp\/v2\/categories?post=419"},{"taxonomy":"post_tag","embeddable":true,"href":"https:\/\/apps.mpma.mp.br\/campanha-contra-drogas\/wp-json\/wp\/v2\/tags?post=419"}],"curies":[{"name":"wp","href":"https:\/\/api.w.org\/{rel}","templated":true}]}}