{"id":42,"date":"2016-09-15T08:21:24","date_gmt":"2016-09-15T11:21:24","guid":{"rendered":"http:\/\/apps.mpma.mp.br\/campanha-contra-drogas\/?p=42"},"modified":"2023-07-12T08:11:40","modified_gmt":"2023-07-12T11:11:40","slug":"mensagem-da-campanha-para-o-ano-2016","status":"publish","type":"post","link":"https:\/\/apps.mpma.mp.br\/campanha-contra-drogas\/2016\/09\/15\/mensagem-da-campanha-para-o-ano-2016\/","title":{"rendered":"Mensagem da Campanha para o ano 2016"},"content":{"rendered":"<p>Chegamos ao terceiro ano da campanha &#8220;<span style=\"text-decoration: underline;\">Quem escolhe o seu caminho? voc\u00ea ou as drogas?<\/span>&#8221; com a preocupa\u00e7\u00e3o cont\u00ednua de conscientizar os jovens sobre o perigo e efeitos devastadores das drogas.<\/p>\n<p>Sabemos que o consumo de drogas l\u00edcitas e il\u00edcitas \u00e9 um dos maiores desafios da nossa sociedade. Por isso, al\u00e9m de agir no cumprimento da Lei, acreditamos que \u00e9 preciso inspirar a popula\u00e7\u00e3o a atuar de forma \u00edntegra no combate \u00e0s drogas, sejam elas\u00a0l\u00edcitas ou\u00a0il\u00edcitas.<\/p>\n<p>Para isso, planejamos palestras e concursos nas escolas p\u00fablicas municipais e estaduais em S\u00e3o Lu\u00eds\/MA.<\/p>\n<p style=\"text-align: center;\"><strong>VAMOS EM FRENTE!<\/strong><\/p>\n<div id='gallery-1' class='gallery galleryid-42 gallery-columns-3 gallery-size-thumbnail'><figure class='gallery-item'>\n\t\t\t<div class='gallery-icon landscape'>\n\t\t\t\t<a href='https:\/\/apps.mpma.mp.br\/campanha-contra-drogas\/cropped-banner_web-jpg\/'><img width=\"250\" height=\"250\" src=\"https:\/\/apps.mpma.mp.br\/campanha-contra-drogas\/wp-content\/uploads\/2016\/09\/cropped-banner_web-250x250.jpg\" class=\"attachment-thumbnail size-thumbnail\" alt=\"\" decoding=\"async\" loading=\"lazy\" srcset=\"https:\/\/apps.mpma.mp.br\/campanha-contra-drogas\/wp-content\/uploads\/2016\/09\/cropped-banner_web-250x250.jpg 250w, https:\/\/apps.mpma.mp.br\/campanha-contra-drogas\/wp-content\/uploads\/2016\/09\/cropped-banner_web-300x300.jpg 300w, https:\/\/apps.mpma.mp.br\/campanha-contra-drogas\/wp-content\/uploads\/2016\/09\/cropped-banner_web-270x270.jpg 270w, https:\/\/apps.mpma.mp.br\/campanha-contra-drogas\/wp-content\/uploads\/2016\/09\/cropped-banner_web-192x192.jpg 192w, https:\/\/apps.mpma.mp.br\/campanha-contra-drogas\/wp-content\/uploads\/2016\/09\/cropped-banner_web-180x180.jpg 180w, https:\/\/apps.mpma.mp.br\/campanha-contra-drogas\/wp-content\/uploads\/2016\/09\/cropped-banner_web-32x32.jpg 32w, https:\/\/apps.mpma.mp.br\/campanha-contra-drogas\/wp-content\/uploads\/2016\/09\/cropped-banner_web.jpg 512w\" sizes=\"(max-width: 250px) 100vw, 250px\" \/><\/a>\n\t\t\t<\/div><\/figure><figure class='gallery-item'>\n\t\t\t<div class='gallery-icon landscape'>\n\t\t\t\t<a href='https:\/\/apps.mpma.mp.br\/campanha-contra-drogas\/2016\/09\/13\/a-campanha-em-2016\/mpma\/'><img width=\"250\" height=\"250\" src=\"https:\/\/apps.mpma.mp.br\/campanha-contra-drogas\/wp-content\/uploads\/2016\/09\/MPMA-250x250.jpg\" class=\"attachment-thumbnail size-thumbnail\" alt=\"\" decoding=\"async\" loading=\"lazy\" aria-describedby=\"gallery-1-137\" \/><\/a>\n\t\t\t<\/div>\n\t\t\t\t<figcaption class='wp-caption-text gallery-caption' id='gallery-1-137'>\n\t\t\t\tMINIST\u00c9RIO P\u00daBLICO DO ESTADO DO MARANH\u00c3O\n\t\t\t\t<\/figcaption><\/figure>\n\t\t<\/div>\n\n","protected":false},"excerpt":{"rendered":"<p>Chegamos ao terceiro ano da campanha &#8220;Quem escolhe o seu caminho? voc\u00ea ou as drogas?&#8221; com a preocupa\u00e7\u00e3o cont\u00ednua de conscientizar os jovens sobre o perigo e efeitos devastadores das drogas. Sabemos que o consumo de drogas l\u00edcitas e il\u00edcitas \u00e9 um dos maiores desafios da nossa sociedade. Por isso, al\u00e9m de agir no cumprimento &hellip; <a href=\"https:\/\/apps.mpma.mp.br\/campanha-contra-drogas\/2016\/09\/15\/mensagem-da-campanha-para-o-ano-2016\/\" class=\"more-link\">Continue lendo <span class=\"screen-reader-text\">Mensagem da Campanha para o ano 2016<\/span> <span class=\"meta-nav\">&rarr;<\/span><\/a><\/p>\n","protected":false},"author":2,"featured_media":0,"comment_status":"open","ping_status":"open","sticky":false,"template":"","format":"standard","meta":[],"categories":[5],"tags":[7],"_links":{"self":[{"href":"https:\/\/apps.mpma.mp.br\/campanha-contra-drogas\/wp-json\/wp\/v2\/posts\/42"}],"collection":[{"href":"https:\/\/apps.mpma.mp.br\/campanha-contra-drogas\/wp-json\/wp\/v2\/posts"}],"about":[{"href":"https:\/\/apps.mpma.mp.br\/campanha-contra-drogas\/wp-json\/wp\/v2\/types\/post"}],"author":[{"embeddable":true,"href":"https:\/\/apps.mpma.mp.br\/campanha-contra-drogas\/wp-json\/wp\/v2\/users\/2"}],"replies":[{"embeddable":true,"href":"https:\/\/apps.mpma.mp.br\/campanha-contra-drogas\/wp-json\/wp\/v2\/comments?post=42"}],"version-history":[{"count":3,"href":"https:\/\/apps.mpma.mp.br\/campanha-contra-drogas\/wp-json\/wp\/v2\/posts\/42\/revisions"}],"predecessor-version":[{"id":139,"href":"https:\/\/apps.mpma.mp.br\/campanha-contra-drogas\/wp-json\/wp\/v2\/posts\/42\/revisions\/139"}],"wp:attachment":[{"href":"https:\/\/apps.mpma.mp.br\/campanha-contra-drogas\/wp-json\/wp\/v2\/media?parent=42"}],"wp:term":[{"taxonomy":"category","embeddable":true,"href":"https:\/\/apps.mpma.mp.br\/campanha-contra-drogas\/wp-json\/wp\/v2\/categories?post=42"},{"taxonomy":"post_tag","embeddable":true,"href":"https:\/\/apps.mpma.mp.br\/campanha-contra-drogas\/wp-json\/wp\/v2\/tags?post=42"}],"curies":[{"name":"wp","href":"https:\/\/api.w.org\/{rel}","templated":true}]}}