{"id":425,"date":"2019-04-03T11:04:04","date_gmt":"2019-04-03T14:04:04","guid":{"rendered":"http:\/\/apps.mpma.mp.br\/campanha-contra-drogas\/?p=425"},"modified":"2023-07-12T08:11:38","modified_gmt":"2023-07-12T11:11:38","slug":"o-ministerio-publico-do-maranhao-retoma-as-atividades-da-campanha-de-prevencao-e-combate-as-drogas-nas-escolas-em-2019","status":"publish","type":"post","link":"https:\/\/apps.mpma.mp.br\/campanha-contra-drogas\/2019\/04\/03\/o-ministerio-publico-do-maranhao-retoma-as-atividades-da-campanha-de-prevencao-e-combate-as-drogas-nas-escolas-em-2019\/","title":{"rendered":"O MINIST\u00c9RIO P\u00daBLICO DO MARANH\u00c3O RETOMA AS ATIVIDADES DO PROJETO DE PREVEN\u00c7\u00c3O E COMBATE \u00c0S DROGAS NAS ESCOLAS EM 2019"},"content":{"rendered":"<p>&#8220;QUEM ESCOLHE O SEU CAMINHO? VOC\u00ca OU AS DROGAS&#8221;<\/p>\n<div id='gallery-1' class='gallery galleryid-425 gallery-columns-3 gallery-size-thumbnail'><figure class='gallery-item'>\n\t\t\t<div class='gallery-icon landscape'>\n\t\t\t\t<a href='https:\/\/apps.mpma.mp.br\/campanha-contra-drogas\/2019\/04\/03\/o-ministerio-publico-do-maranhao-retoma-as-atividades-da-campanha-de-prevencao-e-combate-as-drogas-nas-escolas-em-2019\/fotos-2019-2\/'><img width=\"250\" height=\"250\" src=\"https:\/\/apps.mpma.mp.br\/campanha-contra-drogas\/wp-content\/uploads\/2019\/04\/Fotos-2019.2-250x250.jpeg\" class=\"attachment-thumbnail size-thumbnail\" alt=\"\" decoding=\"async\" loading=\"lazy\" \/><\/a>\n\t\t\t<\/div><\/figure><figure class='gallery-item'>\n\t\t\t<div class='gallery-icon landscape'>\n\t\t\t\t<a href='https:\/\/apps.mpma.mp.br\/campanha-contra-drogas\/2019\/04\/03\/o-ministerio-publico-do-maranhao-retoma-as-atividades-da-campanha-de-prevencao-e-combate-as-drogas-nas-escolas-em-2019\/fotos-2019-3\/'><img width=\"250\" height=\"250\" src=\"https:\/\/apps.mpma.mp.br\/campanha-contra-drogas\/wp-content\/uploads\/2019\/04\/Fotos-2019.3-250x250.jpeg\" class=\"attachment-thumbnail size-thumbnail\" alt=\"\" decoding=\"async\" loading=\"lazy\" \/><\/a>\n\t\t\t<\/div><\/figure><figure class='gallery-item'>\n\t\t\t<div class='gallery-icon landscape'>\n\t\t\t\t<a href='https:\/\/apps.mpma.mp.br\/campanha-contra-drogas\/2019\/04\/03\/o-ministerio-publico-do-maranhao-retoma-as-atividades-da-campanha-de-prevencao-e-combate-as-drogas-nas-escolas-em-2019\/fotos-2019-4\/'><img width=\"250\" height=\"250\" src=\"https:\/\/apps.mpma.mp.br\/campanha-contra-drogas\/wp-content\/uploads\/2019\/04\/Fotos-2019.4-250x250.jpeg\" class=\"attachment-thumbnail size-thumbnail\" alt=\"\" decoding=\"async\" loading=\"lazy\" \/><\/a>\n\t\t\t<\/div><\/figure><figure class='gallery-item'>\n\t\t\t<div class='gallery-icon landscape'>\n\t\t\t\t<a href='https:\/\/apps.mpma.mp.br\/campanha-contra-drogas\/2019\/04\/03\/o-ministerio-publico-do-maranhao-retoma-as-atividades-da-campanha-de-prevencao-e-combate-as-drogas-nas-escolas-em-2019\/fotos-2019\/'><img width=\"250\" height=\"250\" src=\"https:\/\/apps.mpma.mp.br\/campanha-contra-drogas\/wp-content\/uploads\/2019\/04\/Fotos-2019-250x250.jpeg\" class=\"attachment-thumbnail size-thumbnail\" alt=\"\" decoding=\"async\" loading=\"lazy\" \/><\/a>\n\t\t\t<\/div><\/figure>\n\t\t<\/div>\n\n<p>Idealizada pela promotora de justi\u00e7a Cristiane Maia Lago, titular da 11\u00aa Promotoria de Justi\u00e7a de Substitui\u00e7\u00e3o Plena de S\u00e3o Lu\u00eds, a campanha \u201cQuem Escolhe o Seu Caminho? Voc\u00ea ou as Drogas?\u201d no dia 19 de mar\u00e7o, visitou dez escolas da rede p\u00fablica de ensino, sendo nove\u00a0na Capital S\u00e3o Lu\u00eds e uma no Munic\u00edpio de Raposa.<\/p>\n<p>A promotora Cristiane Lago foi a palestrante na UEB Rubem Almeida (Coroadinho) e UEB M\u00e1rio Pereira (Vila Sarney). Onze palestrantes convidados visitaram as outras oito escolas: UEB Cam\u00e9lia Costa Viveiro (Coroado), UI Artur Azevedo (Parque Pindorama), UEB Jo\u00e3o Lima Sobrinho (Parque Timbira), CE Cidade Oper\u00e1ria II (Cidade Oper\u00e1ria), CE Professor Jos\u00e9 Fran\u00e7a de Sousa (Raposa), CE Cidade de S\u00e3o Lu\u00eds (Cohab), CE Y Bacanga (Anjo da Guarda) e CE Ant\u00f4nio Ribeiro da Silva (S\u00e1 Viana).<\/p>\n<p>As a\u00e7\u00f5es foram realizadas em parceria com a Federa\u00e7\u00e3o Brasileira de Coaching Integral Sist\u00eamico (Febracis) e Patrulha Escolar da Pol\u00edcia Militar.<\/p>\n<p>Para a promotora de justi\u00e7a Cristiane Lago, \u201cas parcerias s\u00e3o fundamentais para ampliar o alcance da campanha. As drogas atingem milh\u00f5es de pessoas no mundo todo, destroem fam\u00edlias e tiram vidas. N\u00e3o \u00e9 mais um problema s\u00f3 de seguran\u00e7a, mas de sa\u00fade p\u00fablica tamb\u00e9m. Precisamos unir esfor\u00e7os na luta contra as drogas e toda ajuda \u00e9 bem-vinda\u201d.<\/p>\n<p>Nas palestras, foram destacadas as diferen\u00e7as entre drogas depressoras, estimulantes, alucin\u00f3genas e seus efeitos na vida dos usu\u00e1rios. Tamb\u00e9m foram abordadas as consequ\u00eancias f\u00edsicas e psicol\u00f3gicas do uso de drogas l\u00edcitas, como o cigarro e o \u00e1lcool.<\/p>\n<p><strong>CAMPANHA<\/strong><\/p>\n<p>As atividades do \u201cQuem Escolhe o Seu Caminho? Voc\u00ea ou as Drogas?\u201d s\u00e3o desenvolvidas, desde 2013, em escolas p\u00fablicas das redes municipal e estadual de ensino, em munic\u00edpios do Maranh\u00e3o. O objetivo \u00e9 estimular o debate no ambiente escolar e prevenir o uso de subst\u00e2ncias entorpecentes por crian\u00e7as e adolescentes.<\/p>\n<p><strong>Reda\u00e7\u00e3o:<\/strong>\u00a0Jefferson Aires (CCOM-MPMA)<\/p>\n","protected":false},"excerpt":{"rendered":"<p>&#8220;QUEM ESCOLHE O SEU CAMINHO? VOC\u00ca OU AS DROGAS&#8221; Idealizada pela promotora de justi\u00e7a Cristiane Maia Lago, titular da 11\u00aa Promotoria de Justi\u00e7a de Substitui\u00e7\u00e3o Plena de S\u00e3o Lu\u00eds, a campanha \u201cQuem Escolhe o Seu Caminho? Voc\u00ea ou as Drogas?\u201d no dia 19 de mar\u00e7o, visitou dez escolas da rede p\u00fablica de ensino, sendo nove\u00a0na &hellip; <a href=\"https:\/\/apps.mpma.mp.br\/campanha-contra-drogas\/2019\/04\/03\/o-ministerio-publico-do-maranhao-retoma-as-atividades-da-campanha-de-prevencao-e-combate-as-drogas-nas-escolas-em-2019\/\" class=\"more-link\">Continue lendo <span class=\"screen-reader-text\">O MINIST\u00c9RIO P\u00daBLICO DO MARANH\u00c3O RETOMA AS ATIVIDADES DO PROJETO DE PREVEN\u00c7\u00c3O E COMBATE \u00c0S DROGAS NAS ESCOLAS EM 2019<\/span> <span class=\"meta-nav\">&rarr;<\/span><\/a><\/p>\n","protected":false},"author":2,"featured_media":0,"comment_status":"open","ping_status":"open","sticky":false,"template":"","format":"standard","meta":[],"categories":[5],"tags":[7],"_links":{"self":[{"href":"https:\/\/apps.mpma.mp.br\/campanha-contra-drogas\/wp-json\/wp\/v2\/posts\/425"}],"collection":[{"href":"https:\/\/apps.mpma.mp.br\/campanha-contra-drogas\/wp-json\/wp\/v2\/posts"}],"about":[{"href":"https:\/\/apps.mpma.mp.br\/campanha-contra-drogas\/wp-json\/wp\/v2\/types\/post"}],"author":[{"embeddable":true,"href":"https:\/\/apps.mpma.mp.br\/campanha-contra-drogas\/wp-json\/wp\/v2\/users\/2"}],"replies":[{"embeddable":true,"href":"https:\/\/apps.mpma.mp.br\/campanha-contra-drogas\/wp-json\/wp\/v2\/comments?post=425"}],"version-history":[{"count":3,"href":"https:\/\/apps.mpma.mp.br\/campanha-contra-drogas\/wp-json\/wp\/v2\/posts\/425\/revisions"}],"predecessor-version":[{"id":435,"href":"https:\/\/apps.mpma.mp.br\/campanha-contra-drogas\/wp-json\/wp\/v2\/posts\/425\/revisions\/435"}],"wp:attachment":[{"href":"https:\/\/apps.mpma.mp.br\/campanha-contra-drogas\/wp-json\/wp\/v2\/media?parent=425"}],"wp:term":[{"taxonomy":"category","embeddable":true,"href":"https:\/\/apps.mpma.mp.br\/campanha-contra-drogas\/wp-json\/wp\/v2\/categories?post=425"},{"taxonomy":"post_tag","embeddable":true,"href":"https:\/\/apps.mpma.mp.br\/campanha-contra-drogas\/wp-json\/wp\/v2\/tags?post=425"}],"curies":[{"name":"wp","href":"https:\/\/api.w.org\/{rel}","templated":true}]}}