{"id":471,"date":"2019-06-26T12:08:14","date_gmt":"2019-06-26T15:08:14","guid":{"rendered":"http:\/\/apps.mpma.mp.br\/campanha-contra-drogas\/?p=471"},"modified":"2023-07-12T08:11:38","modified_gmt":"2023-07-12T11:11:38","slug":"quem-escolhe-o-seu-caminho-voce-ou-as-drogas-no-mes-de-maio2019-as-atividades-do-projeto-chegam-a-mais-duas-escolas-de-sao-luis","status":"publish","type":"post","link":"https:\/\/apps.mpma.mp.br\/campanha-contra-drogas\/2019\/06\/26\/quem-escolhe-o-seu-caminho-voce-ou-as-drogas-no-mes-de-maio2019-as-atividades-do-projeto-chegam-a-mais-duas-escolas-de-sao-luis\/","title":{"rendered":"\u201cQUEM ESCOLHE O SEU CAMINHO? VOC\u00ca OU AS DROGAS?\u201d &#8211; No m\u00eas de maio\/2019, as atividades do Projeto foram realizadas em mais duas escolas de S\u00e3o Lu\u00eds"},"content":{"rendered":"<div id='gallery-1' class='gallery galleryid-471 gallery-columns-3 gallery-size-thumbnail'><figure class='gallery-item'>\n\t\t\t<div class='gallery-icon landscape'>\n\t\t\t\t<a href='https:\/\/apps.mpma.mp.br\/campanha-contra-drogas\/2019\/06\/26\/quem-escolhe-o-seu-caminho-voce-ou-as-drogas-no-mes-de-maio2019-as-atividades-do-projeto-chegam-a-mais-duas-escolas-de-sao-luis\/whatsapp_image_2019-06-03_at_09-55-32\/'><img width=\"250\" height=\"250\" src=\"https:\/\/apps.mpma.mp.br\/campanha-contra-drogas\/wp-content\/uploads\/2019\/06\/WhatsApp_Image_2019-06-03_at_09.55.32-250x250.jpeg\" class=\"attachment-thumbnail size-thumbnail\" alt=\"\" decoding=\"async\" loading=\"lazy\" \/><\/a>\n\t\t\t<\/div><\/figure><figure class='gallery-item'>\n\t\t\t<div class='gallery-icon landscape'>\n\t\t\t\t<a href='https:\/\/apps.mpma.mp.br\/campanha-contra-drogas\/2019\/06\/26\/quem-escolhe-o-seu-caminho-voce-ou-as-drogas-no-mes-de-maio2019-as-atividades-do-projeto-chegam-a-mais-duas-escolas-de-sao-luis\/whatsapp_image_2019-06-03_at_10-03-37\/'><img width=\"250\" height=\"250\" src=\"https:\/\/apps.mpma.mp.br\/campanha-contra-drogas\/wp-content\/uploads\/2019\/06\/WhatsApp_Image_2019-06-03_at_10.03.37-250x250.jpeg\" class=\"attachment-thumbnail size-thumbnail\" alt=\"\" decoding=\"async\" loading=\"lazy\" \/><\/a>\n\t\t\t<\/div><\/figure><figure class='gallery-item'>\n\t\t\t<div class='gallery-icon landscape'>\n\t\t\t\t<a href='https:\/\/apps.mpma.mp.br\/campanha-contra-drogas\/2019\/05\/13\/451\/img-20190430-wa0086\/'><img width=\"250\" height=\"250\" src=\"https:\/\/apps.mpma.mp.br\/campanha-contra-drogas\/wp-content\/uploads\/2019\/05\/IMG-20190430-WA0086-250x250.jpg\" class=\"attachment-thumbnail size-thumbnail\" alt=\"\" decoding=\"async\" loading=\"lazy\" \/><\/a>\n\t\t\t<\/div><\/figure>\n\t\t<\/div>\n\n<p>Em 31 de maio, as atividades do Projeto institucional \u201cQuem escolhe o seu caminho? Voc\u00ea ou as drogas?\u201d do Minist\u00e9rio P\u00fablico do Maranh\u00e3o (MPMA) foram realizadas em mais duas escolas de S\u00e3o Lu\u00eds.<\/p>\n<p>Na Escola Unidade de Ensino B\u00e1sico M\u00e1rio Pereira, na Vila Sarney, as atividades tiveram a presen\u00e7a de mais de 100 pais dos alunos. O evento foi coordenado pela promotora de justi\u00e7a Cristiane Lago, que tamb\u00e9m \u00e9 a idealizadora do Projeto, surgida em 2013. A palestrante foi a instrutora Myrna Enaile Rodrigues.<\/p>\n<p>No Centro de Ensino Lara Ribas, no bairro do Santo Ant\u00f4nio, 140 alunos do ensino m\u00e9dio assistiram \u00e0 palestra ministrada pela promotora de justi\u00e7a Elyjeane Carvalho, que abordou o tema da campanha.<\/p>\n<p><strong>O PROJETO<\/strong><\/p>\n<p>Coordenado pelo Minist\u00e9rio P\u00fablico do Maranh\u00e3o, o Projeto \u00e9 realizado em escolas p\u00fablicas das redes municipal e estadual de ensino, em v\u00e1rios munic\u00edpios do Maranh\u00e3o, com palestras e atividades art\u00edsticas, com o objetivo de prevenir o uso abusivo de drogas.<\/p>\n<p>Nas atividades, os alunos debatem e produzem trabalhos art\u00edsticos acerca do tema. Nestas ocasi\u00f5es, tamb\u00e9m s\u00e3o premiados os estudantes vencedores dos concursos de desenhos e poesias.<\/p>\n<p><strong>Reda\u00e7\u00e3o<\/strong>: CCOM-MPMA<\/p>\n","protected":false},"excerpt":{"rendered":"<p>Em 31 de maio, as atividades do Projeto institucional \u201cQuem escolhe o seu caminho? Voc\u00ea ou as drogas?\u201d do Minist\u00e9rio P\u00fablico do Maranh\u00e3o (MPMA) foram realizadas em mais duas escolas de S\u00e3o Lu\u00eds. Na Escola Unidade de Ensino B\u00e1sico M\u00e1rio Pereira, na Vila Sarney, as atividades tiveram a presen\u00e7a de mais de 100 pais dos &hellip; <a href=\"https:\/\/apps.mpma.mp.br\/campanha-contra-drogas\/2019\/06\/26\/quem-escolhe-o-seu-caminho-voce-ou-as-drogas-no-mes-de-maio2019-as-atividades-do-projeto-chegam-a-mais-duas-escolas-de-sao-luis\/\" class=\"more-link\">Continue lendo <span class=\"screen-reader-text\">\u201cQUEM ESCOLHE O SEU CAMINHO? VOC\u00ca OU AS DROGAS?\u201d &#8211; No m\u00eas de maio\/2019, as atividades do Projeto foram realizadas em mais duas escolas de S\u00e3o Lu\u00eds<\/span> <span class=\"meta-nav\">&rarr;<\/span><\/a><\/p>\n","protected":false},"author":2,"featured_media":0,"comment_status":"open","ping_status":"open","sticky":false,"template":"","format":"standard","meta":[],"categories":[5],"tags":[7],"_links":{"self":[{"href":"https:\/\/apps.mpma.mp.br\/campanha-contra-drogas\/wp-json\/wp\/v2\/posts\/471"}],"collection":[{"href":"https:\/\/apps.mpma.mp.br\/campanha-contra-drogas\/wp-json\/wp\/v2\/posts"}],"about":[{"href":"https:\/\/apps.mpma.mp.br\/campanha-contra-drogas\/wp-json\/wp\/v2\/types\/post"}],"author":[{"embeddable":true,"href":"https:\/\/apps.mpma.mp.br\/campanha-contra-drogas\/wp-json\/wp\/v2\/users\/2"}],"replies":[{"embeddable":true,"href":"https:\/\/apps.mpma.mp.br\/campanha-contra-drogas\/wp-json\/wp\/v2\/comments?post=471"}],"version-history":[{"count":4,"href":"https:\/\/apps.mpma.mp.br\/campanha-contra-drogas\/wp-json\/wp\/v2\/posts\/471\/revisions"}],"predecessor-version":[{"id":478,"href":"https:\/\/apps.mpma.mp.br\/campanha-contra-drogas\/wp-json\/wp\/v2\/posts\/471\/revisions\/478"}],"wp:attachment":[{"href":"https:\/\/apps.mpma.mp.br\/campanha-contra-drogas\/wp-json\/wp\/v2\/media?parent=471"}],"wp:term":[{"taxonomy":"category","embeddable":true,"href":"https:\/\/apps.mpma.mp.br\/campanha-contra-drogas\/wp-json\/wp\/v2\/categories?post=471"},{"taxonomy":"post_tag","embeddable":true,"href":"https:\/\/apps.mpma.mp.br\/campanha-contra-drogas\/wp-json\/wp\/v2\/tags?post=471"}],"curies":[{"name":"wp","href":"https:\/\/api.w.org\/{rel}","templated":true}]}}