{"id":481,"date":"2019-07-05T11:12:41","date_gmt":"2019-07-05T14:12:41","guid":{"rendered":"http:\/\/apps.mpma.mp.br\/campanha-contra-drogas\/?p=481"},"modified":"2023-07-12T08:11:38","modified_gmt":"2023-07-12T11:11:38","slug":"semana-nacional-de-prevencao-as-drogas-projeto-institucional-mobiliza-estudantes-de-escolas-da-capital","status":"publish","type":"post","link":"https:\/\/apps.mpma.mp.br\/campanha-contra-drogas\/2019\/07\/05\/semana-nacional-de-prevencao-as-drogas-projeto-institucional-mobiliza-estudantes-de-escolas-da-capital\/","title":{"rendered":"SEMANA NACIONAL DE PREVEN\u00c7\u00c3O \u00c0S DROGAS &#8211; Projeto institucional mobiliza estudantes de escolas da capital"},"content":{"rendered":"<div id='gallery-1' class='gallery galleryid-481 gallery-columns-3 gallery-size-thumbnail'><figure class='gallery-item'>\n\t\t\t<div class='gallery-icon landscape'>\n\t\t\t\t<a href='https:\/\/apps.mpma.mp.br\/campanha-contra-drogas\/2019\/07\/05\/semana-nacional-de-prevencao-as-drogas-projeto-institucional-mobiliza-estudantes-de-escolas-da-capital\/1-foto\/'><img width=\"250\" height=\"250\" src=\"https:\/\/apps.mpma.mp.br\/campanha-contra-drogas\/wp-content\/uploads\/2019\/07\/1-foto-250x250.jpg\" class=\"attachment-thumbnail size-thumbnail\" alt=\"\" decoding=\"async\" loading=\"lazy\" \/><\/a>\n\t\t\t<\/div><\/figure><figure class='gallery-item'>\n\t\t\t<div class='gallery-icon landscape'>\n\t\t\t\t<a href='https:\/\/apps.mpma.mp.br\/campanha-contra-drogas\/2019\/07\/05\/semana-nacional-de-prevencao-as-drogas-projeto-institucional-mobiliza-estudantes-de-escolas-da-capital\/2-foto\/'><img width=\"250\" height=\"250\" src=\"https:\/\/apps.mpma.mp.br\/campanha-contra-drogas\/wp-content\/uploads\/2019\/07\/2-foto-250x250.jpg\" class=\"attachment-thumbnail size-thumbnail\" alt=\"\" decoding=\"async\" loading=\"lazy\" \/><\/a>\n\t\t\t<\/div><\/figure><figure class='gallery-item'>\n\t\t\t<div class='gallery-icon landscape'>\n\t\t\t\t<a href='https:\/\/apps.mpma.mp.br\/campanha-contra-drogas\/2019\/07\/05\/semana-nacional-de-prevencao-as-drogas-projeto-institucional-mobiliza-estudantes-de-escolas-da-capital\/3-foto\/'><img width=\"250\" height=\"250\" src=\"https:\/\/apps.mpma.mp.br\/campanha-contra-drogas\/wp-content\/uploads\/2019\/07\/3-foto-250x250.jpg\" class=\"attachment-thumbnail size-thumbnail\" alt=\"\" decoding=\"async\" loading=\"lazy\" \/><\/a>\n\t\t\t<\/div><\/figure><figure class='gallery-item'>\n\t\t\t<div class='gallery-icon landscape'>\n\t\t\t\t<a href='https:\/\/apps.mpma.mp.br\/campanha-contra-drogas\/2019\/07\/05\/semana-nacional-de-prevencao-as-drogas-projeto-institucional-mobiliza-estudantes-de-escolas-da-capital\/5-cristiane_maia\/'><img width=\"250\" height=\"250\" src=\"https:\/\/apps.mpma.mp.br\/campanha-contra-drogas\/wp-content\/uploads\/2019\/07\/5-Cristiane_Maia-250x250.jpg\" class=\"attachment-thumbnail size-thumbnail\" alt=\"\" decoding=\"async\" loading=\"lazy\" \/><\/a>\n\t\t\t<\/div><\/figure><figure class='gallery-item'>\n\t\t\t<div class='gallery-icon landscape'>\n\t\t\t\t<a href='https:\/\/apps.mpma.mp.br\/campanha-contra-drogas\/2019\/07\/05\/semana-nacional-de-prevencao-as-drogas-projeto-institucional-mobiliza-estudantes-de-escolas-da-capital\/6-foto-cartilha\/'><img width=\"250\" height=\"250\" src=\"https:\/\/apps.mpma.mp.br\/campanha-contra-drogas\/wp-content\/uploads\/2019\/07\/6-foto-cartilha-250x250.jpg\" class=\"attachment-thumbnail size-thumbnail\" alt=\"\" decoding=\"async\" loading=\"lazy\" \/><\/a>\n\t\t\t<\/div><\/figure><figure class='gallery-item'>\n\t\t\t<div class='gallery-icon landscape'>\n\t\t\t\t<a href='https:\/\/apps.mpma.mp.br\/campanha-contra-drogas\/2019\/07\/05\/semana-nacional-de-prevencao-as-drogas-projeto-institucional-mobiliza-estudantes-de-escolas-da-capital\/7-foto\/'><img width=\"250\" height=\"250\" src=\"https:\/\/apps.mpma.mp.br\/campanha-contra-drogas\/wp-content\/uploads\/2019\/07\/7-foto-250x250.jpg\" class=\"attachment-thumbnail size-thumbnail\" alt=\"\" decoding=\"async\" loading=\"lazy\" \/><\/a>\n\t\t\t<\/div><\/figure><figure class='gallery-item'>\n\t\t\t<div class='gallery-icon landscape'>\n\t\t\t\t<a href='https:\/\/apps.mpma.mp.br\/campanha-contra-drogas\/2019\/07\/05\/semana-nacional-de-prevencao-as-drogas-projeto-institucional-mobiliza-estudantes-de-escolas-da-capital\/8-foto-newton_neves\/'><img width=\"250\" height=\"250\" src=\"https:\/\/apps.mpma.mp.br\/campanha-contra-drogas\/wp-content\/uploads\/2019\/07\/8-foto-Newton_Neves-250x250.jpg\" class=\"attachment-thumbnail size-thumbnail\" alt=\"\" decoding=\"async\" loading=\"lazy\" \/><\/a>\n\t\t\t<\/div><\/figure><figure class='gallery-item'>\n\t\t\t<div class='gallery-icon landscape'>\n\t\t\t\t<a href='https:\/\/apps.mpma.mp.br\/campanha-contra-drogas\/2019\/05\/13\/451\/img-20190430-wa0086\/'><img width=\"250\" height=\"250\" src=\"https:\/\/apps.mpma.mp.br\/campanha-contra-drogas\/wp-content\/uploads\/2019\/05\/IMG-20190430-WA0086-250x250.jpg\" class=\"attachment-thumbnail size-thumbnail\" alt=\"\" decoding=\"async\" loading=\"lazy\" \/><\/a>\n\t\t\t<\/div><\/figure><figure class='gallery-item'>\n\t\t\t<div class='gallery-icon landscape'>\n\t\t\t\t<a href='https:\/\/apps.mpma.mp.br\/campanha-contra-drogas\/2019\/05\/13\/451\/img-20190430-wa0073\/'><img width=\"250\" height=\"250\" src=\"https:\/\/apps.mpma.mp.br\/campanha-contra-drogas\/wp-content\/uploads\/2019\/05\/IMG-20190430-WA0073-250x250.jpg\" class=\"attachment-thumbnail size-thumbnail\" alt=\"\" decoding=\"async\" loading=\"lazy\" \/><\/a>\n\t\t\t<\/div><\/figure>\n\t\t<\/div>\n\n<p>O Minist\u00e9rio P\u00fablico do Maranh\u00e3o promoveu uma s\u00e9rie de palestras em oito escolas p\u00fablicas de S\u00e3o Lu\u00eds, no \u00faltimo dia 25 de junho, como parte do Projeto \u201cQuem escolhe seu caminho? Voc\u00ea ou as drogas?\u201d.<\/p>\n<p>A programa\u00e7\u00e3o se insere na Semana Nacional de Preven\u00e7\u00e3o \u00e0s Drogas e tamb\u00e9m faz alus\u00e3o ao 26 de junho, Dia Internacional da Luta Contra o Uso e Tr\u00e1fico Il\u00edcito de Drogas. A data foi escolhida pela Organiza\u00e7\u00e3o das Na\u00e7\u00f5es Unidas (ONU) para alertar sobre o impacto negativo de subst\u00e2ncias entorpecentes.<\/p>\n<p>As oi escolas selecionadas para participa\u00e7\u00e3o do evento foram:\u00a0U.E.B ALBERTO PINHEIRO,\u00a0U.E.B GOV. LEONEL BRIZOLA,\u00a0U.E.B Dr. JOSE CUPERTINO,\u00a0U.E.B Dr. NETO GUTERRES,\u00a0U.E.B Dr. NEWTON NEVES,\u00a0UNIDADE DE ENSINO LARA RIBAS,\u00a0UNIDADE DE ENSINO DR. CLARINDO SANTIAGO e CENTRO DE ENSINO\u00a0LICEU MARANHENSE.<\/p>\n<p>A primeira palestra foi realizada no Centro Cultural do MPMA para mais de 200 alunos do Col\u00e9gio Liceu Maranhense pela promotora de justi\u00e7a Cristiane Maia Lago e pelo pesquisador, doutor em Biologia Funcional e Molecular e vencedor do Pr\u00eamio Jovem Cientista 2012, Rodrigo Gon\u00e7alves Dias.<\/p>\n<p>\u201cO trabalho de preven\u00e7\u00e3o ao uso de \u00e1lcool e subst\u00e2ncias psicoativas ilegais precisa ser cont\u00ednuo para ter um efeito consistente. O Minist\u00e9rio P\u00fablico do Maranh\u00e3o vem trabalhando nas escolas para ampliar a reflex\u00e3o dos estudantes que os estimule a optar por um caminho longe das drogas\u201d, afirmou Cristiane Lago, titular da 11\u00aa Promotoria de Justi\u00e7a de Substitui\u00e7\u00e3o Plena da Capital.<\/p>\n<p>As atividades do projeto s\u00e3o desenvolvidas, desde 2013, em escolas p\u00fablicas das redes municipail e estadual de ensino, do Maranh\u00e3o. O objetivo \u00e9 estimular o debate no ambiente escolar e prevenir o uso de subst\u00e2ncias entorpecentes por crian\u00e7as e adolescentes.<\/p>\n<p>O debate com os estudantes foi realizado com o apoio de palestrantes volunt\u00e1rios que se dispuseram a colaborar com o Minist\u00e9rio P\u00fablico. Participaram do \u201cQuem escolhe seu caminho? Voc\u00ea ou as drogas\u201d os palestrantes Myrna Carvalho, Marco Aur\u00e9lio, Graciela Feitosa, Rita Freire, Luciene Lima, Emmanuella Bello, Karina Mar\u00e7al, Arthemisa Oliveira e Luzimar Alves. O p\u00fablico alcan\u00e7ado foi de aproximadamente 1.000 (hum mil) alunos.<\/p>\n<p>Os alunos receberam uma edi\u00e7\u00e3o especial da revista Coquetel com passatempos e ca\u00e7a-palavra sobre a tem\u00e1tica do projeto. Os vencedores dos concursos de poesia e desenho receberam, ainda, livros doados pela Editora FTD e Livrarias Paulinas.<\/p>\n<p>Al\u00e9m dos estudantes, participaram das atividades professores, pais de alunos e membros da Patrulha Escolar da Pol\u00edcia Militar do Maranh\u00e3o.<\/p>\n","protected":false},"excerpt":{"rendered":"<p>O Minist\u00e9rio P\u00fablico do Maranh\u00e3o promoveu uma s\u00e9rie de palestras em oito escolas p\u00fablicas de S\u00e3o Lu\u00eds, no \u00faltimo dia 25 de junho, como parte do Projeto \u201cQuem escolhe seu caminho? Voc\u00ea ou as drogas?\u201d. A programa\u00e7\u00e3o se insere na Semana Nacional de Preven\u00e7\u00e3o \u00e0s Drogas e tamb\u00e9m faz alus\u00e3o ao 26 de junho, Dia &hellip; <a href=\"https:\/\/apps.mpma.mp.br\/campanha-contra-drogas\/2019\/07\/05\/semana-nacional-de-prevencao-as-drogas-projeto-institucional-mobiliza-estudantes-de-escolas-da-capital\/\" class=\"more-link\">Continue lendo <span class=\"screen-reader-text\">SEMANA NACIONAL DE PREVEN\u00c7\u00c3O \u00c0S DROGAS &#8211; Projeto institucional mobiliza estudantes de escolas da capital<\/span> <span class=\"meta-nav\">&rarr;<\/span><\/a><\/p>\n","protected":false},"author":2,"featured_media":0,"comment_status":"open","ping_status":"open","sticky":false,"template":"","format":"standard","meta":[],"categories":[5],"tags":[7],"_links":{"self":[{"href":"https:\/\/apps.mpma.mp.br\/campanha-contra-drogas\/wp-json\/wp\/v2\/posts\/481"}],"collection":[{"href":"https:\/\/apps.mpma.mp.br\/campanha-contra-drogas\/wp-json\/wp\/v2\/posts"}],"about":[{"href":"https:\/\/apps.mpma.mp.br\/campanha-contra-drogas\/wp-json\/wp\/v2\/types\/post"}],"author":[{"embeddable":true,"href":"https:\/\/apps.mpma.mp.br\/campanha-contra-drogas\/wp-json\/wp\/v2\/users\/2"}],"replies":[{"embeddable":true,"href":"https:\/\/apps.mpma.mp.br\/campanha-contra-drogas\/wp-json\/wp\/v2\/comments?post=481"}],"version-history":[{"count":2,"href":"https:\/\/apps.mpma.mp.br\/campanha-contra-drogas\/wp-json\/wp\/v2\/posts\/481\/revisions"}],"predecessor-version":[{"id":492,"href":"https:\/\/apps.mpma.mp.br\/campanha-contra-drogas\/wp-json\/wp\/v2\/posts\/481\/revisions\/492"}],"wp:attachment":[{"href":"https:\/\/apps.mpma.mp.br\/campanha-contra-drogas\/wp-json\/wp\/v2\/media?parent=481"}],"wp:term":[{"taxonomy":"category","embeddable":true,"href":"https:\/\/apps.mpma.mp.br\/campanha-contra-drogas\/wp-json\/wp\/v2\/categories?post=481"},{"taxonomy":"post_tag","embeddable":true,"href":"https:\/\/apps.mpma.mp.br\/campanha-contra-drogas\/wp-json\/wp\/v2\/tags?post=481"}],"curies":[{"name":"wp","href":"https:\/\/api.w.org\/{rel}","templated":true}]}}