{"id":496,"date":"2019-08-22T08:47:56","date_gmt":"2019-08-22T11:47:56","guid":{"rendered":"http:\/\/apps.mpma.mp.br\/campanha-contra-drogas\/?p=496"},"modified":"2023-07-12T08:11:38","modified_gmt":"2023-07-12T11:11:38","slug":"496","status":"publish","type":"post","link":"https:\/\/apps.mpma.mp.br\/campanha-contra-drogas\/2019\/08\/22\/496\/","title":{"rendered":"\u201cQUEM ESCOLHE O SEU CAMINHO? VOC\u00ca OU AS DROGAS?\u201d &#8211; Palestra marca in\u00edcio do Projeto em S\u00e3o Jos\u00e9 de Ribamar"},"content":{"rendered":"<p>&nbsp;<\/p>\n<div id='gallery-1' class='gallery galleryid-496 gallery-columns-3 gallery-size-thumbnail'><figure class='gallery-item'>\n\t\t\t<div class='gallery-icon landscape'>\n\t\t\t\t<a href='https:\/\/apps.mpma.mp.br\/campanha-contra-drogas\/2019\/08\/22\/496\/01-ifma-sjribamar-2019\/'><img width=\"250\" height=\"250\" src=\"https:\/\/apps.mpma.mp.br\/campanha-contra-drogas\/wp-content\/uploads\/2019\/08\/01-IFMA.SJRibamar-2019-250x250.jpg\" class=\"attachment-thumbnail size-thumbnail\" alt=\"\" decoding=\"async\" loading=\"lazy\" \/><\/a>\n\t\t\t<\/div><\/figure><figure class='gallery-item'>\n\t\t\t<div class='gallery-icon landscape'>\n\t\t\t\t<a href='https:\/\/apps.mpma.mp.br\/campanha-contra-drogas\/2019\/08\/22\/496\/02-ifma-sjribamar-2019\/'><img width=\"250\" height=\"250\" src=\"https:\/\/apps.mpma.mp.br\/campanha-contra-drogas\/wp-content\/uploads\/2019\/08\/02-IFMA.SJRibamar-2019-250x250.jpg\" class=\"attachment-thumbnail size-thumbnail\" alt=\"\" decoding=\"async\" loading=\"lazy\" \/><\/a>\n\t\t\t<\/div><\/figure><figure class='gallery-item'>\n\t\t\t<div class='gallery-icon landscape'>\n\t\t\t\t<a href='https:\/\/apps.mpma.mp.br\/campanha-contra-drogas\/2019\/08\/22\/496\/03-ifma-sjribamar-2019\/'><img width=\"250\" height=\"250\" src=\"https:\/\/apps.mpma.mp.br\/campanha-contra-drogas\/wp-content\/uploads\/2019\/08\/03-IFMA.SJRibamar-2019-250x250.jpg\" class=\"attachment-thumbnail size-thumbnail\" alt=\"\" decoding=\"async\" loading=\"lazy\" \/><\/a>\n\t\t\t<\/div><\/figure><figure class='gallery-item'>\n\t\t\t<div class='gallery-icon landscape'>\n\t\t\t\t<a href='https:\/\/apps.mpma.mp.br\/campanha-contra-drogas\/2019\/08\/22\/496\/04-ifma-sjribamar-2019\/'><img width=\"250\" height=\"250\" src=\"https:\/\/apps.mpma.mp.br\/campanha-contra-drogas\/wp-content\/uploads\/2019\/08\/04-IFMA.SJRibamar-2019-250x250.jpg\" class=\"attachment-thumbnail size-thumbnail\" alt=\"\" decoding=\"async\" loading=\"lazy\" \/><\/a>\n\t\t\t<\/div><\/figure><figure class='gallery-item'>\n\t\t\t<div class='gallery-icon landscape'>\n\t\t\t\t<a href='https:\/\/apps.mpma.mp.br\/campanha-contra-drogas\/2019\/07\/05\/semana-nacional-de-prevencao-as-drogas-projeto-institucional-mobiliza-estudantes-de-escolas-da-capital\/6-foto-cartilha\/'><img width=\"250\" height=\"250\" src=\"https:\/\/apps.mpma.mp.br\/campanha-contra-drogas\/wp-content\/uploads\/2019\/07\/6-foto-cartilha-250x250.jpg\" class=\"attachment-thumbnail size-thumbnail\" alt=\"\" decoding=\"async\" loading=\"lazy\" \/><\/a>\n\t\t\t<\/div><\/figure><figure class='gallery-item'>\n\t\t\t<div class='gallery-icon landscape'>\n\t\t\t\t<a href='https:\/\/apps.mpma.mp.br\/campanha-contra-drogas\/2019\/08\/22\/496\/05-ifma-sjribamar-2019-3\/'><img width=\"250\" height=\"250\" src=\"https:\/\/apps.mpma.mp.br\/campanha-contra-drogas\/wp-content\/uploads\/2019\/08\/05-IFMA.SJRibamar-2019-2-250x250.jpg\" class=\"attachment-thumbnail size-thumbnail\" alt=\"\" decoding=\"async\" loading=\"lazy\" \/><\/a>\n\t\t\t<\/div><\/figure>\n\t\t<\/div>\n\n<p>O Minist\u00e9rio P\u00fablico do Maranh\u00e3o realizou na manh\u00e3 do dia 15 de agosto de 2019, no Instituto Federal de Educa\u00e7\u00e3o, Ci\u00eancia e Tecnologia (IFMA), na Cidade de S\u00e3o Jos\u00e9 de Ribamar, uma palestra preventiva contra o uso de entorpecentes. A iniciativa faz parte do projeto institucional \u201cQuem escolhe o seu caminho? Voc\u00ea ou as drogas? \u201d.<\/p>\n<p>O evento foi realizado no audit\u00f3rio da escola e marcou o in\u00edcio do projeto no munic\u00edpio de S\u00e3o Jos\u00e9 de Ribamar. As atividades s\u00e3o desenvolvidas em escolas p\u00fablicas das redes municipais e estadual de ensino do Maranh\u00e3o desde 2013. O objetivo \u00e9 estimular o debate no ambiente escolar e prevenir o uso de drogas por crian\u00e7as e adolescentes.<\/p>\n<p>De acordo com a titular da 2\u00aa Promotoria de Justi\u00e7a C\u00edvel de S\u00e3o Jos\u00e9 de Ribamar, Patr\u00edcia Pereira Esp\u00ednola, com atribui\u00e7\u00e3o da \u00e1rea da defesa da crian\u00e7a, adolescente e educa\u00e7\u00e3o, o Minist\u00e9rio P\u00fablico vai levar as a\u00e7\u00f5es para outras escolas. \u201cO uso de drogas e a comercializa\u00e7\u00e3o influencia diretamente no aumento da criminalidade. Estamos felizes com a participa\u00e7\u00e3o dos alunos do IFMA e, em parceria com outras institui\u00e7\u00f5es, vamos levar o projeto institucional a outras escolas do munic\u00edpio\u201d, afirmou.<\/p>\n<p><strong>PROJETO<\/strong><\/p>\n<p>A tem\u00e1tica \u00e9 trabalhada nas escolas com a supervis\u00e3o dos professores e, em seguida, os estudantes s\u00e3o orientados a produzir desenhos e poesias para um concurso e os vencedores s\u00e3o premiados.<\/p>\n<p>De acordo com a titular da 11\u00aa Promotoria de Justi\u00e7a de Substitui\u00e7\u00e3o Plena de S\u00e3o Lu\u00eds, Cristiane Maia Lago, que idealizou o projeto em 2013, a proposta do Minist\u00e9rio P\u00fablico \u00e9 expandir as a\u00e7\u00f5es educativas a todos os munic\u00edpios maranhenses. At\u00e9 agora, as atividades j\u00e1 foram realizadas em 41 cidades.<\/p>\n<p>Na palestra, a promotora de justi\u00e7a falou sobre os efeitos das drogas no organismo e doen\u00e7as provocadas pelo consumo. Para ela, conscientizar os jovens sobre os malef\u00edcios do uso dessas subst\u00e2ncias \u00e9 a melhor forma de preven\u00e7\u00e3o. &#8220;A campanha incentiva o debate entre os jovens. \u00c9 importante que essa discuss\u00e3o seja feita no ambiente escolar e ampliada nas fam\u00edlias e demais espa\u00e7os sociais&#8221;, avaliou Cristiane Lago.<\/p>\n<p><strong>PREMIA\u00c7\u00c3O<\/strong><\/p>\n<p>Os vencedores do concurso de poesia e desenho receberam certificado de participa\u00e7\u00e3o, livros e materiais do projeto. Os premiados na categoria de poesia foram Ana Larissa Santiago Santos (1\u00ba ano de Eletroeletr\u00f4nica), Emanuelle Barbosa Elizeu (2\u00ba ano de Eletroeletr\u00f4nica) e Jo\u00e3o Victor Alencar (3\u00ba ano de Programa\u00e7\u00e3o de Jogos Digitais), em 1\u00ba, 2\u00ba e 3\u00ba lugar, respectivamente.<\/p>\n<p>Os estudantes Irlan Pablo Ataide de Sousa (1\u00ba ano de Eletroeletr\u00f4nica), Ester Santos Fran\u00e7a (3\u00ba ano de Eletroeletr\u00f4nica) e Iago dos Santos Vieira (1\u00ba ano de Eletroeletr\u00f4nica) foram os vencedores do concurso de desenho em 1\u00ba, 2\u00ba e 3\u00ba lugar, respectivamente.<\/p>\n<p>\u201cEu sempre defendi que as escolas deviam incentivar os alunos a decidirem sobre certos caminhos. A minha motiva\u00e7\u00e3o ao escrever a poesia foi por amigos que s\u00e3o usu\u00e1rios de drogas e eu espero uma mudan\u00e7a de vida deles. Eu me senti dentro da hist\u00f3ria deles e consegui descrever os sentimentos deles. Eles podem escolher um caminho diferente, contar uma hist\u00f3ria diferente. \u00c9 algo que mexe com a vida delas\u201d, explicou a estudante Ana Larissa Santiago Santos, de 15 anos.<\/p>\n<p><strong>Reda\u00e7\u00e3o e fotos:<\/strong>\u00a0CCOM-MPMA<\/p>\n","protected":false},"excerpt":{"rendered":"<p>&nbsp; O Minist\u00e9rio P\u00fablico do Maranh\u00e3o realizou na manh\u00e3 do dia 15 de agosto de 2019, no Instituto Federal de Educa\u00e7\u00e3o, Ci\u00eancia e Tecnologia (IFMA), na Cidade de S\u00e3o Jos\u00e9 de Ribamar, uma palestra preventiva contra o uso de entorpecentes. A iniciativa faz parte do projeto institucional \u201cQuem escolhe o seu caminho? Voc\u00ea ou as &hellip; <a href=\"https:\/\/apps.mpma.mp.br\/campanha-contra-drogas\/2019\/08\/22\/496\/\" class=\"more-link\">Continue lendo <span class=\"screen-reader-text\">\u201cQUEM ESCOLHE O SEU CAMINHO? VOC\u00ca OU AS DROGAS?\u201d &#8211; Palestra marca in\u00edcio do Projeto em S\u00e3o Jos\u00e9 de Ribamar<\/span> <span class=\"meta-nav\">&rarr;<\/span><\/a><\/p>\n","protected":false},"author":2,"featured_media":0,"comment_status":"open","ping_status":"open","sticky":false,"template":"","format":"standard","meta":[],"categories":[5],"tags":[7],"_links":{"self":[{"href":"https:\/\/apps.mpma.mp.br\/campanha-contra-drogas\/wp-json\/wp\/v2\/posts\/496"}],"collection":[{"href":"https:\/\/apps.mpma.mp.br\/campanha-contra-drogas\/wp-json\/wp\/v2\/posts"}],"about":[{"href":"https:\/\/apps.mpma.mp.br\/campanha-contra-drogas\/wp-json\/wp\/v2\/types\/post"}],"author":[{"embeddable":true,"href":"https:\/\/apps.mpma.mp.br\/campanha-contra-drogas\/wp-json\/wp\/v2\/users\/2"}],"replies":[{"embeddable":true,"href":"https:\/\/apps.mpma.mp.br\/campanha-contra-drogas\/wp-json\/wp\/v2\/comments?post=496"}],"version-history":[{"count":3,"href":"https:\/\/apps.mpma.mp.br\/campanha-contra-drogas\/wp-json\/wp\/v2\/posts\/496\/revisions"}],"predecessor-version":[{"id":508,"href":"https:\/\/apps.mpma.mp.br\/campanha-contra-drogas\/wp-json\/wp\/v2\/posts\/496\/revisions\/508"}],"wp:attachment":[{"href":"https:\/\/apps.mpma.mp.br\/campanha-contra-drogas\/wp-json\/wp\/v2\/media?parent=496"}],"wp:term":[{"taxonomy":"category","embeddable":true,"href":"https:\/\/apps.mpma.mp.br\/campanha-contra-drogas\/wp-json\/wp\/v2\/categories?post=496"},{"taxonomy":"post_tag","embeddable":true,"href":"https:\/\/apps.mpma.mp.br\/campanha-contra-drogas\/wp-json\/wp\/v2\/tags?post=496"}],"curies":[{"name":"wp","href":"https:\/\/api.w.org\/{rel}","templated":true}]}}