{"id":510,"date":"2020-04-14T15:15:17","date_gmt":"2020-04-14T18:15:17","guid":{"rendered":"http:\/\/apps.mpma.mp.br\/campanha-contra-drogas\/?p=510"},"modified":"2023-07-12T08:11:38","modified_gmt":"2023-07-12T11:11:38","slug":"atividade-de-encerramento-do-projeto-prevencao-as-drogas-no-ano-de-2019","status":"publish","type":"post","link":"https:\/\/apps.mpma.mp.br\/campanha-contra-drogas\/2020\/04\/14\/atividade-de-encerramento-do-projeto-prevencao-as-drogas-no-ano-de-2019\/","title":{"rendered":"Atividade de encerramento do projeto preven\u00e7\u00e3o \u00e0s drogas no ano de 2019"},"content":{"rendered":"<div id='gallery-1' class='gallery galleryid-510 gallery-columns-3 gallery-size-thumbnail'><figure class='gallery-item'>\n\t\t\t<div class='gallery-icon landscape'>\n\t\t\t\t<a href='https:\/\/apps.mpma.mp.br\/campanha-contra-drogas\/2020\/04\/14\/atividade-de-encerramento-do-projeto-prevencao-as-drogas-no-ano-de-2019\/21-nov-1\/'><img width=\"250\" height=\"250\" src=\"https:\/\/apps.mpma.mp.br\/campanha-contra-drogas\/wp-content\/uploads\/2020\/04\/21-NOV.1-250x250.jpeg\" class=\"attachment-thumbnail size-thumbnail\" alt=\"\" decoding=\"async\" loading=\"lazy\" \/><\/a>\n\t\t\t<\/div><\/figure><figure class='gallery-item'>\n\t\t\t<div class='gallery-icon landscape'>\n\t\t\t\t<a href='https:\/\/apps.mpma.mp.br\/campanha-contra-drogas\/2020\/04\/14\/atividade-de-encerramento-do-projeto-prevencao-as-drogas-no-ano-de-2019\/21-nov-2\/'><img width=\"250\" height=\"250\" src=\"https:\/\/apps.mpma.mp.br\/campanha-contra-drogas\/wp-content\/uploads\/2020\/04\/21-NOV.2-250x250.jpeg\" class=\"attachment-thumbnail size-thumbnail\" alt=\"\" decoding=\"async\" loading=\"lazy\" \/><\/a>\n\t\t\t<\/div><\/figure><figure class='gallery-item'>\n\t\t\t<div class='gallery-icon landscape'>\n\t\t\t\t<a href='https:\/\/apps.mpma.mp.br\/campanha-contra-drogas\/2020\/04\/14\/atividade-de-encerramento-do-projeto-prevencao-as-drogas-no-ano-de-2019\/21-nov\/'><img width=\"250\" height=\"250\" src=\"https:\/\/apps.mpma.mp.br\/campanha-contra-drogas\/wp-content\/uploads\/2020\/04\/21-NOV-250x250.jpeg\" class=\"attachment-thumbnail size-thumbnail\" alt=\"\" decoding=\"async\" loading=\"lazy\" \/><\/a>\n\t\t\t<\/div><\/figure>\n\t\t<\/div>\n\n<p>O projeto\u00a0<a href=\"https:\/\/www.mpma.mp.br\/index.php\/pesquisar?searchword=%E2%80%9CQuem%20escolhe%20o%20seu%20caminho?%20Voc%C3%AA%20ou%20as%20drogas?%E2%80%9D&amp;searchphrase=all\" target=\"_blank\" rel=\"noopener\">\u201cQuem escolhe o seu caminho? Voc\u00ea ou as drogas?\u201d<\/a>\u00a0encerrou as atividades do ano de 2019, em S\u00e3o Lu\u00eds, com a apresenta\u00e7\u00e3o de palestras para alunos de escolas p\u00fablicas da capital maranhense. Coordenou os trabalhos a titular da titular 11\u00aa Promotoria de Justi\u00e7a de Substitui\u00e7\u00e3o Plena de S\u00e3o Lu\u00eds, Cristiane Maia Lago, idealizadora do\u00a0projeto, cujo objetivo \u00e9 prevenir o uso de entorpecentes entre jovens.<br \/>\nFoi promovida uma palestra no audit\u00f3rio do Centro Cultural do Minist\u00e9rio P\u00fablico, para estudantes do 3\u00ba ano do ensino m\u00e9dio da Escola Jo\u00e3o Francisco Lisboa. A palestra foi apresentada pela psic\u00f3loga Graziela Feitosa. Concomitantemente, alunos da 8\u00aa s\u00e9rie da Centro de Ensino Fernando Perdig\u00e3o, assistiram, nas depend\u00eancias da escola, localizada no bairro Monte Castelo, a uma exposi\u00e7\u00e3o do advogado Marco Aur\u00e9lio Costa.<\/p>\n<p>Sobre a campanha, a promotora de justi\u00e7a Cristiane Gomes Coelho Maia Lago ressaltou: \u201cO trabalho de preven\u00e7\u00e3o \u00e0s drogas deve ser cont\u00ednuo. Durante todo o ano, devem ser promovidas atividades. Do contr\u00e1rio, n\u00e3o surte efeito. Por isso, o Minist\u00e9rio P\u00fablico do Maranh\u00e3o promove palestras durante todos os meses alcan\u00e7ando o maior n\u00famero de jovens estudantes\u201d, destacou a representante ministerial.<\/p>\n","protected":false},"excerpt":{"rendered":"<p>O projeto\u00a0\u201cQuem escolhe o seu caminho? Voc\u00ea ou as drogas?\u201d\u00a0encerrou as atividades do ano de 2019, em S\u00e3o Lu\u00eds, com a apresenta\u00e7\u00e3o de palestras para alunos de escolas p\u00fablicas da capital maranhense. Coordenou os trabalhos a titular da titular 11\u00aa Promotoria de Justi\u00e7a de Substitui\u00e7\u00e3o Plena de S\u00e3o Lu\u00eds, Cristiane Maia Lago, idealizadora do\u00a0projeto, cujo &hellip; <a href=\"https:\/\/apps.mpma.mp.br\/campanha-contra-drogas\/2020\/04\/14\/atividade-de-encerramento-do-projeto-prevencao-as-drogas-no-ano-de-2019\/\" class=\"more-link\">Continue lendo <span class=\"screen-reader-text\">Atividade de encerramento do projeto preven\u00e7\u00e3o \u00e0s drogas no ano de 2019<\/span> <span class=\"meta-nav\">&rarr;<\/span><\/a><\/p>\n","protected":false},"author":2,"featured_media":0,"comment_status":"open","ping_status":"open","sticky":false,"template":"","format":"standard","meta":[],"categories":[5],"tags":[7],"_links":{"self":[{"href":"https:\/\/apps.mpma.mp.br\/campanha-contra-drogas\/wp-json\/wp\/v2\/posts\/510"}],"collection":[{"href":"https:\/\/apps.mpma.mp.br\/campanha-contra-drogas\/wp-json\/wp\/v2\/posts"}],"about":[{"href":"https:\/\/apps.mpma.mp.br\/campanha-contra-drogas\/wp-json\/wp\/v2\/types\/post"}],"author":[{"embeddable":true,"href":"https:\/\/apps.mpma.mp.br\/campanha-contra-drogas\/wp-json\/wp\/v2\/users\/2"}],"replies":[{"embeddable":true,"href":"https:\/\/apps.mpma.mp.br\/campanha-contra-drogas\/wp-json\/wp\/v2\/comments?post=510"}],"version-history":[{"count":2,"href":"https:\/\/apps.mpma.mp.br\/campanha-contra-drogas\/wp-json\/wp\/v2\/posts\/510\/revisions"}],"predecessor-version":[{"id":708,"href":"https:\/\/apps.mpma.mp.br\/campanha-contra-drogas\/wp-json\/wp\/v2\/posts\/510\/revisions\/708"}],"wp:attachment":[{"href":"https:\/\/apps.mpma.mp.br\/campanha-contra-drogas\/wp-json\/wp\/v2\/media?parent=510"}],"wp:term":[{"taxonomy":"category","embeddable":true,"href":"https:\/\/apps.mpma.mp.br\/campanha-contra-drogas\/wp-json\/wp\/v2\/categories?post=510"},{"taxonomy":"post_tag","embeddable":true,"href":"https:\/\/apps.mpma.mp.br\/campanha-contra-drogas\/wp-json\/wp\/v2\/tags?post=510"}],"curies":[{"name":"wp","href":"https:\/\/api.w.org\/{rel}","templated":true}]}}