{"id":515,"date":"2020-04-14T15:26:44","date_gmt":"2020-04-14T18:26:44","guid":{"rendered":"http:\/\/apps.mpma.mp.br\/campanha-contra-drogas\/?p=515"},"modified":"2023-07-12T08:11:38","modified_gmt":"2023-07-12T11:11:38","slug":"iii-pedalada-do-mpma-no-municipio-de-acailandia-na-prevencao-e-combate-as-drogas","status":"publish","type":"post","link":"https:\/\/apps.mpma.mp.br\/campanha-contra-drogas\/2020\/04\/14\/iii-pedalada-do-mpma-no-municipio-de-acailandia-na-prevencao-e-combate-as-drogas\/","title":{"rendered":"III Pedalada do MPMA no munic\u00edpio de A\u00e7ail\u00e2ndia na preven\u00e7\u00e3o e combate \u00e0s drogas"},"content":{"rendered":"<div id='gallery-1' class='gallery galleryid-515 gallery-columns-3 gallery-size-thumbnail'><figure class='gallery-item'>\n\t\t\t<div class='gallery-icon landscape'>\n\t\t\t\t<a href='https:\/\/apps.mpma.mp.br\/campanha-contra-drogas\/2020\/04\/14\/iii-pedalada-do-mpma-no-municipio-de-acailandia-na-prevencao-e-combate-as-drogas\/02-dez-1\/'><img width=\"250\" height=\"250\" src=\"https:\/\/apps.mpma.mp.br\/campanha-contra-drogas\/wp-content\/uploads\/2020\/04\/02-dez.1-250x250.jpeg\" class=\"attachment-thumbnail size-thumbnail\" alt=\"\" decoding=\"async\" loading=\"lazy\" \/><\/a>\n\t\t\t<\/div><\/figure><figure class='gallery-item'>\n\t\t\t<div class='gallery-icon landscape'>\n\t\t\t\t<a href='https:\/\/apps.mpma.mp.br\/campanha-contra-drogas\/2020\/04\/14\/iii-pedalada-do-mpma-no-municipio-de-acailandia-na-prevencao-e-combate-as-drogas\/02-dez-2\/'><img width=\"250\" height=\"250\" src=\"https:\/\/apps.mpma.mp.br\/campanha-contra-drogas\/wp-content\/uploads\/2020\/04\/02-dez.2-250x250.jpeg\" class=\"attachment-thumbnail size-thumbnail\" alt=\"\" decoding=\"async\" loading=\"lazy\" \/><\/a>\n\t\t\t<\/div><\/figure><figure class='gallery-item'>\n\t\t\t<div class='gallery-icon landscape'>\n\t\t\t\t<a href='https:\/\/apps.mpma.mp.br\/campanha-contra-drogas\/2020\/04\/14\/iii-pedalada-do-mpma-no-municipio-de-acailandia-na-prevencao-e-combate-as-drogas\/02-dez-3\/'><img width=\"250\" height=\"250\" src=\"https:\/\/apps.mpma.mp.br\/campanha-contra-drogas\/wp-content\/uploads\/2020\/04\/02-dez.3-250x250.jpeg\" class=\"attachment-thumbnail size-thumbnail\" alt=\"\" decoding=\"async\" loading=\"lazy\" \/><\/a>\n\t\t\t<\/div><\/figure><figure class='gallery-item'>\n\t\t\t<div class='gallery-icon landscape'>\n\t\t\t\t<a href='https:\/\/apps.mpma.mp.br\/campanha-contra-drogas\/2020\/04\/14\/iii-pedalada-do-mpma-no-municipio-de-acailandia-na-prevencao-e-combate-as-drogas\/02-dez-4\/'><img width=\"250\" height=\"250\" src=\"https:\/\/apps.mpma.mp.br\/campanha-contra-drogas\/wp-content\/uploads\/2020\/04\/02-dez.4-250x250.jpeg\" class=\"attachment-thumbnail size-thumbnail\" alt=\"\" decoding=\"async\" loading=\"lazy\" \/><\/a>\n\t\t\t<\/div><\/figure><figure class='gallery-item'>\n\t\t\t<div class='gallery-icon landscape'>\n\t\t\t\t<a href='https:\/\/apps.mpma.mp.br\/campanha-contra-drogas\/2020\/04\/14\/iii-pedalada-do-mpma-no-municipio-de-acailandia-na-prevencao-e-combate-as-drogas\/02-dez\/'><img width=\"250\" height=\"250\" src=\"https:\/\/apps.mpma.mp.br\/campanha-contra-drogas\/wp-content\/uploads\/2020\/04\/02-dez-250x250.jpeg\" class=\"attachment-thumbnail size-thumbnail\" alt=\"\" decoding=\"async\" loading=\"lazy\" \/><\/a>\n\t\t\t<\/div><\/figure>\n\t\t<\/div>\n\n<p>&nbsp;<\/p>\n<p><strong>Cerca de mil pessoas participaram da III Pedalada do Minist\u00e9rio P\u00fablico do Maranh\u00e3o na Preven\u00e7\u00e3o \u00e0s Drogas, em A\u00e7ail\u00e2ndia, ocorrida no dia 02 de dezembro de 2019. A a\u00e7\u00e3o foi coordenada pelos promotores de justi\u00e7a Sandra Fagundes Garcia e Gleudson Malheiros, titulares da 2\u00aa Promotoria de Justi\u00e7a Criminal e 2\u00aa Promotoria de Justi\u00e7a C\u00edvel de A\u00e7ail\u00e2ndia, respectivamente. A largada aconteceu em frente ao F\u00f3rum e o encerramento foi na Pra\u00e7a da B\u00edblia.<\/strong><\/p>\n<p>Para realizar a inscri\u00e7\u00e3o, cada candidato doou 2kg de alimento. Com a a\u00e7\u00e3o, o MPMA conseguiu arrecadar 1,3 tonelada em suprimentos aliment\u00edcios,\u00a0que\u00a0foram doados \u00e0s institui\u00e7\u00f5es Comunidade Terap\u00eautica Bom Samaritano e Comunidade Filhos\u00a0da Luz, voltadas \u00e0 recupera\u00e7\u00e3o de dependentes qu\u00edmicos; e para o abrigo para crian\u00e7as Menina Olhos de Deus.<\/p>\n<p>Durante o evento, houve sorteio de brindes, apoio m\u00e9dico, pontos de hidrata\u00e7\u00e3o e lanche. Os ciclistas receberam ainda uma camisa para participar da atividade.<\/p>\n<p>CAMPANHA<\/p>\n<p>A a\u00e7\u00e3o faz parte da Campanha \u201cQuem escolhe seu caminho? Voc\u00ea ou as drogas?\u201d que, em A\u00e7ail\u00e2ndia, teve in\u00edcio em 2015. No munic\u00edpio, a realiza\u00e7\u00e3o de palestras nas escolas j\u00e1 atingiu um p\u00fablico de mais 8 mil pessoas.<\/p>\n<p>O procurador-geral de justi\u00e7a foi representado pelo diretor da Escola Superior do Minist\u00e9rio P\u00fablico (ESMP), M\u00e1rcio Thadeu Marques. Participando pela primeira vez da Pedalada, ele ressaltou que a Escola apoia a iniciativa com muito entusiasmo, ajudando a promover o ciclo de palestras. Para o diretor, o Minist\u00e9rio P\u00fablico exerce o papel de indutor de pol\u00edticas p\u00fablicas acerca da preven\u00e7\u00e3o \u00e0s drogas, valorizando a sa\u00fade coletiva e a dignidade das pessoas.<\/p>\n<p>\u201cEssa pedalada \u00e9 um come\u00e7o muito importante da Semana de Preven\u00e7\u00e3o \u00e0s Drogas porque envolve a comunidade em uma festa, em um movimento de confraterniza\u00e7\u00e3o e ao mesmo tempo de informa\u00e7\u00e3o. Mesmo as pessoas que n\u00e3o participam pedalando, acabam se envolvendo porque ficam na porta de suas casas, incentivando os ciclistas. Essa \u00e9 uma demonstra\u00e7\u00e3o de que o evento que envolve toda a cidade\u201d, destacou M\u00e1rcio Thadeu.<\/p>\n<p>A promotora de justi\u00e7a Sandra Fagundes Garcia \u00e9 a coordenadora da campanha \u201cQuem escolhe seu Caminho? Voc\u00ea ou as drogas?\u201d em A\u00e7ail\u00e2ndia. Ela enfatiza que a pedalada valeu todo o esfor\u00e7o reunido para a realiza\u00e7\u00e3o do evento. A promotora de justi\u00e7a destaca, tamb\u00e9m, que a pr\u00e1tica do esporte \u00e9 um importante aliado na preven\u00e7\u00e3o \u00e0s drogas.<\/p>\n<p>\u201cForam mais de mil pessoas participando da Pedalada. Conseguimos repetir o sucesso do ano passado. E \u00e9 na hora da premia\u00e7\u00e3o que n\u00f3s conseguimos realmente sentir a emo\u00e7\u00e3o, a alegria das pessoas de participar de um evento como este, al\u00e9m de levar o tema, que \u00e9 o da preven\u00e7\u00e3o \u00e0s drogas\u201d, enfatizou Sandra Fagundes.<\/p>\n<p>Para o promotor de justi\u00e7a Gleudson Malheiros, um dos coordenadores do evento, o sucesso da pedalada demonstra que o Minist\u00e9rio P\u00fablico tem uma grande credibilidade junto \u00e0 popula\u00e7\u00e3o. \u201cAs pessoas esperam por este evento, que j\u00e1 faz parte do calend\u00e1rio do munic\u00edpio. N\u00f3s ficamos muito felizes porque sempre somos abra\u00e7ados pela popula\u00e7\u00e3o, que est\u00e1 participando ativamente das a\u00e7\u00f5es\u201d ressaltou.<\/p>\n<p>Marquieudes Oliveira Ferreira \u00e9 estudante e foi um dos ganhadores da premia\u00e7\u00e3o da pedalada. Ele ganhou uma bicicleta, um dos pr\u00eamios mais cobi\u00e7ados. O garoto disse que pedalar \u00e9 um dos seus esportes favoritos. \u201cEu tinha uma bicicleta pequena e j\u00e1 pedalava todos os dias. Agora vou aproveitar muito mais\u201d, afirmou.<\/p>\n<p>PALESTRAS<\/p>\n<p>Em seguida, foram realizadas\u00a0uma rodada de palestras pela Semana de Preven\u00e7\u00e3o \u00e0s Drogas. Como facilitador, o MPMA trouxe o cientista Rodrigo Gon\u00e7alves Dias, vencedor do Pr\u00eamio Jovem Cientista. Esta\u00a0programa\u00e7\u00e3o iniciou em Imperatriz, com palestras na sede das Promotorias de Justi\u00e7a e na Penitenci\u00e1ria do munic\u00edpio.\u00a0Outra palestra na Unidade Prisional de Davin\u00f3polis, outra\u00a0no Instituto Federal do Maranh\u00e3o (IFMA) e na\u00a0 Unidade Prisional de A\u00e7ail\u00e2ndia.<\/p>\n<p>E, ainda,\u00a0a programa\u00e7\u00e3o de palestras aconteceu no munic\u00edpio de Itinga\u00a0 e em Imperatriz, na Unidade Regional de Imperatriz.<\/p>\n","protected":false},"excerpt":{"rendered":"<p>&nbsp; Cerca de mil pessoas participaram da III Pedalada do Minist\u00e9rio P\u00fablico do Maranh\u00e3o na Preven\u00e7\u00e3o \u00e0s Drogas, em A\u00e7ail\u00e2ndia, ocorrida no dia 02 de dezembro de 2019. A a\u00e7\u00e3o foi coordenada pelos promotores de justi\u00e7a Sandra Fagundes Garcia e Gleudson Malheiros, titulares da 2\u00aa Promotoria de Justi\u00e7a Criminal e 2\u00aa Promotoria de Justi\u00e7a C\u00edvel &hellip; <a href=\"https:\/\/apps.mpma.mp.br\/campanha-contra-drogas\/2020\/04\/14\/iii-pedalada-do-mpma-no-municipio-de-acailandia-na-prevencao-e-combate-as-drogas\/\" class=\"more-link\">Continue lendo <span class=\"screen-reader-text\">III Pedalada do MPMA no munic\u00edpio de A\u00e7ail\u00e2ndia na preven\u00e7\u00e3o e combate \u00e0s drogas<\/span> <span class=\"meta-nav\">&rarr;<\/span><\/a><\/p>\n","protected":false},"author":2,"featured_media":0,"comment_status":"open","ping_status":"open","sticky":false,"template":"","format":"standard","meta":[],"categories":[5],"tags":[7],"_links":{"self":[{"href":"https:\/\/apps.mpma.mp.br\/campanha-contra-drogas\/wp-json\/wp\/v2\/posts\/515"}],"collection":[{"href":"https:\/\/apps.mpma.mp.br\/campanha-contra-drogas\/wp-json\/wp\/v2\/posts"}],"about":[{"href":"https:\/\/apps.mpma.mp.br\/campanha-contra-drogas\/wp-json\/wp\/v2\/types\/post"}],"author":[{"embeddable":true,"href":"https:\/\/apps.mpma.mp.br\/campanha-contra-drogas\/wp-json\/wp\/v2\/users\/2"}],"replies":[{"embeddable":true,"href":"https:\/\/apps.mpma.mp.br\/campanha-contra-drogas\/wp-json\/wp\/v2\/comments?post=515"}],"version-history":[{"count":2,"href":"https:\/\/apps.mpma.mp.br\/campanha-contra-drogas\/wp-json\/wp\/v2\/posts\/515\/revisions"}],"predecessor-version":[{"id":527,"href":"https:\/\/apps.mpma.mp.br\/campanha-contra-drogas\/wp-json\/wp\/v2\/posts\/515\/revisions\/527"}],"wp:attachment":[{"href":"https:\/\/apps.mpma.mp.br\/campanha-contra-drogas\/wp-json\/wp\/v2\/media?parent=515"}],"wp:term":[{"taxonomy":"category","embeddable":true,"href":"https:\/\/apps.mpma.mp.br\/campanha-contra-drogas\/wp-json\/wp\/v2\/categories?post=515"},{"taxonomy":"post_tag","embeddable":true,"href":"https:\/\/apps.mpma.mp.br\/campanha-contra-drogas\/wp-json\/wp\/v2\/tags?post=515"}],"curies":[{"name":"wp","href":"https:\/\/api.w.org\/{rel}","templated":true}]}}