{"id":522,"date":"2020-04-14T15:35:41","date_gmt":"2020-04-14T18:35:41","guid":{"rendered":"http:\/\/apps.mpma.mp.br\/campanha-contra-drogas\/?p=522"},"modified":"2023-07-12T08:11:38","modified_gmt":"2023-07-12T11:11:38","slug":"mpma-promove-a-semana-de-prevencao-e-combate-as-drogas-na-regiao-tocantina","status":"publish","type":"post","link":"https:\/\/apps.mpma.mp.br\/campanha-contra-drogas\/2020\/04\/14\/mpma-promove-a-semana-de-prevencao-e-combate-as-drogas-na-regiao-tocantina\/","title":{"rendered":"MPMA promove a semana de preven\u00e7\u00e3o e combate as drogas na regi\u00e3o tocantina."},"content":{"rendered":"<div id='gallery-1' class='gallery galleryid-522 gallery-columns-3 gallery-size-thumbnail'><figure class='gallery-item'>\n\t\t\t<div class='gallery-icon landscape'>\n\t\t\t\t<a href='https:\/\/apps.mpma.mp.br\/campanha-contra-drogas\/2020\/04\/14\/mpma-promove-a-semana-de-prevencao-e-combate-as-drogas-na-regiao-tocantina\/10-dez-1\/'><img width=\"250\" height=\"250\" src=\"https:\/\/apps.mpma.mp.br\/campanha-contra-drogas\/wp-content\/uploads\/2020\/04\/10-dez.1-250x250.jpg\" class=\"attachment-thumbnail size-thumbnail\" alt=\"\" decoding=\"async\" loading=\"lazy\" \/><\/a>\n\t\t\t<\/div><\/figure><figure class='gallery-item'>\n\t\t\t<div class='gallery-icon landscape'>\n\t\t\t\t<a href='https:\/\/apps.mpma.mp.br\/campanha-contra-drogas\/2020\/04\/14\/mpma-promove-a-semana-de-prevencao-e-combate-as-drogas-na-regiao-tocantina\/10-dez-2\/'><img width=\"250\" height=\"250\" src=\"https:\/\/apps.mpma.mp.br\/campanha-contra-drogas\/wp-content\/uploads\/2020\/04\/10-dez.2-250x250.jpg\" class=\"attachment-thumbnail size-thumbnail\" alt=\"\" decoding=\"async\" loading=\"lazy\" \/><\/a>\n\t\t\t<\/div><\/figure><figure class='gallery-item'>\n\t\t\t<div class='gallery-icon landscape'>\n\t\t\t\t<a href='https:\/\/apps.mpma.mp.br\/campanha-contra-drogas\/2020\/04\/14\/mpma-promove-a-semana-de-prevencao-e-combate-as-drogas-na-regiao-tocantina\/10-dez\/'><img width=\"250\" height=\"250\" src=\"https:\/\/apps.mpma.mp.br\/campanha-contra-drogas\/wp-content\/uploads\/2020\/04\/10-dez-250x250.jpg\" class=\"attachment-thumbnail size-thumbnail\" alt=\"\" decoding=\"async\" loading=\"lazy\" \/><\/a>\n\t\t\t<\/div><\/figure>\n\t\t<\/div>\n\n<p>O Minist\u00e9rio P\u00fablico do Maranh\u00e3o realizou de 2 a 5 de dezembro de 2019 a Semana de Preven\u00e7\u00e3o \u00e0s Drogas em munic\u00edpios da Regi\u00e3o Tocantina. A rodada de a\u00e7\u00f5es teve\u00a0atividades de\u00a0palestras em Imperatriz, Davin\u00f3polis, Itinga e A\u00e7ail\u00e2ndia. Ao todo, foram mais de mil participantes nos eventos.<\/p>\n<p>A a\u00e7\u00e3o foi coordenada pela promotora de justi\u00e7a Sandra Fagundes Garcia, titular da 2\u00aa Promotoria de Justi\u00e7a de A\u00e7ail\u00e2ndia, e tiveram o apoio da Escola Superior do Minist\u00e9rio P\u00fablico do Maranh\u00e3o (ESMP). Este ano, as palestras foram proferidas pelo ganhador do Pr\u00eamio Jovem Cientista, Rodrigo Gon\u00e7alves Dias.<\/p>\n<p>Na segunda, 2, as apresenta\u00e7\u00f5es foram realizadas na sede das Promotorias de Justi\u00e7a de Imperatriz pela manh\u00e3 e, durante a tarde, na Penitenci\u00e1ria de Imperatriz. Na ter\u00e7a, 3, foi a vez de Davin\u00f3polis receber os palestrantes na Unidade Prisional de Davin\u00f3polis.<\/p>\n<p>Na quarta, 4, a palestra foi realizada em A\u00e7ail\u00e2ndia, na Faculdade Favale, pela manh\u00e3 e, pela tarde, na Unidade Prisional de A\u00e7ail\u00e2ndia. Quinta-feira, 5, os facilitadores se apresentaram na Prefeitura de Itinga pela manh\u00e3 e, em Imperatriz, pela tarde, na Unidade Prisional Regional de Imperatriz.<\/p>\n<p>De acordo com a coordenadora da campanha na Regi\u00e3o Tocantina, Sandra Fagundes, a Semana de Preven\u00e7\u00e3o \u00e0s Drogas foi muito proveitosa, iniciando com a pedalada em A\u00e7ail\u00e2ndia e a rodada de palestras. A representante do Minist\u00e9rio P\u00fablico destacou a import\u00e2ncia da diversidade do p\u00fablico: autoridades, alunos e pessoas do sistema prisional, que assistiram \u00e0 exposi\u00e7\u00e3o do palestrante, um caminho longe das drogas.<\/p>\n<p>\u201cNesta semana, com palestras ministradas para alunos e internos do sistema prisional, n\u00f3s pudemos ver e sentir os olhos atentos, a emo\u00e7\u00e3o ao final da palestra. Por isso, n\u00f3s queremos agradecer \u00e0 equipe, ao Rodrigo Dias, aos colegas promotores de justi\u00e7a Ossian Bezerra, Crystian Gonzales, Domingos Eduardo, Gleudson Malheiros e \u00e0s equipes da educa\u00e7\u00e3o e do sistema prisional que ajudaram a fazer acontecer tudo isso\u201d, ressaltou a promotora.<\/p>\n<p>O promotor de justi\u00e7a da \u00e1rea de execu\u00e7\u00e3o penal, Domingos Eduardo da Silva, \u00e9 o respons\u00e1vel pelas palestras nos munic\u00edpios da comarca de Imperatriz. Titular da 5\u00aa Promotoria de Justi\u00e7a Criminal, o representante do MPMA afirmou que a semana de palestras \u00e9 fundamental para o processo de ressocializa\u00e7\u00e3o dos apenados e para o combate da pr\u00e1tica da reincid\u00eancia criminal.<\/p>\n<p>\u201cEssa iniciativa \u00e9 fundamental no combate \u00e0 reincid\u00eancia, assim como ressocializar, ajudar o preso a sair do mundo das drogas. Sabemos que muitos crimes est\u00e3o ligados ao tr\u00e1fico e consumo de entorpecentes, como roubos e latroc\u00ednios\u201d, destacou Domingos Eduardo.<\/p>\n<p><strong>JOVEM CIENTISTA<\/p>\n<p><\/strong>Rodrigo Gon\u00e7alves Dias \u00e9 o convidado do Minist\u00e9rio P\u00fablico do Maranh\u00e3o para realizar a rodada de palestras. Da vasta lista do curr\u00edculo, Rodrigo \u00e9 bacharel em Educa\u00e7\u00e3o F\u00edsica pela Unicamp e especialista em Bioqu\u00edmica, Fisiologia, Nutri\u00e7\u00e3o e Treinamento Esportivo.<\/p>\n<p>O jovem tamb\u00e9m \u00e9 doutor em Biologia Funcional e Molecular e trabalhou realizando pesquisas no Instituto do Cora\u00e7\u00e3o (Incor \u2013 (HCMUSP). Rodrigo possui ainda p\u00f3s-doutorado em Gen\u00e9tica e Cardiologia, Genoma e Ci\u00eancia do Esporte e An\u00e1lise Gen\u00f4mica em Larga Escala. Foi ganhador do Pr\u00eamio Jovem Cientista em 2012 e o pr\u00eamio mais respeitado da cardiologia no Brasil, Eduardo Moacyr Krieger.<\/p>\n<p><strong>PALESTRA<\/p>\n<p><\/strong>Rodrigo come\u00e7ou recordando a inf\u00e2ncia, quando sua m\u00e3e teve que sustent\u00e1-lo sozinha depois que o pai o abandonou. Ele relata que foi um adolescente problem\u00e1tico e que nem ele mesmo acreditava que poderia alcan\u00e7ar tantos feitos, mas que uma ofensa dirigida a ele o fez repensar toda sua vida.<\/p>\n<p>Ap\u00f3s prestar vestibular tr\u00eas vezes sem conseguir passar, Rodrigo finalmente se dedicou aos estudos e conseguiu aprova\u00e7\u00e3o em sete universidades. Foi ent\u00e3o que escolheu o curso de Educa\u00e7\u00e3o F\u00edsica na Universidade de Campinas.<\/p>\n<p>Ele relatou que ainda nos primeiros dias de aula teve a curiosidade de entrar em um laborat\u00f3rio de pesquisa da \u00e1rea de Medicina, foi quando decidiu se envolver com ci\u00eancia. Logo ap\u00f3s o primeiro ano j\u00e1 estampava a capa da revista anual de ci\u00eancias da universidade.<\/p>\n<p>Em 2008, ap\u00f3s uma descoberta envolvendo gen\u00e9tica, cardiologia e exerc\u00edcio f\u00edsico, o pesquisador ganhou um pr\u00eamio de melhor pesquisa do pa\u00eds, sendo citado internacionalmente como uma das descobertas mais relevantes para o avan\u00e7o do conhecimento.<\/p>\n<p>Rodrigo finalizou a exposi\u00e7\u00e3o pedindo uma reflex\u00e3o. \u201cOnde est\u00e1 o limite? Voc\u00eas acham que o garoto problem\u00e1tico que eu era na adolesc\u00eancia poderia se tornar o cientista que eu me tornei? Ningu\u00e9m \u00e9 irrecuper\u00e1vel. Quando algu\u00e9m disser que voc\u00eas n\u00e3o prestam ou que n\u00e3o conseguem, mostrem que voc\u00eas s\u00e3o capazes de mudar o destino\u201d.<\/p>\n<p>Danielly Sousa Silva cursa o 9\u00ba ano e assistiu \u00e0 palestra em Itinga. A estudante conta que as palavras de Rodrigo lhe motivaram a mudar, enfrentar as dificuldades e ser forte quando algu\u00e9m tentar enfraquec\u00ea-la. \u201cFoi uma sensa\u00e7\u00e3o incr\u00edvel, uma experi\u00eancia maravilhosa. Ele \u00e9 um exemplo de pessoa, vou me espelhar nele para realizar meus sonhos. Que um dia eu possa ajudar as pessoas e sempre ser humilde tanto em a\u00e7\u00f5es quanto em pensamentos\u201d, destacou.<\/p>\n<p>A a\u00e7\u00e3o faz parte da campanha institucional \u201cQuem escolhe seu caminho? Voc\u00ea ou as drogas?\u201d, que na Regi\u00e3o Tocantina teve in\u00edcio em A\u00e7ail\u00e2ndia no ano de 2015. A atividade tamb\u00e9m j\u00e1 integrou a campanha realizada at\u00e9 o ano passado: Maranh\u00e3o na Preven\u00e7\u00e3o \u00e0s Drogas, promovida pelo Comit\u00ea Estadual de Preven\u00e7\u00e3o \u00e0s Drogas.<\/p>\n<p><strong>Reda\u00e7\u00e3o:<\/strong>\u00a0CCOM-MPMA<\/p>\n","protected":false},"excerpt":{"rendered":"<p>O Minist\u00e9rio P\u00fablico do Maranh\u00e3o realizou de 2 a 5 de dezembro de 2019 a Semana de Preven\u00e7\u00e3o \u00e0s Drogas em munic\u00edpios da Regi\u00e3o Tocantina. A rodada de a\u00e7\u00f5es teve\u00a0atividades de\u00a0palestras em Imperatriz, Davin\u00f3polis, Itinga e A\u00e7ail\u00e2ndia. Ao todo, foram mais de mil participantes nos eventos. A a\u00e7\u00e3o foi coordenada pela promotora de justi\u00e7a Sandra &hellip; <a href=\"https:\/\/apps.mpma.mp.br\/campanha-contra-drogas\/2020\/04\/14\/mpma-promove-a-semana-de-prevencao-e-combate-as-drogas-na-regiao-tocantina\/\" class=\"more-link\">Continue lendo <span class=\"screen-reader-text\">MPMA promove a semana de preven\u00e7\u00e3o e combate as drogas na regi\u00e3o tocantina.<\/span> <span class=\"meta-nav\">&rarr;<\/span><\/a><\/p>\n","protected":false},"author":2,"featured_media":0,"comment_status":"open","ping_status":"open","sticky":false,"template":"","format":"standard","meta":[],"categories":[5],"tags":[7],"_links":{"self":[{"href":"https:\/\/apps.mpma.mp.br\/campanha-contra-drogas\/wp-json\/wp\/v2\/posts\/522"}],"collection":[{"href":"https:\/\/apps.mpma.mp.br\/campanha-contra-drogas\/wp-json\/wp\/v2\/posts"}],"about":[{"href":"https:\/\/apps.mpma.mp.br\/campanha-contra-drogas\/wp-json\/wp\/v2\/types\/post"}],"author":[{"embeddable":true,"href":"https:\/\/apps.mpma.mp.br\/campanha-contra-drogas\/wp-json\/wp\/v2\/users\/2"}],"replies":[{"embeddable":true,"href":"https:\/\/apps.mpma.mp.br\/campanha-contra-drogas\/wp-json\/wp\/v2\/comments?post=522"}],"version-history":[{"count":1,"href":"https:\/\/apps.mpma.mp.br\/campanha-contra-drogas\/wp-json\/wp\/v2\/posts\/522\/revisions"}],"predecessor-version":[{"id":526,"href":"https:\/\/apps.mpma.mp.br\/campanha-contra-drogas\/wp-json\/wp\/v2\/posts\/522\/revisions\/526"}],"wp:attachment":[{"href":"https:\/\/apps.mpma.mp.br\/campanha-contra-drogas\/wp-json\/wp\/v2\/media?parent=522"}],"wp:term":[{"taxonomy":"category","embeddable":true,"href":"https:\/\/apps.mpma.mp.br\/campanha-contra-drogas\/wp-json\/wp\/v2\/categories?post=522"},{"taxonomy":"post_tag","embeddable":true,"href":"https:\/\/apps.mpma.mp.br\/campanha-contra-drogas\/wp-json\/wp\/v2\/tags?post=522"}],"curies":[{"name":"wp","href":"https:\/\/api.w.org\/{rel}","templated":true}]}}