{"id":553,"date":"2020-06-27T13:17:32","date_gmt":"2020-06-27T16:17:32","guid":{"rendered":"http:\/\/apps.mpma.mp.br\/campanha-contra-drogas\/?p=553"},"modified":"2023-07-12T08:11:38","modified_gmt":"2023-07-12T11:11:38","slug":"uso-indevido-de-drogas-durante-a-pandemia-sera-tema-de-debate-no-instagram","status":"publish","type":"post","link":"https:\/\/apps.mpma.mp.br\/campanha-contra-drogas\/2020\/06\/27\/uso-indevido-de-drogas-durante-a-pandemia-sera-tema-de-debate-no-instagram\/","title":{"rendered":"Uso indevido de drogas durante a pandemia ser\u00e1 tema de debate no Instagram"},"content":{"rendered":"<p style=\"text-align: justify;\"><img decoding=\"async\" loading=\"lazy\" class=\"aligncenter size-thumbnail wp-image-555\" src=\"http:\/\/apps.mpma.mp.br\/campanha-contra-drogas\/wp-content\/uploads\/2020\/06\/20200627_075041-250x250.jpg\" alt=\"20200627_075041\" width=\"250\" height=\"250\" \/><img decoding=\"async\" loading=\"lazy\" class=\"aligncenter size-thumbnail wp-image-564\" src=\"http:\/\/apps.mpma.mp.br\/campanha-contra-drogas\/wp-content\/uploads\/2020\/06\/20200627_155244-250x250.jpg\" alt=\"20200627_155244\" width=\"250\" height=\"250\" \/><br \/>\nA Promotora de Justi\u00e7a Cristiane Maia Lago, coordenadora do Centro de Apoio Operacional dos Direitos Humanos (CAOP-DH), promover\u00e1, ao lado da psic\u00f3loga Graciela Feitosa, um debate sobre o tema \u201cPreven\u00e7\u00e3o \u00e0s drogas e a pandemia da Covid-19\u201d, por meio de uma live no Instagram do Minist\u00e9rio P\u00fablico do Maranh\u00e3o, no dia 25 de junho, \u00e0s 17h.<br \/>\nA atividade faz parte da programa\u00e7\u00e3o da Semana Estadual de Preven\u00e7\u00e3o \u00e0s Drogas, promovida em parceria com o F\u00f3rum Estadual de Pol\u00edticas sobre Drogas.<br \/>\nO objetivo da live \u00e9 difundir informa\u00e7\u00f5es qualificadas sobre os problemas decorrentes do uso indevido de drogas e promover o debate sobre as pol\u00edticas p\u00fablicas de preven\u00e7\u00e3o, tratamento e reinser\u00e7\u00e3o social dos dependentes qu\u00edmicos.<br \/>\nA escolha de um ambiente virtual para a discuss\u00e3o direcionada ao p\u00fablico estudantil ocorreu em virtude da suspens\u00e3o das aulas da rede p\u00fablica devido \u00e0 pandemia da Covid-19.<br \/>\n&#8220;A preven\u00e7\u00e3o ao uso indevido de drogas precisa, mais do que nunca, ser realizada, considerando que uma das consequ\u00eancias negativas da pandemia da Covid-19 \u00e9 o aumento do uso de drogas, em virtude das mudan\u00e7as bruscas que ocorreram na vida familiar, profissional e social do ser humano. Muitos est\u00e3o enfrentando esse momento com o uso indevido de drogas l\u00edcitas, como o \u00e1lcool, rem\u00e9dios, e drogas il\u00edcitas&#8221;, ressaltou a idealizadora da campanha, a Promotora de Justi\u00e7a Cristiane Maia Lago.<\/p>\n<p style=\"text-align: justify;\">CONCURSO DE POESIA<\/p>\n<p style=\"text-align: justify;\">Al\u00e9m do debate, durante a live ser\u00e1 divulgado o resultado do Concurso de Poesia sobre o tema da campanha \u201cQuem escolhe o seu caminho? Voc\u00ea ou as drogas?\u201d, concurso este realizado em parceria com a Secretaria de Estado da Educa\u00e7\u00e3o.<br \/>\nParticipam da atividade alunos do Ensino M\u00e9dio das seguintes escolas da rede p\u00fablica estadual: os centros de ensino Barjonas Lob\u00e3o (Cohatrac), Vicente Maia (Anjo da Guarda), Cidade Oper\u00e1ria II (Cidade Oper\u00e1ria), Sotero dos Reis (Centro) e C\u00f4nego Ribamar Carvalho (Cohab).<br \/>\nPara a escolha dos vencedores, ser\u00e3o analisados crit\u00e9rios como adequa\u00e7\u00e3o ao tema, originalidade e criatividade. Cada escola selecionar\u00e1 os tr\u00eas melhores poemas e encaminhar\u00e1 ao CAOP-DH, o qual escolher\u00e1 os tr\u00eas textos entre os 15 selecionados.<br \/>\nOs tr\u00eas autores escolhidos ser\u00e3o premiados com notebooks. Todas as escolas participantes receber\u00e3o um kit de livros de preven\u00e7\u00e3o \u00e0s drogas, preferencialmente de autores maranhenses, para suas respectivas bibliotecas.<br \/>\nReda\u00e7\u00e3o: CCOM-MPMA<\/p>\n","protected":false},"excerpt":{"rendered":"<p>A Promotora de Justi\u00e7a Cristiane Maia Lago, coordenadora do Centro de Apoio Operacional dos Direitos Humanos (CAOP-DH), promover\u00e1, ao lado da psic\u00f3loga Graciela Feitosa, um debate sobre o tema \u201cPreven\u00e7\u00e3o \u00e0s drogas e a pandemia da Covid-19\u201d, por meio de uma live no Instagram do Minist\u00e9rio P\u00fablico do Maranh\u00e3o, no dia 25 de junho, \u00e0s &hellip; <a href=\"https:\/\/apps.mpma.mp.br\/campanha-contra-drogas\/2020\/06\/27\/uso-indevido-de-drogas-durante-a-pandemia-sera-tema-de-debate-no-instagram\/\" class=\"more-link\">Continue lendo <span class=\"screen-reader-text\">Uso indevido de drogas durante a pandemia ser\u00e1 tema de debate no Instagram<\/span> <span class=\"meta-nav\">&rarr;<\/span><\/a><\/p>\n","protected":false},"author":2,"featured_media":0,"comment_status":"open","ping_status":"open","sticky":false,"template":"","format":"standard","meta":[],"categories":[5],"tags":[7],"_links":{"self":[{"href":"https:\/\/apps.mpma.mp.br\/campanha-contra-drogas\/wp-json\/wp\/v2\/posts\/553"}],"collection":[{"href":"https:\/\/apps.mpma.mp.br\/campanha-contra-drogas\/wp-json\/wp\/v2\/posts"}],"about":[{"href":"https:\/\/apps.mpma.mp.br\/campanha-contra-drogas\/wp-json\/wp\/v2\/types\/post"}],"author":[{"embeddable":true,"href":"https:\/\/apps.mpma.mp.br\/campanha-contra-drogas\/wp-json\/wp\/v2\/users\/2"}],"replies":[{"embeddable":true,"href":"https:\/\/apps.mpma.mp.br\/campanha-contra-drogas\/wp-json\/wp\/v2\/comments?post=553"}],"version-history":[{"count":4,"href":"https:\/\/apps.mpma.mp.br\/campanha-contra-drogas\/wp-json\/wp\/v2\/posts\/553\/revisions"}],"predecessor-version":[{"id":572,"href":"https:\/\/apps.mpma.mp.br\/campanha-contra-drogas\/wp-json\/wp\/v2\/posts\/553\/revisions\/572"}],"wp:attachment":[{"href":"https:\/\/apps.mpma.mp.br\/campanha-contra-drogas\/wp-json\/wp\/v2\/media?parent=553"}],"wp:term":[{"taxonomy":"category","embeddable":true,"href":"https:\/\/apps.mpma.mp.br\/campanha-contra-drogas\/wp-json\/wp\/v2\/categories?post=553"},{"taxonomy":"post_tag","embeddable":true,"href":"https:\/\/apps.mpma.mp.br\/campanha-contra-drogas\/wp-json\/wp\/v2\/tags?post=553"}],"curies":[{"name":"wp","href":"https:\/\/api.w.org\/{rel}","templated":true}]}}