{"id":557,"date":"2020-06-27T15:35:49","date_gmt":"2020-06-27T18:35:49","guid":{"rendered":"http:\/\/apps.mpma.mp.br\/campanha-contra-drogas\/?p=557"},"modified":"2023-07-12T08:11:37","modified_gmt":"2023-07-12T11:11:37","slug":"quem-escolhe-o-seu-caminho-voce-ou-as-drogas","status":"publish","type":"post","link":"https:\/\/apps.mpma.mp.br\/campanha-contra-drogas\/2020\/06\/27\/quem-escolhe-o-seu-caminho-voce-ou-as-drogas\/","title":{"rendered":"Quem escolhe o seu caminho? Voc\u00ea ou as drogas?"},"content":{"rendered":"<p style=\"text-align: justify;\"><img decoding=\"async\" loading=\"lazy\" class=\"aligncenter size-thumbnail wp-image-564\" src=\"http:\/\/apps.mpma.mp.br\/campanha-contra-drogas\/wp-content\/uploads\/2020\/06\/20200627_155244-250x250.jpg\" alt=\"20200627_155244\" width=\"250\" height=\"250\" \/><\/p>\n<p style=\"text-align: justify;\"><img decoding=\"async\" loading=\"lazy\" class=\"aligncenter size-thumbnail wp-image-555\" src=\"http:\/\/apps.mpma.mp.br\/campanha-contra-drogas\/wp-content\/uploads\/2020\/06\/20200627_075041-250x250.jpg\" alt=\"20200627_075041\" width=\"250\" height=\"250\" \/><\/p>\n<p style=\"text-align: justify;\">O Minist\u00e9rio P\u00fablico do Maranh\u00e3o, atrav\u00e9s do Centro de Apoio Operacional de Direitos Humanos (CAOP \u2013 DH), coordenado pela Promotora de Justi\u00e7a Cristiane Gomes Coelho Maia Lago, promoveu, em parceria com a psic\u00f3loga Graciele Feitosa, com o apoio da Secretaria de Estado da Educa\u00e7\u00e3o, um debate acerca do tema: \u201cPreven\u00e7\u00e3o \u00e0s drogas e a pandemia da Covid-19\u201d, por meio de uma live no Instagram do Minist\u00e9rio P\u00fablico do Maranh\u00e3o, no dia 25 de junho, \u00e0s 17 horas.<br \/>\nA atividade faz parte da programa\u00e7\u00e3o da Semana Estadual de Preven\u00e7\u00e3o \u00e0s Drogas promovida em parceria com o F\u00f3rum Estadual de Pol\u00edticas sobre Drogas, cujo objetivo \u00e9, primordialmente, difundir informa\u00e7\u00f5es qualificadas sobre preven\u00e7\u00e3o do uso indevido de entorpecentes, bem como o tratamento e reinser\u00e7\u00e3o social dos dependentes qu\u00edmicos.<br \/>\n&#8220;A preven\u00e7\u00e3o ao uso indevido de drogas precisa, mais do que nunca, ser realizada, considerando que uma das consequ\u00eancias negativas da pandemia da Covid-19 \u00e9 o aumento do uso de drogas, em virtude das mudan\u00e7as bruscas que ocorreram na vida familiar, profissional e social do ser humano. Muitos est\u00e3o enfrentando esse momento com o uso indevido de drogas l\u00edcitas, como o \u00e1lcool, rem\u00e9dios, e drogas il\u00edcitas&#8221;, ressaltou a idealizadora da campanha, a Promotora de Justi\u00e7a Cristiane Maia Lago.<br \/>\nEsse encontro foi realizado por meio de uma live, em um ambiente virtual, em raz\u00e3o da suspens\u00e3o das aulas na rede p\u00fablica de ensino, devido \u00e0 pandemia da Covid-19, momento em que foi divulgado o resultado do Concurso de Poesia sobre o tema da campanha \u201cQuem escolhe o seu caminho? Voc\u00ea ou as drogas?\u201d, realizado em parceria com a Secretaria de Estado da Educa\u00e7\u00e3o.<br \/>\nOs alunos vencedores foram:<\/p>\n<p style=\"text-align: justify;\">1. Ewelly Vit\u00f3ria Galv\u00e3o Da Silva (16 anos), 2\u00ba ano do Ensino M\u00e9dio, escola: Centro de Ensino C\u00f4nego Ribamar Carvalho, localizada no bairro Cohab, gestora: Davin, poesia cujo t\u00edtulo \u00e9: Auto-afirma\u00e7\u00e3o;<\/p>\n<p>2. Mellyssa Gusm\u00e3o Mendes (16 anos), 2\u00ba ano do Ensino M\u00e9dio, escola: Centro de Ensino Vicente Maia, localizada no bairro do Anjo da Guarda, gestora: Bernadete, poesia cujo t\u00edtulo \u00e9: Quem escolhe seu caminho? Voc\u00ea ou as drogas?;<\/p>\n<p>3. Breno Vin\u00edcius Sales Serra (17 anos), 3\u00ba ano do Ensino M\u00e9dio, escola: Centro de Ensino da Cidade Oper\u00e1ria &#8211; II, localizada no bairro Cidade Oper\u00e1ria, gestora: Solange, poesia cujo t\u00edtulo \u00e9: Uma pessoa, dois caminhos.<\/p>\n<p>Os tr\u00eas alunos vencedores do Concurso de Poesia ser\u00e3o premiados com notebooks, e todas as escolas participantes receber\u00e3o um kit de livros de autores maranhenses.<\/p>\n<div style=\"width: 474px;\" class=\"wp-video\"><!--[if lt IE 9]><script>document.createElement('video');<\/script><![endif]-->\n<video class=\"wp-video-shortcode\" id=\"video-557-1\" width=\"474\" height=\"267\" preload=\"metadata\" controls=\"controls\"><source type=\"video\/mp4\" src=\"http:\/\/apps.mpma.mp.br\/campanha-contra-drogas\/wp-content\/uploads\/2020\/06\/20200625_173946_s04-5.mp4?_=1\" \/><a href=\"http:\/\/apps.mpma.mp.br\/campanha-contra-drogas\/wp-content\/uploads\/2020\/06\/20200625_173946_s04-5.mp4\">http:\/\/apps.mpma.mp.br\/campanha-contra-drogas\/wp-content\/uploads\/2020\/06\/20200625_173946_s04-5.mp4<\/a><\/video><\/div>\n<hr \/>\n<figure id=\"attachment_554\" aria-describedby=\"caption-attachment-554\" style=\"width: 250px\" class=\"wp-caption aligncenter\"><img decoding=\"async\" loading=\"lazy\" class=\"size-thumbnail wp-image-554\" src=\"http:\/\/apps.mpma.mp.br\/campanha-contra-drogas\/wp-content\/uploads\/2020\/06\/20200626_235727-1-250x250.jpg\" alt=\"Making off da live\" width=\"250\" height=\"250\" \/><figcaption id=\"caption-attachment-554\" class=\"wp-caption-text\">Making off da live<\/figcaption><\/figure>\n<p>&nbsp;<\/p>\n<p><img decoding=\"async\" loading=\"lazy\" class=\"aligncenter size-thumbnail wp-image-536\" src=\"http:\/\/apps.mpma.mp.br\/campanha-contra-drogas\/wp-content\/uploads\/2020\/06\/20200625_165621-250x250.jpg\" alt=\"20200625_165621\" width=\"250\" height=\"250\" \/><\/p>\n","protected":false},"excerpt":{"rendered":"<p>O Minist\u00e9rio P\u00fablico do Maranh\u00e3o, atrav\u00e9s do Centro de Apoio Operacional de Direitos Humanos (CAOP \u2013 DH), coordenado pela Promotora de Justi\u00e7a Cristiane Gomes Coelho Maia Lago, promoveu, em parceria com a psic\u00f3loga Graciele Feitosa, com o apoio da Secretaria de Estado da Educa\u00e7\u00e3o, um debate acerca do tema: \u201cPreven\u00e7\u00e3o \u00e0s drogas e a pandemia &hellip; <a href=\"https:\/\/apps.mpma.mp.br\/campanha-contra-drogas\/2020\/06\/27\/quem-escolhe-o-seu-caminho-voce-ou-as-drogas\/\" class=\"more-link\">Continue lendo <span class=\"screen-reader-text\">Quem escolhe o seu caminho? Voc\u00ea ou as drogas?<\/span> <span class=\"meta-nav\">&rarr;<\/span><\/a><\/p>\n","protected":false},"author":2,"featured_media":0,"comment_status":"open","ping_status":"open","sticky":false,"template":"","format":"standard","meta":[],"categories":[5],"tags":[7],"_links":{"self":[{"href":"https:\/\/apps.mpma.mp.br\/campanha-contra-drogas\/wp-json\/wp\/v2\/posts\/557"}],"collection":[{"href":"https:\/\/apps.mpma.mp.br\/campanha-contra-drogas\/wp-json\/wp\/v2\/posts"}],"about":[{"href":"https:\/\/apps.mpma.mp.br\/campanha-contra-drogas\/wp-json\/wp\/v2\/types\/post"}],"author":[{"embeddable":true,"href":"https:\/\/apps.mpma.mp.br\/campanha-contra-drogas\/wp-json\/wp\/v2\/users\/2"}],"replies":[{"embeddable":true,"href":"https:\/\/apps.mpma.mp.br\/campanha-contra-drogas\/wp-json\/wp\/v2\/comments?post=557"}],"version-history":[{"count":3,"href":"https:\/\/apps.mpma.mp.br\/campanha-contra-drogas\/wp-json\/wp\/v2\/posts\/557\/revisions"}],"predecessor-version":[{"id":568,"href":"https:\/\/apps.mpma.mp.br\/campanha-contra-drogas\/wp-json\/wp\/v2\/posts\/557\/revisions\/568"}],"wp:attachment":[{"href":"https:\/\/apps.mpma.mp.br\/campanha-contra-drogas\/wp-json\/wp\/v2\/media?parent=557"}],"wp:term":[{"taxonomy":"category","embeddable":true,"href":"https:\/\/apps.mpma.mp.br\/campanha-contra-drogas\/wp-json\/wp\/v2\/categories?post=557"},{"taxonomy":"post_tag","embeddable":true,"href":"https:\/\/apps.mpma.mp.br\/campanha-contra-drogas\/wp-json\/wp\/v2\/tags?post=557"}],"curies":[{"name":"wp","href":"https:\/\/api.w.org\/{rel}","templated":true}]}}