{"id":569,"date":"2020-06-27T16:47:22","date_gmt":"2020-06-27T19:47:22","guid":{"rendered":"http:\/\/apps.mpma.mp.br\/campanha-contra-drogas\/?p=569"},"modified":"2023-07-12T08:11:37","modified_gmt":"2023-07-12T11:11:37","slug":"vencedores-do-concurso-de-poesia-sobre-o-tema-da-campanha-quem-escolhe-o-seu-caminho-voce-ou-as-drogas","status":"publish","type":"post","link":"https:\/\/apps.mpma.mp.br\/campanha-contra-drogas\/2020\/06\/27\/vencedores-do-concurso-de-poesia-sobre-o-tema-da-campanha-quem-escolhe-o-seu-caminho-voce-ou-as-drogas\/","title":{"rendered":"Vencedores do Concurso de Poesia sobre o tema da campanha \u201cQuem escolhe o seu caminho? Voc\u00ea ou as drogas?"},"content":{"rendered":"<p style=\"text-align: justify;\"><img decoding=\"async\" loading=\"lazy\" class=\"aligncenter size-thumbnail wp-image-564\" src=\"http:\/\/apps.mpma.mp.br\/campanha-contra-drogas\/wp-content\/uploads\/2020\/06\/20200627_155244-250x250.jpg\" alt=\"20200627_155244\" width=\"250\" height=\"250\" \/><\/p>\n<p style=\"text-align: justify;\"><img decoding=\"async\" loading=\"lazy\" class=\"aligncenter size-thumbnail wp-image-555\" src=\"http:\/\/apps.mpma.mp.br\/campanha-contra-drogas\/wp-content\/uploads\/2020\/06\/20200627_075041-250x250.jpg\" alt=\"20200627_075041\" width=\"250\" height=\"250\" \/><\/p>\n<p style=\"text-align: justify;\">O Minist\u00e9rio P\u00fablico do Maranh\u00e3o, atrav\u00e9s do Centro de Apoio Operacional de Direitos Humanos (CAOP &#8211; DH), coordenado pela Promotora de Justi\u00e7a Cristiane Gomes Coelho Maia Lago, promoveu um Concurso de Poesia sobre o tema da campanha \u201cQuem escolhe o seu caminho? Voc\u00ea ou as drogas?\u201d, concurso este realizado em parceria com a Secretaria de Estado da Educa\u00e7\u00e3o.<\/p>\n<p style=\"text-align: justify;\">Os alunos vencedores foram:<\/p>\n<ol style=\"text-align: justify;\">\n<li><strong>Mellyssa Gusm\u00e3o Mendes<\/strong>(16 anos), 2\u00ba ano do Ensino M\u00e9dio, escola: Centro de Ensino Vicente Maia, localizada no bairro do Anjo da Guarda, gestora: Bernadete, poesia cujo t\u00edtulo \u00e9:\u00a0<strong>Quem escolhe seu caminho? Voc\u00ea ou as drogas?<\/strong>;<\/li>\n<li><strong>Breno Vin\u00edcius Sales Serra<\/strong>(17 anos), 3\u00ba ano do Ensino M\u00e9dio, escola: Centro de Ensino da Cidade Oper\u00e1ria &#8211; II, localizada no bairro Cidade Oper\u00e1ria, gestora: Solange, poesia cujo t\u00edtulo \u00e9:\u00a0<strong>Uma pessoa, dois caminhos.<\/strong><\/li>\n<li><strong>Ewelly Vit\u00f3ria Galv\u00e3o Da Silva<\/strong>(16 anos), 2\u00ba ano do Ensino M\u00e9dio, escola: Centro de Ensino C\u00f4nego Ribamar Carvalho, localizada no bairro Cohab, gestora: Davin, poesia cujo t\u00edtulo \u00e9:\u00a0<strong>Autoafirma\u00e7\u00e3o;<\/strong><\/li>\n<\/ol>\n<p style=\"text-align: justify;\">Os tr\u00eas alunos vencedores do Concurso de Poesia ser\u00e3o premiados com\u00a0<em>notebooks,<\/em>\u00a0e todas as escolas participantes receber\u00e3o um\u00a0<em>kit<\/em>\u00a0de livros de autores maranhenses. Est\u00e3o disponibilizadas abaixo, na \u00edntegra e por ordem de classifica\u00e7\u00e3o, as poesias vencedoras.<\/p>\n<p><strong>1.Mellyssa Gusm\u00e3o Mendes<\/strong><\/p>\n<p><strong>Quem escolhe seu caminho? voc\u00ea ou as drogas?<\/strong><\/p>\n<p>Hoje eu vou falar de um tema,<\/p>\n<p>Que todos deveriam abordar,<\/p>\n<p>Onde v\u00e1rios sofrem desse problema,<\/p>\n<p>Mas n\u00e3o querem conversar,<\/p>\n<p>Estou falando das drogas,<\/p>\n<p>Que muitos n\u00e3o conseguem parar de usar.<\/p>\n<p>Est\u00e1 tirando de muitos o direito \u00e0 felicidade,<\/p>\n<p>\u00c0s vezes pedem ajuda,<\/p>\n<p>Mas n\u00e3o querem colaborar<\/p>\n<p>N\u00e3o tentem experimentar,<\/p>\n<p>Pois quando menos se esperar,<\/p>\n<p>Viciado voc\u00ea j\u00e1 poder\u00e1 estar<\/p>\n<p><strong>2. Breno Vin\u00edcius Sales Serra<\/strong><\/p>\n<p><strong>Uma pessoa, dois caminhos<\/strong><\/p>\n<p>Era um mundo dos sonhos coloridos.<\/p>\n<p>Tudo era engra\u00e7ado.<\/p>\n<p>Nunca me sentia amea\u00e7ado,<\/p>\n<p>Mas l\u00e1 no fundo era dolorido.<\/p>\n<p>Parecia t\u00e3o encantador, a cor, o vigor,<\/p>\n<p>Mas, finalmente, acordei,<\/p>\n<p>Dei meia-volta e mudei.<\/p>\n<p>Recuperei sobre mim mesmo o amor.<\/p>\n<p>Sabe quem pode tomar essa decis\u00e3o?<\/p>\n<p>\u00c9 voc\u00ea e somente voc\u00ea!<\/p>\n<p>N\u00e3o se engane!<\/p>\n<p>O que ela oferece \u00e9 s\u00f3 ilus\u00e3o.<\/p>\n<p>O mundo \u00e9 repleto de escolhas reais.<\/p>\n<p>Se forem prudentes, encontrar\u00e1 vida.<\/p>\n<p>Mas, se forem mal feitas, podem ser fatais.<\/p>\n<p><strong>3.<\/strong><strong>Ewelly Vitoria Galv\u00e3o da Silva\u00a0<\/strong><\/p>\n<p><strong>Autoafirma\u00e7\u00e3o<\/strong><br \/>\nAs drogas t\u00eam for\u00e7a<br \/>\nE poder de persuas\u00e3o.<br \/>\nAtraentes s\u00e3o seus caminhos<br \/>\nQue surgem como \u201c\u00f3tima\u201d op\u00e7\u00e3o&#8230;<\/p>\n<p>Elas destroem os sonhos,<br \/>\nDe quem n\u00e3o lhes diz n\u00e3o,<br \/>\nAparentam ser a melhor escolha,<br \/>\nMas conduzem a uma pris\u00e3o!<\/p>\n<p>Escolho meu destino,<br \/>\nUsando minha autonomia,<br \/>\nPreservando minha liberdade,<br \/>\nEscolho viver em harmonia.<\/p>\n<p>Digo n\u00e3o \u00e0s drogas.<br \/>\nA todo mal que podem causar,<br \/>\n\u00c0 aventura que a muitos empolga,<br \/>\nPrefiro a vida preservar.<\/p>\n<p>O caminho das drogas \u00e9 regresso.<br \/>\nRefuto o jugo da sua a\u00e7\u00e3o.<br \/>\nEscolho a trilha do progresso,<br \/>\nAmparada na educa\u00e7\u00e3o.<\/p>\n<p>&nbsp;<\/p>\n<p>&nbsp;<\/p>\n","protected":false},"excerpt":{"rendered":"<p>O Minist\u00e9rio P\u00fablico do Maranh\u00e3o, atrav\u00e9s do Centro de Apoio Operacional de Direitos Humanos (CAOP &#8211; DH), coordenado pela Promotora de Justi\u00e7a Cristiane Gomes Coelho Maia Lago, promoveu um Concurso de Poesia sobre o tema da campanha \u201cQuem escolhe o seu caminho? Voc\u00ea ou as drogas?\u201d, concurso este realizado em parceria com a Secretaria de &hellip; <a href=\"https:\/\/apps.mpma.mp.br\/campanha-contra-drogas\/2020\/06\/27\/vencedores-do-concurso-de-poesia-sobre-o-tema-da-campanha-quem-escolhe-o-seu-caminho-voce-ou-as-drogas\/\" class=\"more-link\">Continue lendo <span class=\"screen-reader-text\">Vencedores do Concurso de Poesia sobre o tema da campanha \u201cQuem escolhe o seu caminho? Voc\u00ea ou as drogas?<\/span> <span class=\"meta-nav\">&rarr;<\/span><\/a><\/p>\n","protected":false},"author":2,"featured_media":0,"comment_status":"open","ping_status":"open","sticky":false,"template":"","format":"standard","meta":[],"categories":[5],"tags":[7],"_links":{"self":[{"href":"https:\/\/apps.mpma.mp.br\/campanha-contra-drogas\/wp-json\/wp\/v2\/posts\/569"}],"collection":[{"href":"https:\/\/apps.mpma.mp.br\/campanha-contra-drogas\/wp-json\/wp\/v2\/posts"}],"about":[{"href":"https:\/\/apps.mpma.mp.br\/campanha-contra-drogas\/wp-json\/wp\/v2\/types\/post"}],"author":[{"embeddable":true,"href":"https:\/\/apps.mpma.mp.br\/campanha-contra-drogas\/wp-json\/wp\/v2\/users\/2"}],"replies":[{"embeddable":true,"href":"https:\/\/apps.mpma.mp.br\/campanha-contra-drogas\/wp-json\/wp\/v2\/comments?post=569"}],"version-history":[{"count":6,"href":"https:\/\/apps.mpma.mp.br\/campanha-contra-drogas\/wp-json\/wp\/v2\/posts\/569\/revisions"}],"predecessor-version":[{"id":576,"href":"https:\/\/apps.mpma.mp.br\/campanha-contra-drogas\/wp-json\/wp\/v2\/posts\/569\/revisions\/576"}],"wp:attachment":[{"href":"https:\/\/apps.mpma.mp.br\/campanha-contra-drogas\/wp-json\/wp\/v2\/media?parent=569"}],"wp:term":[{"taxonomy":"category","embeddable":true,"href":"https:\/\/apps.mpma.mp.br\/campanha-contra-drogas\/wp-json\/wp\/v2\/categories?post=569"},{"taxonomy":"post_tag","embeddable":true,"href":"https:\/\/apps.mpma.mp.br\/campanha-contra-drogas\/wp-json\/wp\/v2\/tags?post=569"}],"curies":[{"name":"wp","href":"https:\/\/api.w.org\/{rel}","templated":true}]}}