{"id":577,"date":"2020-07-01T21:02:24","date_gmt":"2020-07-02T00:02:24","guid":{"rendered":"http:\/\/apps.mpma.mp.br\/campanha-contra-drogas\/?p=577"},"modified":"2023-07-12T08:11:37","modified_gmt":"2023-07-12T11:11:37","slug":"premiacao-da-campanha-quem-escolhe-o-seu-caminho-voce-ou-as-drogas-e-realizada","status":"publish","type":"post","link":"https:\/\/apps.mpma.mp.br\/campanha-contra-drogas\/2020\/07\/01\/premiacao-da-campanha-quem-escolhe-o-seu-caminho-voce-ou-as-drogas-e-realizada\/","title":{"rendered":"Premia\u00e7\u00e3o da campanha \u201cQuem escolhe o seu caminho? Voc\u00ea ou as drogas?\u201d \u00e9 realizada"},"content":{"rendered":"<div class=\"geral\">\n<div id=\"area_meio\">\n<div id=\"centro\">\n<div id=\"content\">\n<div class=\"item-page\">\n<p style=\"text-align: justify;\"><img decoding=\"async\" loading=\"lazy\" class=\"aligncenter size-thumbnail wp-image-564\" src=\"http:\/\/apps.mpma.mp.br\/campanha-contra-drogas\/wp-content\/uploads\/2020\/06\/20200627_155244-250x250.jpg\" alt=\"20200627_155244\" width=\"250\" height=\"250\" \/><\/p>\n<\/div>\n<div class=\"item-page\">\n<div id='gallery-1' class='gallery galleryid-577 gallery-columns-3 gallery-size-thumbnail'><figure class='gallery-item'>\n\t\t\t<div class='gallery-icon landscape'>\n\t\t\t\t<a href='https:\/\/apps.mpma.mp.br\/campanha-contra-drogas\/2020\/07\/01\/premiacao-da-campanha-quem-escolhe-o-seu-caminho-voce-ou-as-drogas-e-realizada\/20200701_210651\/'><img width=\"250\" height=\"250\" src=\"https:\/\/apps.mpma.mp.br\/campanha-contra-drogas\/wp-content\/uploads\/2020\/07\/20200701_210651-250x250.jpg\" class=\"attachment-thumbnail size-thumbnail\" alt=\"\" decoding=\"async\" loading=\"lazy\" \/><\/a>\n\t\t\t<\/div><\/figure><figure class='gallery-item'>\n\t\t\t<div class='gallery-icon landscape'>\n\t\t\t\t<a href='https:\/\/apps.mpma.mp.br\/campanha-contra-drogas\/2020\/07\/01\/premiacao-da-campanha-quem-escolhe-o-seu-caminho-voce-ou-as-drogas-e-realizada\/20200630_124006\/'><img width=\"250\" height=\"250\" src=\"https:\/\/apps.mpma.mp.br\/campanha-contra-drogas\/wp-content\/uploads\/2020\/07\/20200630_124006-250x250.jpg\" class=\"attachment-thumbnail size-thumbnail\" alt=\"\" decoding=\"async\" loading=\"lazy\" \/><\/a>\n\t\t\t<\/div><\/figure><figure class='gallery-item'>\n\t\t\t<div class='gallery-icon landscape'>\n\t\t\t\t<a href='https:\/\/apps.mpma.mp.br\/campanha-contra-drogas\/2020\/07\/01\/premiacao-da-campanha-quem-escolhe-o-seu-caminho-voce-ou-as-drogas-e-realizada\/20200701_210743\/'><img width=\"250\" height=\"250\" src=\"https:\/\/apps.mpma.mp.br\/campanha-contra-drogas\/wp-content\/uploads\/2020\/07\/20200701_210743-250x250.jpg\" class=\"attachment-thumbnail size-thumbnail\" alt=\"\" decoding=\"async\" loading=\"lazy\" aria-describedby=\"gallery-1-580\" \/><\/a>\n\t\t\t<\/div>\n\t\t\t\t<figcaption class='wp-caption-text gallery-caption' id='gallery-1-580'>\n\t\t\t\tVencedores do Concurso de Poesia\n\t\t\t\t<\/figcaption><\/figure>\n\t\t<\/div>\n\n<hr \/>\n<p style=\"text-align: justify;\">Nesta ter\u00e7a-feira, 30, foi realizada, na sede da Procuradoria Geral de Justi\u00e7a, a premia\u00e7\u00e3o do concurso de poesia da campanha \u201cQuem escolhe o seu caminho? Voc\u00ea ou as drogas?\u201d, edi\u00e7\u00e3o 2020. Foram premiados os tr\u00eas primeiros lugares. Cada aluno vencedor recebeu como pr\u00eamio um notebook. Participaram da atividade estudantes de cinco escolas da rede estadual de ensino de S\u00e3o Lu\u00eds.<\/p>\n<p style=\"text-align: justify;\">Em primeiro lugar, ficou Mellyssa Gusm\u00e3o Mendes, 16, aluna do 2\u00ba ano do ensino m\u00e9dio do Centro de Ensino Vicente Maia, localizado no Anjo da Guarda, autora da poesia \u201cQuem escolhe o seu caminho? Voc\u00ea ou as drogas?\u201d. O segundo colocado foi\u00a0Breno Vin\u00edcius Sales Serra, 17, que cursa o 3\u00ba ano do ensino m\u00e9dio no Centro de Ensino Cidade Oper\u00e1ria II, no bairro hom\u00f4nimo, com o poema \u201cUma pessoa, dois caminhos\u201d.<\/p>\n<p style=\"text-align: justify;\">J\u00e1 a estudante Ewelly Vit\u00f3ria Galv\u00e3o da Silva, 16, aluna do 2\u00ba ano do ensino m\u00e9dio do Centro de Ensino C\u00f4nego Ribamar Carvalho, no bairro Cohab, foi contemplada em terceiro lugar pela autoria do poema \u201cAutoafirma\u00e7\u00e3o\u201d.<\/p>\n<p style=\"text-align: justify;\">Coordenou a solenidade de premia\u00e7\u00e3o, realizada na sala dos \u00d3rg\u00e3os Colegiados, a promotora de justi\u00e7a Cristiane Maia Lago, coordenadora do Centro de Apoio Operacional de Direitos Humanos (CAOp-DH), acompanhada do procurador-geral de justi\u00e7a, Eduardo Jorge Hiluy Nicolau, e do secret\u00e1rio de Estado da Educa\u00e7\u00e3o, Felipe Camar\u00e3o.<\/p>\n<p style=\"text-align: justify;\">Na ocasi\u00e3o, as autoridades entregaram os pr\u00eamios aos alunos vencedores e kits de livros sobre preven\u00e7\u00e3o \u00e0s drogas para representantes de todas as escolas que participaram do concurso: os centros de ensino Barjonas Lob\u00e3o (Cohatrac), Vicente Maia (Anjo da Guarda), Cidade Oper\u00e1ria II (Cidade Oper\u00e1ria), Sotero dos Reis (Centro) e C\u00f4nego Ribamar Carvalho (Cohab).<\/p>\n<p style=\"text-align: justify;\">Tamb\u00e9m acompanharam a entrega estudantes, pais, professores, gestores da \u00e1rea de educa\u00e7\u00e3o, al\u00e9m de membros e servidores do MPMA.<\/p>\n<p style=\"text-align: justify;\">Em seu discurso, o procurador-geral de justi\u00e7a, Eduardo Jorge Hiluy Nicolau, agradeceu a parceria e o trabalho desenvolvido pela Secretaria de Estado da Educa\u00e7\u00e3o e ressaltou as qualidades da campanha de preven\u00e7\u00e3o \u00e0s drogas, porque \u00e9 mais uma iniciativa que aproxima o Minist\u00e9rio P\u00fablico da sociedade. \u201cSem cultura e sem educa\u00e7\u00e3o a gente n\u00e3o chega a lugar nenhum, e a institui\u00e7\u00e3o tem que ficar cada vez mais pr\u00f3xima da sociedade, porque s\u00f3 assim compreenderemos o nosso papel fundamental que \u00e9 tomar conta do povo\u201d, afirmou.<\/p>\n<p style=\"text-align: justify;\">Idealizadora da campanha, a promotora de justi\u00e7a Cristiane Maia Lago reconheceu os apoios da administra\u00e7\u00e3o superior do MPMA e da Seduc, parabenizou os alunos, agradeceu gestores e professores, e declarou toda a sua satisfa\u00e7\u00e3o em realizar a premia\u00e7\u00e3o da campanha. \u201cN\u00f3s vamos premiar tr\u00eas alunos, autores de tr\u00eas lindas poesias. Por isso, ressalto que a escola \u00e9 um espa\u00e7o fundamental e simb\u00f3lico na vida do jovem estudante, porque a educa\u00e7\u00e3o \u00e9 um instrumento de liberta\u00e7\u00e3o\u201d.<\/p>\n<p style=\"text-align: justify;\">O secret\u00e1rio de Estado da Educa\u00e7\u00e3o, Felipe Camar\u00e3o, destacou o trabalho desenvolvido pelo Minist\u00e9rio P\u00fablico do Maranh\u00e3o e pela promotora de justi\u00e7a Cristiane Lago, como importantes parceiros da educa\u00e7\u00e3o no estado. \u201cNossas escolas s\u00e3o espa\u00e7os de cidadania. S\u00e3o espa\u00e7os democr\u00e1ticos, solid\u00e1rios e de afeto. Por isso, em um momento em que estamos afastados por conta da pandemia, realizar uma premia\u00e7\u00e3o como esta acalenta os nossos cora\u00e7\u00f5es\u201d, enfatizou.<\/p>\n<p style=\"text-align: justify;\">A campanha \u201cQuem escolhe o seu caminho? Voc\u00ea ou as drogas?\u201d foi promovida pelo Minist\u00e9rio P\u00fablico do Maranh\u00e3o, em parceria com a Seduc e com o F\u00f3rum Estadual de Pol\u00edticas sobre Drogas, sendo desenvolvida no per\u00edodo da Semana Estadual de Pol\u00edticas sobre Drogas. Por conta da pandemia do Covid-19, neste ano, as atividades do programa foram reduzidas.<\/p>\n<p style=\"text-align: justify;\"><strong>CONCURSO<\/strong><\/p>\n<p style=\"text-align: justify;\">Cada escola selecionou tr\u00eas poemas e encaminhou ao CAOp-DH, que, por sua vez, escolheu tr\u00eas produ\u00e7\u00f5es entre as 15 selecionadas. Foram analisados crit\u00e9rios como adequa\u00e7\u00e3o ao tema, originalidade e criatividade.<\/p>\n<p><strong>POEMA VENCEDOR<\/strong><strong>Quem escolhe o seu caminho? Voc\u00ea ou as drogas? &#8211;\u00a0Mellyssa Gusm\u00e3o Mendes<\/strong> \u00a0 Hoje eu vou falar de um tema, Que todos deveriam abordar, Onde v\u00e1rios sofrem deste problema, Mas n\u00e3o querem conversar, Estou falando das drogas, Que muitos n\u00e3o conseguem parar de usar. \u00a0 Est\u00e1 tirando de muitos o direito \u00e0 felicidade, \u00c0s vezes pedem ajuda, Mas n\u00e3o querem colaborar \u00a0 N\u00e3o tentem experimentar, Pois quando menos se esperar, Viciado voc\u00ea j\u00e1 poder\u00e1 estar \u00a0 Para finalizar a poesia, Eu aconselho ficar esperto, Diga n\u00e3o \u00e0s drogas, E siga caminho certo \u00a0 <strong>2\u00ba lugar<\/strong><strong>Uma pessoa, dois caminhos &#8211;\u00a0Breno Vin\u00edcius Sales Serra<\/strong> Era um mundo dos sonhos coloridos. Tudo era engra\u00e7ado. Nunca me sentia amea\u00e7ado, Mas l\u00e1 no fundo era dolorido. Parecia t\u00e3o encantador, a cor, o vigor, Mas, finalmente, acordei, Dei meia-volta e mudei. Recuperei sobre mim mesmo o amor. Sabe quem pode tomar essa decis\u00e3o? \u00c9 voc\u00ea e somente voc\u00ea! N\u00e3o se engane! O que ela oferece \u00e9 s\u00f3 ilus\u00e3o. O mundo \u00e9 repleto de escolhas reais. Se forem prudentes, encontrar\u00e1 vida. Mas, se forem mal feitas, podem ser fatais. <strong> 3\u00ba lugar Autoafirma\u00e7\u00e3o, de Ewelly Vit\u00f3ria Galv\u00e3o da Silva<\/strong> As drogas t\u00eam for\u00e7a E poder de persuas\u00e3o. Atraentes s\u00e3o seus caminhos Que surgem como \u201c\u00f3tima\u201d op\u00e7\u00e3o&#8230; Elas destroem os sonhos, De quem n\u00e3o lhes diz n\u00e3o, Aparentam ser a melhor escolha, Mas conduzem a uma pris\u00e3o! Escolho meu destino, Usando minha autonomia, Preservando minha liberdade, Escolho viver em harmonia. Digo n\u00e3o \u00e0s drogas. A todo mal que podem causar, \u00c0 aventura que a muitos empolga, Prefiro a vida preservar. O caminho das drogas \u00e9 regresso. Refuto o jugo da sua a\u00e7\u00e3o. Escolho a trilha do progresso, Amparada na educa\u00e7\u00e3o. <strong>Reda\u00e7\u00e3o:<\/strong>\u00a0Eduardo J\u00falio (CCOM-MPMA)<\/p>\n<p>&nbsp;<\/p>\n<div id='gallery-2' class='gallery galleryid-577 gallery-columns-3 gallery-size-thumbnail'><figure class='gallery-item'>\n\t\t\t<div class='gallery-icon landscape'>\n\t\t\t\t<a href='https:\/\/apps.mpma.mp.br\/campanha-contra-drogas\/2020\/07\/01\/premiacao-da-campanha-quem-escolhe-o-seu-caminho-voce-ou-as-drogas-e-realizada\/20200630_123318-2\/'><img width=\"250\" height=\"250\" src=\"https:\/\/apps.mpma.mp.br\/campanha-contra-drogas\/wp-content\/uploads\/2020\/07\/20200630_123318-1-250x250.jpg\" class=\"attachment-thumbnail size-thumbnail\" alt=\"\" decoding=\"async\" loading=\"lazy\" \/><\/a>\n\t\t\t<\/div><\/figure><figure class='gallery-item'>\n\t\t\t<div class='gallery-icon landscape'>\n\t\t\t\t<a href='https:\/\/apps.mpma.mp.br\/campanha-contra-drogas\/2020\/07\/01\/premiacao-da-campanha-quem-escolhe-o-seu-caminho-voce-ou-as-drogas-e-realizada\/20200630_123525-2\/'><img width=\"250\" height=\"250\" src=\"https:\/\/apps.mpma.mp.br\/campanha-contra-drogas\/wp-content\/uploads\/2020\/07\/20200630_123525-1-250x250.jpg\" class=\"attachment-thumbnail size-thumbnail\" alt=\"\" decoding=\"async\" loading=\"lazy\" \/><\/a>\n\t\t\t<\/div><\/figure><figure class='gallery-item'>\n\t\t\t<div class='gallery-icon landscape'>\n\t\t\t\t<a href='https:\/\/apps.mpma.mp.br\/campanha-contra-drogas\/2020\/07\/01\/premiacao-da-campanha-quem-escolhe-o-seu-caminho-voce-ou-as-drogas-e-realizada\/20200630_123431\/'><img width=\"250\" height=\"250\" src=\"https:\/\/apps.mpma.mp.br\/campanha-contra-drogas\/wp-content\/uploads\/2020\/07\/20200630_123431-250x250.jpg\" class=\"attachment-thumbnail size-thumbnail\" alt=\"\" decoding=\"async\" loading=\"lazy\" \/><\/a>\n\t\t\t<\/div><\/figure>\n\t\t<\/div>\n\n<\/div>\n<\/div>\n<\/div>\n<div id=\"noticias\" style=\"text-align: right;\">\n<div id='gallery-3' class='gallery galleryid-577 gallery-columns-3 gallery-size-thumbnail'><figure class='gallery-item'>\n\t\t\t<div class='gallery-icon landscape'>\n\t\t\t\t<a href='https:\/\/apps.mpma.mp.br\/campanha-contra-drogas\/2020\/07\/01\/premiacao-da-campanha-quem-escolhe-o-seu-caminho-voce-ou-as-drogas-e-realizada\/20200630_113833\/'><img width=\"250\" height=\"250\" src=\"https:\/\/apps.mpma.mp.br\/campanha-contra-drogas\/wp-content\/uploads\/2020\/07\/20200630_113833-250x250.jpg\" class=\"attachment-thumbnail size-thumbnail\" alt=\"\" decoding=\"async\" loading=\"lazy\" \/><\/a>\n\t\t\t<\/div><\/figure><figure class='gallery-item'>\n\t\t\t<div class='gallery-icon landscape'>\n\t\t\t\t<a href='https:\/\/apps.mpma.mp.br\/campanha-contra-drogas\/2020\/07\/01\/premiacao-da-campanha-quem-escolhe-o-seu-caminho-voce-ou-as-drogas-e-realizada\/20200630_121322\/'><img width=\"250\" height=\"250\" src=\"https:\/\/apps.mpma.mp.br\/campanha-contra-drogas\/wp-content\/uploads\/2020\/07\/20200630_121322-250x250.jpg\" class=\"attachment-thumbnail size-thumbnail\" alt=\"\" decoding=\"async\" loading=\"lazy\" \/><\/a>\n\t\t\t<\/div><\/figure><figure class='gallery-item'>\n\t\t\t<div class='gallery-icon landscape'>\n\t\t\t\t<a href='https:\/\/apps.mpma.mp.br\/campanha-contra-drogas\/2020\/07\/01\/premiacao-da-campanha-quem-escolhe-o-seu-caminho-voce-ou-as-drogas-e-realizada\/20200701_210651\/'><img width=\"250\" height=\"250\" src=\"https:\/\/apps.mpma.mp.br\/campanha-contra-drogas\/wp-content\/uploads\/2020\/07\/20200701_210651-250x250.jpg\" class=\"attachment-thumbnail size-thumbnail\" alt=\"\" decoding=\"async\" loading=\"lazy\" \/><\/a>\n\t\t\t<\/div><\/figure>\n\t\t<\/div>\n\n<\/div>\n<\/div>\n<div id=\"area_inferior\"><\/div>\n<\/div>\n<div id=\"menu_admin\"><\/div>\n","protected":false},"excerpt":{"rendered":"<p>Nesta ter\u00e7a-feira, 30, foi realizada, na sede da Procuradoria Geral de Justi\u00e7a, a premia\u00e7\u00e3o do concurso de poesia da campanha \u201cQuem escolhe o seu caminho? Voc\u00ea ou as drogas?\u201d, edi\u00e7\u00e3o 2020. Foram premiados os tr\u00eas primeiros lugares. Cada aluno vencedor recebeu como pr\u00eamio um notebook. Participaram da atividade estudantes de cinco escolas da rede estadual &hellip; <a href=\"https:\/\/apps.mpma.mp.br\/campanha-contra-drogas\/2020\/07\/01\/premiacao-da-campanha-quem-escolhe-o-seu-caminho-voce-ou-as-drogas-e-realizada\/\" class=\"more-link\">Continue lendo <span class=\"screen-reader-text\">Premia\u00e7\u00e3o da campanha \u201cQuem escolhe o seu caminho? Voc\u00ea ou as drogas?\u201d \u00e9 realizada<\/span> <span class=\"meta-nav\">&rarr;<\/span><\/a><\/p>\n","protected":false},"author":2,"featured_media":0,"comment_status":"open","ping_status":"open","sticky":false,"template":"","format":"standard","meta":[],"categories":[5],"tags":[7],"_links":{"self":[{"href":"https:\/\/apps.mpma.mp.br\/campanha-contra-drogas\/wp-json\/wp\/v2\/posts\/577"}],"collection":[{"href":"https:\/\/apps.mpma.mp.br\/campanha-contra-drogas\/wp-json\/wp\/v2\/posts"}],"about":[{"href":"https:\/\/apps.mpma.mp.br\/campanha-contra-drogas\/wp-json\/wp\/v2\/types\/post"}],"author":[{"embeddable":true,"href":"https:\/\/apps.mpma.mp.br\/campanha-contra-drogas\/wp-json\/wp\/v2\/users\/2"}],"replies":[{"embeddable":true,"href":"https:\/\/apps.mpma.mp.br\/campanha-contra-drogas\/wp-json\/wp\/v2\/comments?post=577"}],"version-history":[{"count":8,"href":"https:\/\/apps.mpma.mp.br\/campanha-contra-drogas\/wp-json\/wp\/v2\/posts\/577\/revisions"}],"predecessor-version":[{"id":598,"href":"https:\/\/apps.mpma.mp.br\/campanha-contra-drogas\/wp-json\/wp\/v2\/posts\/577\/revisions\/598"}],"wp:attachment":[{"href":"https:\/\/apps.mpma.mp.br\/campanha-contra-drogas\/wp-json\/wp\/v2\/media?parent=577"}],"wp:term":[{"taxonomy":"category","embeddable":true,"href":"https:\/\/apps.mpma.mp.br\/campanha-contra-drogas\/wp-json\/wp\/v2\/categories?post=577"},{"taxonomy":"post_tag","embeddable":true,"href":"https:\/\/apps.mpma.mp.br\/campanha-contra-drogas\/wp-json\/wp\/v2\/tags?post=577"}],"curies":[{"name":"wp","href":"https:\/\/api.w.org\/{rel}","templated":true}]}}