{"id":603,"date":"2021-03-29T13:28:03","date_gmt":"2021-03-29T16:28:03","guid":{"rendered":"http:\/\/apps.mpma.mp.br\/campanha-contra-drogas\/?p=603"},"modified":"2023-07-12T08:11:37","modified_gmt":"2023-07-12T11:11:37","slug":"realizacao-do-projeto-em-2020","status":"publish","type":"post","link":"https:\/\/apps.mpma.mp.br\/campanha-contra-drogas\/2021\/03\/29\/realizacao-do-projeto-em-2020\/","title":{"rendered":"REALIZA\u00c7\u00c3O DO PROJETO EM 2020"},"content":{"rendered":"<p style=\"text-align: justify;\">No\u00a0ano de 2020, devido ao cen\u00e1rio de forte crise sanit\u00e1ria representada pela pandemia da Covid-19, restaram inviabilizadas atividades presenciais em raz\u00e3o do isolamento social. No entanto, as escolas e demais institui\u00e7\u00f5es parceiras empenharam-se em viabilizar o alcance das informa\u00e7\u00f5es essenciais ao p\u00fablico alvo.<\/p>\n<p style=\"text-align: justify;\">As atividades realizadas nesse per\u00edodo foram:<\/p>\n<p style=\"text-align: justify;\">Em <strong>04\/02\/2020<\/strong> &#8211; Visita de grupo de estudantes das escolas Cam\u00e9lia Viveiros e UEB Rubem Almeida ao Centro Cultural e Art\u00edstico do MPMA. A visita fez parte da premia\u00e7\u00e3o aos alunos vencedores do Concurso de Desenho e Poesia do projeto \u201cQuem escolhe seu caminho? Voc\u00ea ou as drogas?\u201d no ano de 2019.<\/p>\n<p style=\"text-align: justify;\">Em <strong>22\/05\/2020 &#8211;<\/strong> Assinatura de Termo de Ajustamento de Conduta &#8211; TAC entre o Minist\u00e9rio P\u00fablico do Maranh\u00e3o, atrav\u00e9s do CAOP\/Direitos Humanos e da 4\u00aa Promotoria de Justi\u00e7a de Defesa da Educa\u00e7\u00e3o, e a Secretaria Estadual de Educa\u00e7\u00e3o \u2013 SEDUC com o objetivo de implantar projetos pedag\u00f3gicos de preven\u00e7\u00e3o ao uso de drogas nas institui\u00e7\u00f5es de ensino p\u00fablico e privado. Para tal objetivo, os professores devem ser capacitados continuamente e um semin\u00e1rio dever\u00e1 ser realizado pelo menos uma vez por ano em S\u00e3o Lu\u00eds para a discuss\u00e3o do tema.<\/p>\n<p style=\"text-align: justify;\"><img decoding=\"async\" loading=\"lazy\" class=\"alignnone size-medium wp-image-616\" src=\"http:\/\/apps.mpma.mp.br\/campanha-contra-drogas\/wp-content\/uploads\/2021\/03\/TAC-300x149.jpeg\" alt=\"tac\" width=\"300\" height=\"149\" srcset=\"https:\/\/apps.mpma.mp.br\/campanha-contra-drogas\/wp-content\/uploads\/2021\/03\/TAC-300x149.jpeg 300w, https:\/\/apps.mpma.mp.br\/campanha-contra-drogas\/wp-content\/uploads\/2021\/03\/TAC-768x381.jpeg 768w, https:\/\/apps.mpma.mp.br\/campanha-contra-drogas\/wp-content\/uploads\/2021\/03\/TAC-1024x508.jpeg 1024w, https:\/\/apps.mpma.mp.br\/campanha-contra-drogas\/wp-content\/uploads\/2021\/03\/TAC.jpeg 1280w\" sizes=\"(max-width: 300px) 100vw, 300px\" \/><\/p>\n<p style=\"text-align: justify;\">Em <strong>25\/06\/2020 &#8211; <\/strong>\u00a0Live \u2013 Debate sobre <em>Preven\u00e7\u00e3o \u00e0s Drogas e a Pandemia da Covid-19<\/em>. Palestrantes: Promotora de Justi\u00e7a Dra. Cristiane G. Coelho M. Lago; Graciela Feitosa, Psic\u00f3loga e Educadora Parental. A atividade fez parte da programa\u00e7\u00e3o da <em>Semana Estadual de Preven\u00e7\u00e3o \u00e0s Drogas<\/em>, promovida em parceria com o F\u00f3rum Estadual de Pol\u00edticas sobre Drogas. P\u00fablico-Alvo: estudantes.<\/p>\n<p style=\"text-align: justify;\">Em <strong>30\/06\/2020 &#8211;<\/strong> Premia\u00e7\u00e3o do <strong>Concurso de Desenho e de Poesia <\/strong>da Campanha \u201cQuem Escolhe o Seu Caminho? Voc\u00ea ou as Drogas?\u201d, realizado em parceria com a Secretaria Estadual de Educa\u00e7\u00e3o \u2013 SEDUC. P\u00fablico-Alvo: alunos do ensino m\u00e9dio das seguintes escolas da rede p\u00fablica estadual:<\/p>\n<p style=\"text-align: justify;\">Centros de Ensino Barjonas Lob\u00e3o (Cohatrac);<\/p>\n<p style=\"text-align: justify;\">Vicente Maia (Anjo da Guarda);<\/p>\n<p style=\"text-align: justify;\">Cidade Oper\u00e1ria II (Cidade Oper\u00e1ria);<\/p>\n<p style=\"text-align: justify;\">Sotero dos Reis (Centro);<\/p>\n<p style=\"text-align: justify;\">C\u00f4nego Ribamar Carvalho (Cohab).<\/p>\n<p style=\"text-align: justify;\">Os tr\u00eas alunos vencedores foram premiados com notebooks, e todas as\u00a0 escolas participantes receberam um kit de livros sobre preven\u00e7\u00e3o \u00e0s drogas para suas respectivas bibliotecas.<\/p>\n<p style=\"text-align: justify;\"><img decoding=\"async\" loading=\"lazy\" class=\"alignnone size-full wp-image-612\" src=\"http:\/\/apps.mpma.mp.br\/campanha-contra-drogas\/wp-content\/uploads\/2021\/03\/concurso-de-poesia-4-2.jpg\" alt=\"concurso-de-poesia-4\" width=\"250\" height=\"250\" \/> <img decoding=\"async\" loading=\"lazy\" class=\"alignnone size-medium wp-image-613\" src=\"http:\/\/apps.mpma.mp.br\/campanha-contra-drogas\/wp-content\/uploads\/2021\/03\/concurso-de-poesia-3-2.jpg\" alt=\"concurso-de-poesia-3\" width=\"250\" height=\"250\" \/> <img decoding=\"async\" loading=\"lazy\" class=\"alignnone size-medium wp-image-614\" src=\"http:\/\/apps.mpma.mp.br\/campanha-contra-drogas\/wp-content\/uploads\/2021\/03\/concurso-de-poesia-2-2.jpg\" alt=\"concurso-de-poesia-2\" width=\"250\" height=\"250\" \/> <img decoding=\"async\" loading=\"lazy\" class=\"alignnone size-medium wp-image-615\" src=\"http:\/\/apps.mpma.mp.br\/campanha-contra-drogas\/wp-content\/uploads\/2021\/03\/concurso-de-poesia-1-300x225.jpg\" alt=\"concurso-de-poesia\" width=\"300\" height=\"225\" srcset=\"https:\/\/apps.mpma.mp.br\/campanha-contra-drogas\/wp-content\/uploads\/2021\/03\/concurso-de-poesia-1-300x225.jpg 300w, https:\/\/apps.mpma.mp.br\/campanha-contra-drogas\/wp-content\/uploads\/2021\/03\/concurso-de-poesia-1-768x576.jpg 768w, https:\/\/apps.mpma.mp.br\/campanha-contra-drogas\/wp-content\/uploads\/2021\/03\/concurso-de-poesia-1.jpg 1024w\" sizes=\"(max-width: 300px) 100vw, 300px\" \/><\/p>\n<p style=\"text-align: justify;\">\n<p style=\"text-align: justify;\">\n<p style=\"text-align: justify;\"><strong>\u00a0<\/strong><\/p>\n","protected":false},"excerpt":{"rendered":"<p>No\u00a0ano de 2020, devido ao cen\u00e1rio de forte crise sanit\u00e1ria representada pela pandemia da Covid-19, restaram inviabilizadas atividades presenciais em raz\u00e3o do isolamento social. No entanto, as escolas e demais institui\u00e7\u00f5es parceiras empenharam-se em viabilizar o alcance das informa\u00e7\u00f5es essenciais ao p\u00fablico alvo. As atividades realizadas nesse per\u00edodo foram: Em 04\/02\/2020 &#8211; Visita de grupo &hellip; <a href=\"https:\/\/apps.mpma.mp.br\/campanha-contra-drogas\/2021\/03\/29\/realizacao-do-projeto-em-2020\/\" class=\"more-link\">Continue lendo <span class=\"screen-reader-text\">REALIZA\u00c7\u00c3O DO PROJETO EM 2020<\/span> <span class=\"meta-nav\">&rarr;<\/span><\/a><\/p>\n","protected":false},"author":7,"featured_media":0,"comment_status":"open","ping_status":"open","sticky":false,"template":"","format":"standard","meta":[],"categories":[5],"tags":[7],"_links":{"self":[{"href":"https:\/\/apps.mpma.mp.br\/campanha-contra-drogas\/wp-json\/wp\/v2\/posts\/603"}],"collection":[{"href":"https:\/\/apps.mpma.mp.br\/campanha-contra-drogas\/wp-json\/wp\/v2\/posts"}],"about":[{"href":"https:\/\/apps.mpma.mp.br\/campanha-contra-drogas\/wp-json\/wp\/v2\/types\/post"}],"author":[{"embeddable":true,"href":"https:\/\/apps.mpma.mp.br\/campanha-contra-drogas\/wp-json\/wp\/v2\/users\/7"}],"replies":[{"embeddable":true,"href":"https:\/\/apps.mpma.mp.br\/campanha-contra-drogas\/wp-json\/wp\/v2\/comments?post=603"}],"version-history":[{"count":3,"href":"https:\/\/apps.mpma.mp.br\/campanha-contra-drogas\/wp-json\/wp\/v2\/posts\/603\/revisions"}],"predecessor-version":[{"id":620,"href":"https:\/\/apps.mpma.mp.br\/campanha-contra-drogas\/wp-json\/wp\/v2\/posts\/603\/revisions\/620"}],"wp:attachment":[{"href":"https:\/\/apps.mpma.mp.br\/campanha-contra-drogas\/wp-json\/wp\/v2\/media?parent=603"}],"wp:term":[{"taxonomy":"category","embeddable":true,"href":"https:\/\/apps.mpma.mp.br\/campanha-contra-drogas\/wp-json\/wp\/v2\/categories?post=603"},{"taxonomy":"post_tag","embeddable":true,"href":"https:\/\/apps.mpma.mp.br\/campanha-contra-drogas\/wp-json\/wp\/v2\/tags?post=603"}],"curies":[{"name":"wp","href":"https:\/\/api.w.org\/{rel}","templated":true}]}}