{"id":62,"date":"2016-10-05T10:26:53","date_gmt":"2016-10-05T13:26:53","guid":{"rendered":"http:\/\/apps.mpma.mp.br\/campanha-contra-drogas\/?p=62"},"modified":"2023-07-12T08:11:40","modified_gmt":"2023-07-12T11:11:40","slug":"realizacao-da-campanha-no-municipio-de-acailandiama","status":"publish","type":"post","link":"https:\/\/apps.mpma.mp.br\/campanha-contra-drogas\/2016\/10\/05\/realizacao-da-campanha-no-municipio-de-acailandiama\/","title":{"rendered":"Realiza\u00e7\u00e3o da campanha no Munic\u00edpio de A\u00e7ail\u00e2ndia\/MA"},"content":{"rendered":"<p><strong>CAMPANHA DO MINIST\u00c9RIO P\u00daBLICO DO MARANH\u00c3O &#8211;\u00a0A\u00c7AIL\u00c2NDIA\/MA.<\/strong><\/p>\n<p>\u201cQUEM ESCOLHE SEU CAMINHO? VOC\u00ca OU AS DROGAS?\u201d<\/p>\n<p>Em A\u00e7ail\u00e2ndia, a campanha teve in\u00edcio em 05 de novembro 2015, com audi\u00eancia p\u00fablica em que reuniu os parceiros: URE \u2013 Unidade Regional de Educa\u00e7\u00e3o, Secretaria Municipal de Educa\u00e7\u00e3o, Bom Samaritano e OAB\/A\u00c7AIL\u00c2NDIA.<\/p>\n<p>At\u00e9 a data de 14 de dezembro de 2015 foram proferidas 16 ( dezesseis) palestras, cerca de 3.000 estudantes participaram do concurso de reda\u00e7\u00e3o e poesia. A campanha consiste na participa\u00e7\u00e3o dos alunos da rede p\u00fablica de ensino, depois da exposi\u00e7\u00e3o dos slides \u00e9 feita uma apresenta\u00e7\u00e3o de um ex viciado em drogas, pertencente ao grupo do Bom Samaritano, em que \u00e9 partilhada a experi\u00eancia vivida pelos ex dependentes qu\u00edmicos.<\/p>\n<p>Em 2016, abrangeu-se as escolas particulares e tamb\u00e9m a \u00e1rea rural. Incluiu-se no edital tamb\u00e9m o concurso de poesia. Dois termos de A\u00e7ail\u00e2ndia participaram da campanha: Cidel\u00e2ndia e S\u00e3o Francisco do Brej\u00e3o. De mar\u00e7o\/16 a setembro\/16 foram proferidas 18(dezoito) palestras, de acordo com o cronograma abaixo. Contamos com a colabora\u00e7\u00e3o de 04 ( quatro) promotores de justi\u00e7a de A\u00e7ail\u00e2ndia, 04 (quatro) ju\u00edzes, 04 (quatro) defensores p\u00fablicos, diversos advogados e um professor. Tivemos a participa\u00e7\u00e3o em algumas palestras da quadrilha Matutos do Rei.<\/p>\n<p>Tamb\u00e9m firmamos parceria com a Unidade Prisional de Ressocializa\u00e7\u00e3o \u2013 UPR. Uma vez por m\u00eas, os alunos das escolas participantes da campanha visitaram o pres\u00eddio de A\u00e7ail\u00e2ndia. Na oportunidade, um interno profere um depoimento pessoal, explicando os motivos de ter entrado no mundo do crime em raz\u00e3o das drogas. Para esse apenado \u00e9 concedido remi\u00e7\u00e3o de pena em troca da palestra e para os alunos mais uma experi\u00eancia \u00e9 repassada.<\/p>\n<p>A campanha continuar\u00e1, sem data para terminar. At\u00e9 final de outubro, j\u00e1 constam mais 04 (quatro) escolas a serem visitas, incluindo 02 ( dois) povoados rurais. Tamb\u00e9m est\u00e1 previsto ainda para esse ano, a implanta\u00e7\u00e3o do Conselho escolar antidrogas. Ser\u00e1 realizada uma audi\u00eancia p\u00fablica com pais, professores e diretores na inten\u00e7\u00e3o de montar conselhos permanentes e vigilantes antidrogas em cada escola p\u00fablica.<\/p>\n<p>DATA &#8211;\u00a005\/11\/15<br \/>\nLOCAL &#8211;\u00a0Esc. Munic Joviana<br \/>\nPALESTRANTE &#8211;\u00a0 Dra. Cristiane Lago<br \/>\nINSTITUI\u00c7\u00c3O &#8211; Promotora de Justi\u00e7a &#8211; MP\/MA<br \/>\nQuantidade de Alunos &#8211;\u00a0300<\/p>\n<p>DATA &#8211; 11\/11\/15<br \/>\nLOCAL &#8211; Esc. Jos\u00e9 Ces\u00e1rio<br \/>\nPALESTRANTE &#8211; Let\u00edcia Freire<br \/>\nINSTITUI\u00c7\u00c3O &#8211; Promotora de Justi\u00e7a &#8211; MP\/MA<br \/>\nQuantidade de Alunos &#8211; 250<br \/>\nDATA &#8211; 12\/11\/15<br \/>\nLOCAL &#8211; Esc. Jurgleide<br \/>\nPALESTRANTE &#8211; Dr. William Kennedy<br \/>\nINSTITUI\u00c7\u00c3O &#8211; Advogado &#8211; OAB\/A\u00c7AIL\u00c2NDIA<br \/>\nQuantidade de Alunos &#8211; 250<br \/>\nDATA &#8211; 13\/11\/15<br \/>\nLOCAL &#8211; IFMA<br \/>\nPALESTRANTE &#8211; Dra. Sandra F. Garcia<br \/>\nINSTITUI\u00c7\u00c3O &#8211; Promotora de Justi\u00e7a &#8211; MP\/MA<br \/>\nQuantidade de Alunos &#8211; 400<br \/>\nDATA &#8211; 18\/11\/15<br \/>\nLOCAL &#8211; Esc. Edilson Cavalcante<br \/>\nPALESTRANTE &#8211; Dr. Braga<br \/>\nINSTITUI\u00c7\u00c3O &#8211; Advogado &#8211; OAB\/A\u00c7AIL\u00c2NDIA<br \/>\nQuantidade de Alunos &#8211; 200<br \/>\nDATA &#8211; 19\/11\/15<br \/>\nLOCAL &#8211; Esc. Carlos Beckman<br \/>\nPALESTRANTE &#8211; Dr. Pedro Guimar\u00e3es<br \/>\nINSTITUI\u00c7\u00c3O &#8211; Juiz de Direito<br \/>\nQuantidade de Alunos &#8211; 400<br \/>\nDATA &#8211; 20\/11\/15<br \/>\nLOCAL &#8211; Esc. Simone Macieira<br \/>\nPALESTRANTE &#8211; Dra. Sandra F. Garcia<br \/>\nINSTITUI\u00c7\u00c3O &#8211; Promotora de Justi\u00e7a &#8211; MP\/MA<br \/>\nQuantidade de Alunos &#8211; 300<br \/>\nDATA &#8211; 25\/11\/15 \u00e0s 9h<br \/>\nLOCAL &#8211; Unid. Prisional de A\u00e7ail\u00e3ndia-UPR<br \/>\nPALESTRANTE &#8211; Dra. Sandra F. Garcia<br \/>\nINSTITUI\u00c7\u00c3O &#8211; Promotora de Justi\u00e7a &#8211; MP\/MA<br \/>\nQuantidade de Alunos &#8211; 50<br \/>\nDATA &#8211; 25\/11\/15 \u00e0s 14h<br \/>\nLOCAL &#8211; Esc. Mary Dalva<br \/>\nPALESTRANTE &#8211; Dra. Glauce Malheiros<br \/>\nINSTITUI\u00c7\u00c3O &#8211;\u00a0Promotora de Justi\u00e7a &#8211; MP\/MA<br \/>\nQuantidade de Alunos &#8211; 250<br \/>\nDATA &#8211; 26\/11\/15<br \/>\nLOCAL &#8211; Esc. Ant\u00f4nio Galleti<br \/>\nPALESTRANTE &#8211; Dr. Gleudson Malheiros<br \/>\nINSTITUI\u00c7\u00c3O &#8211; Promotor de Justi\u00e7a &#8211; MP\/MA<br \/>\nQuantidade de Alunos &#8211; 400<br \/>\nDATA &#8211; 27\/11\/15<br \/>\nLOCAL &#8211; Esc. Fernando Rodrigues<br \/>\nPALESTRANTE &#8211; Dra. Sandra F. Garcia<br \/>\nINSTITUI\u00c7\u00c3O &#8211; Promotora de Justi\u00e7a &#8211; MP\/MA<br \/>\nQuantidade de Alunos &#8211; 250<\/p>\n<p>DATA &#8211; 30\/11\/15<br \/>\nLOCAL &#8211; Visita aos alunos da UPR<br \/>\nPALESTRANTE &#8211; Dra. Sandra F. Garcia<br \/>\nINSTITUI\u00c7\u00c3O &#8211; Promotora de Justi\u00e7a &#8211; MP\/MA<br \/>\nQuantidade de Alunos &#8211;\u00a030<br \/>\nDATA &#8211; 01\/12\/15<br \/>\nLOCAL &#8211; IFMA<br \/>\nPALESTRANTE &#8211; Dr. Pedro Ulysses<br \/>\nINSTITUI\u00c7\u00c3O &#8211; Advogado &#8211; OAB\/A\u00c7AIL\u00c2NDIA<br \/>\nQuantidade de Alunos &#8211; 200<br \/>\nDATA &#8211; 02\/12\/15<br \/>\nLOCAL &#8211; Esc. T\u00e2nia Leite<br \/>\nPALESTRANTE &#8211; Dr. \u00a0Genilson Rodrigues<br \/>\nINSTITUI\u00c7\u00c3O &#8211; Advogado &#8211; OAB\/A\u00c7AIL\u00c2NDIA<br \/>\nQuantidade de Alunos &#8211; 250<\/p>\n<p>DATA &#8211; 03\/12\/15<br \/>\nLOCAL &#8211; Telefe Sampaio<br \/>\nPALESTRANTE &#8211; Thony Elsem &#8211;\u00a0Professor<br \/>\nQuantidade de Alunos &#8211; 250<br \/>\nDATA &#8211; 4\/12\/15<br \/>\nLOCAL &#8211; Ant\u00f4nio Oliveira Campos<br \/>\nPALESTRANTE &#8211; Dra. Manuela Correia e Dr. Cleuber Jr.<br \/>\nINSTITUI\u00c7\u00c3O &#8211; Defensores P\u00fablicos do Estado\/A\u00c7AIL\u00c2NDIA<br \/>\nQuantidade de Alunos &#8211; 200<\/p>\n<p>DATA &#8211; 04\/12\/15<br \/>\nLOCAL &#8211; IFMA<br \/>\nPALESTRANTE &#8211; Dr. \u00a0Braga<br \/>\nINSTITUI\u00c7\u00c3O &#8211; Advogado &#8211; OAB\/A\u00c7AIL\u00c2NDIA<br \/>\nQuantidade de Alunos &#8211; 400<br \/>\nDATA &#8211; 10\/03\/16<br \/>\nLOCAL &#8211; SINTRASSEMA\/A\u00c7AIL\u00c2NDIA<br \/>\nPALESTRANTE &#8211; Dra. Sandra F. Garcia<br \/>\nINSTITUI\u00c7\u00c3O &#8211; Promotora de Justi\u00e7a &#8211; MP\/MA<br \/>\nQuantidade de Alunos &#8211;\u00a0300<br \/>\nDATA &#8211; 11\/03\/16<br \/>\nLOCAL &#8211; Esc. Jo\u00e3o Paulo II- Carrocel<br \/>\nPALESTRANTE &#8211; Dr. Thiago Fillipini<br \/>\nINSTITUI\u00c7\u00c3O &#8211; Delegado de Pol\u00edcia Civil\/A\u00c7AIL\u00c2NDIA<br \/>\nQuantidade de Alunos &#8211; 250<br \/>\nDATA &#8211; 28\/03\/16<br \/>\nLOCAL &#8211; Esc. Louren\u00e7o Galleti<br \/>\nPALESTRANTE &#8211; Dra.\u00a0Manuela Farias<br \/>\nINSTITUI\u00c7\u00c3O &#8211; Ju\u00edza de Direito<br \/>\nQuantidade de Alunos &#8211; 160<br \/>\nDATA &#8211; 13\/04\/16<br \/>\nLOCAL &#8211; Esc. Julieta Quintal<br \/>\nPALESTRANTE &#8211; Dr. \u00a0Braga<br \/>\nINSTITUI\u00c7\u00c3O &#8211; Advogado &#8211; OAB\/A\u00c7AIL\u00c2NDIA<br \/>\nQuantidade de Alunos &#8211; 250<br \/>\nDATA &#8211; 20\/04\/16<br \/>\nLOCAL &#8211; Inst.\u00a0ADONAI<br \/>\nPALESTRANTE &#8211; Dra. Sylvianne Ten\u00f3rio<br \/>\nINSTITUI\u00c7\u00c3O &#8211; Delegada de Pol\u00edcia Civil\/A\u00c7AIL\u00c2NDIA<br \/>\nQuantidade de Alunos &#8211; 250<br \/>\nDATA &#8211; 21\/04\/16<br \/>\nLOCAL &#8211; Esc. Kiola Sarney<br \/>\nPALESTRANTE &#8211; Dra.\u00a0Dayna Tajra<br \/>\nINSTITUI\u00c7\u00c3O &#8211; Ju\u00edza de Direito<br \/>\nQuantidade de Alunos &#8211; 300<br \/>\nDATA &#8211; 28\/04\/16<br \/>\nLOCAL &#8211; Esc. Jos\u00e9 Ces\u00e1rio<br \/>\nPALESTRANTE &#8211; Dra. Ad\u00e9lia<br \/>\nINSTITUI\u00c7\u00c3O &#8211; Advogada &#8211; OAB\/A\u00c7AIL\u00c2NDIA<br \/>\nQuantidade de Alunos &#8211; 200<br \/>\nDATA &#8211; 29\/04\/16<br \/>\nLOCAL &#8211; Esc. Tobias Barreto &#8211; Localiza-se no munic\u00edpio de S\u00e3o Francisco do Brej\u00e3o\/MA.<br \/>\nPALESTRANTE &#8211; Dra. Sandra F. Garcia<br \/>\nINSTITUI\u00c7\u00c3O &#8211; Promotora de Justi\u00e7a &#8211; MP\/MA<br \/>\nQuantidade de Alunos &#8211;\u00a0300<br \/>\nDATA &#8211; 19\/05\/16<br \/>\nLOCAL &#8211; Esc. Sara Kubscheck<br \/>\nPALESTRANTE &#8211; Thony Elsem &#8211;\u00a0Professor<br \/>\nQuantidade de Alunos &#8211; 250<br \/>\nDATA &#8211; 30\/05\/16<br \/>\nLOCAL &#8211; Centro de Ensino Divino Mestre<br \/>\nPALESTRANTE &#8211; Dra. Sandra F. Garcia<br \/>\nINSTITUI\u00c7\u00c3O &#8211; Promotora de Justi\u00e7a &#8211; MP\/MA<br \/>\nQuantidade de Alunos &#8211; 200<br \/>\nDATA &#8211; 31\/05\/16<br \/>\nLOCAL &#8211; Esc. Julieta Quintal<br \/>\nPALESTRANTE &#8211; Dra. Ad\u00e9lia<br \/>\nINSTITUI\u00c7\u00c3O &#8211; Advogada &#8211; OAB\/A\u00c7AIL\u00c2NDIA<br \/>\nQuantidade de Alunos &#8211; 250<br \/>\nDATA &#8211; 02\/06\/16<br \/>\nLOCAL &#8211; Inst. Dom Marcelino<br \/>\nPALESTRANTE &#8211; Dra.\u00a0Eny Martins<br \/>\nINSTITUI\u00c7\u00c3O &#8211; Advogada &#8211; OAB\/A\u00c7AIL\u00c2NDIA<br \/>\nQuantidade de Alunos &#8211; 250<br \/>\nDATA &#8211; 03\/06\/16<br \/>\nLOCAL &#8211; Esc. Isaura Amorim- Cidel\u00e2ndia\/MA<br \/>\nPALESTRANTE &#8211; Dra. Sandra F. Garcia<br \/>\nINSTITUI\u00c7\u00c3O &#8211; Promotora de Justi\u00e7a &#8211; MP\/MA<br \/>\nQuantidade de Alunos &#8211; 400<br \/>\nDATA &#8211; 08\/06\/16<br \/>\nLOCAL &#8211; Esc. Eduardo Pereira &#8211; Pequi\u00e1<br \/>\nPALESTRANTE &#8211; Dr.\u00a0Carlos Eduardo<br \/>\nINSTITUI\u00c7\u00c3O &#8211; Juiz de Direito do Trabalho<br \/>\nQuantidade de Alunos &#8211; 250<br \/>\nDATA &#8211; 10\/06\/16<br \/>\nLOCAL &#8211; Inst. Ebenezer<br \/>\nPALESTRANTE &#8211; Dr. \u00a0Braga<br \/>\nINSTITUI\u00c7\u00c3O &#8211; Advogado &#8211; OAB\/A\u00c7AIL\u00c2NDIA<br \/>\nQuantidade de Alunos &#8211; 200<br \/>\nDATA &#8211; 22\/08\/16<br \/>\nLOCAL &#8211; Esc. Ant\u00f4nio de Assis &#8211; Assentamento Calif\u00f3rnia<br \/>\nPALESTRANTE &#8211; Dra. Sandra F. Garcia<br \/>\nINSTITUI\u00c7\u00c3O &#8211; Promotora de Justi\u00e7a &#8211; MP\/MA<br \/>\nQuantidade de Alunos &#8211; 300<br \/>\nDATA &#8211; 29\/08\/16<br \/>\nLOCAL &#8211; \u00a0Esc. T\u00e2nia Leite<br \/>\nPALESTRANTE &#8211; Dr.\u00a0Rodrigo Calejon e \u00a0Dra. Ana J\u00falia<br \/>\nINSTITUI\u00c7\u00c3O &#8211; Defensores P\u00fablicos do Estadado\/A\u00c7AIL\u00c2NDIA<br \/>\nQuantidade de Alunos &#8211; 300<\/p>\n<p>DATA &#8211; 05\/09\/16<br \/>\nLOCAL &#8211; Esc. Baisini<br \/>\nPALESTRANTE &#8211; Dra. Sandra F. Garcia<br \/>\nINSTITUI\u00c7\u00c3O &#8211; Promotora de Justi\u00e7a &#8211; MP\/MA<br \/>\nQuantidade de Alunos &#8211; 200<br \/>\nDATA &#8211; 12\/09\/16<br \/>\nLOCAL &#8211; Esc. Jesus de Nazar\u00e9<br \/>\nPALESTRANTE &#8211; Dra. Sandra F. Garcia<br \/>\nINSTITUI\u00c7\u00c3O &#8211; Promotora de Justi\u00e7a &#8211; MP\/MA<br \/>\nQuantidade de Alunos &#8211; 250<br \/>\nTotal: 36 lugares visitados. Total alunos participantes da campanha at\u00e9 a data de hoje, aproximadamente: 9240 (nove mil, duzentos e quarenta) .<\/p>\n<p>No nosso cronograma, existem ainda at\u00e9 final de out\/16, mais 04 escolas ser\u00e3o visitadas, cada uma ter\u00e1 cerca de 250 participantes.<\/p>\n<div id='gallery-1' class='gallery galleryid-62 gallery-columns-3 gallery-size-thumbnail'><figure class='gallery-item'>\n\t\t\t<div class='gallery-icon landscape'>\n\t\t\t\t<a href='https:\/\/apps.mpma.mp.br\/campanha-contra-drogas\/2016\/10\/05\/realizacao-da-campanha-no-municipio-de-acailandiama\/img_0677\/'><img width=\"150\" height=\"150\" src=\"https:\/\/apps.mpma.mp.br\/campanha-contra-drogas\/wp-content\/uploads\/2016\/10\/IMG_0677-150x150.jpg\" class=\"attachment-thumbnail size-thumbnail\" alt=\"\" decoding=\"async\" loading=\"lazy\" \/><\/a>\n\t\t\t<\/div><\/figure><figure class='gallery-item'>\n\t\t\t<div class='gallery-icon landscape'>\n\t\t\t\t<a href='https:\/\/apps.mpma.mp.br\/campanha-contra-drogas\/2016\/10\/05\/realizacao-da-campanha-no-municipio-de-acailandiama\/img_0683\/'><img width=\"150\" height=\"150\" src=\"https:\/\/apps.mpma.mp.br\/campanha-contra-drogas\/wp-content\/uploads\/2016\/10\/IMG_0683-150x150.jpg\" class=\"attachment-thumbnail size-thumbnail\" alt=\"\" decoding=\"async\" loading=\"lazy\" \/><\/a>\n\t\t\t<\/div><\/figure><figure class='gallery-item'>\n\t\t\t<div class='gallery-icon landscape'>\n\t\t\t\t<a href='https:\/\/apps.mpma.mp.br\/campanha-contra-drogas\/2016\/10\/05\/realizacao-da-campanha-no-municipio-de-acailandiama\/img_0680\/'><img width=\"150\" height=\"150\" src=\"https:\/\/apps.mpma.mp.br\/campanha-contra-drogas\/wp-content\/uploads\/2016\/10\/IMG_0680-150x150.jpg\" class=\"attachment-thumbnail size-thumbnail\" alt=\"\" decoding=\"async\" loading=\"lazy\" \/><\/a>\n\t\t\t<\/div><\/figure><figure class='gallery-item'>\n\t\t\t<div class='gallery-icon landscape'>\n\t\t\t\t<a href='https:\/\/apps.mpma.mp.br\/campanha-contra-drogas\/2016\/10\/05\/realizacao-da-campanha-no-municipio-de-acailandiama\/img_0676\/'><img width=\"150\" height=\"150\" src=\"https:\/\/apps.mpma.mp.br\/campanha-contra-drogas\/wp-content\/uploads\/2016\/10\/IMG_0676-150x150.jpg\" class=\"attachment-thumbnail size-thumbnail\" alt=\"\" decoding=\"async\" loading=\"lazy\" \/><\/a>\n\t\t\t<\/div><\/figure><figure class='gallery-item'>\n\t\t\t<div class='gallery-icon landscape'>\n\t\t\t\t<a href='https:\/\/apps.mpma.mp.br\/campanha-contra-drogas\/2016\/10\/05\/realizacao-da-campanha-no-municipio-de-acailandiama\/img_0674\/'><img width=\"150\" height=\"150\" src=\"https:\/\/apps.mpma.mp.br\/campanha-contra-drogas\/wp-content\/uploads\/2016\/10\/IMG_0674-150x150.jpg\" class=\"attachment-thumbnail size-thumbnail\" alt=\"\" decoding=\"async\" loading=\"lazy\" \/><\/a>\n\t\t\t<\/div><\/figure><figure class='gallery-item'>\n\t\t\t<div class='gallery-icon landscape'>\n\t\t\t\t<a href='https:\/\/apps.mpma.mp.br\/campanha-contra-drogas\/2016\/10\/05\/realizacao-da-campanha-no-municipio-de-acailandiama\/20160610_115531\/'><img width=\"150\" height=\"150\" src=\"https:\/\/apps.mpma.mp.br\/campanha-contra-drogas\/wp-content\/uploads\/2016\/10\/20160610_115531-150x150.jpg\" class=\"attachment-thumbnail size-thumbnail\" alt=\"\" decoding=\"async\" loading=\"lazy\" \/><\/a>\n\t\t\t<\/div><\/figure><figure class='gallery-item'>\n\t\t\t<div class='gallery-icon landscape'>\n\t\t\t\t<a href='https:\/\/apps.mpma.mp.br\/campanha-contra-drogas\/2016\/10\/05\/realizacao-da-campanha-no-municipio-de-acailandiama\/20160429_104230\/'><img width=\"150\" height=\"150\" src=\"https:\/\/apps.mpma.mp.br\/campanha-contra-drogas\/wp-content\/uploads\/2016\/10\/20160429_104230-150x150.jpg\" class=\"attachment-thumbnail size-thumbnail\" alt=\"\" decoding=\"async\" loading=\"lazy\" \/><\/a>\n\t\t\t<\/div><\/figure><figure class='gallery-item'>\n\t\t\t<div class='gallery-icon landscape'>\n\t\t\t\t<a href='https:\/\/apps.mpma.mp.br\/campanha-contra-drogas\/2016\/10\/05\/realizacao-da-campanha-no-municipio-de-acailandiama\/20160429_104249\/'><img width=\"150\" height=\"150\" src=\"https:\/\/apps.mpma.mp.br\/campanha-contra-drogas\/wp-content\/uploads\/2016\/10\/20160429_104249-150x150.jpg\" class=\"attachment-thumbnail size-thumbnail\" alt=\"\" decoding=\"async\" loading=\"lazy\" \/><\/a>\n\t\t\t<\/div><\/figure><figure class='gallery-item'>\n\t\t\t<div class='gallery-icon landscape'>\n\t\t\t\t<a href='https:\/\/apps.mpma.mp.br\/campanha-contra-drogas\/2016\/10\/05\/realizacao-da-campanha-no-municipio-de-acailandiama\/20160602_102537\/'><img width=\"150\" height=\"150\" src=\"https:\/\/apps.mpma.mp.br\/campanha-contra-drogas\/wp-content\/uploads\/2016\/10\/20160602_102537-150x150.jpg\" class=\"attachment-thumbnail size-thumbnail\" alt=\"\" decoding=\"async\" loading=\"lazy\" \/><\/a>\n\t\t\t<\/div><\/figure><figure class='gallery-item'>\n\t\t\t<div class='gallery-icon landscape'>\n\t\t\t\t<a href='https:\/\/apps.mpma.mp.br\/campanha-contra-drogas\/2016\/10\/05\/realizacao-da-campanha-no-municipio-de-acailandiama\/20160602_102640\/'><img width=\"150\" height=\"150\" src=\"https:\/\/apps.mpma.mp.br\/campanha-contra-drogas\/wp-content\/uploads\/2016\/10\/20160602_102640-150x150.jpg\" class=\"attachment-thumbnail size-thumbnail\" alt=\"\" decoding=\"async\" loading=\"lazy\" \/><\/a>\n\t\t\t<\/div><\/figure><figure class='gallery-item'>\n\t\t\t<div class='gallery-icon landscape'>\n\t\t\t\t<a href='https:\/\/apps.mpma.mp.br\/campanha-contra-drogas\/2016\/10\/05\/realizacao-da-campanha-no-municipio-de-acailandiama\/20160608_151352\/'><img width=\"150\" height=\"150\" src=\"https:\/\/apps.mpma.mp.br\/campanha-contra-drogas\/wp-content\/uploads\/2016\/10\/20160608_151352-150x150.jpg\" class=\"attachment-thumbnail size-thumbnail\" alt=\"\" decoding=\"async\" loading=\"lazy\" \/><\/a>\n\t\t\t<\/div><\/figure><figure class='gallery-item'>\n\t\t\t<div class='gallery-icon landscape'>\n\t\t\t\t<a href='https:\/\/apps.mpma.mp.br\/campanha-contra-drogas\/2016\/10\/05\/realizacao-da-campanha-no-municipio-de-acailandiama\/20160608_151432\/'><img width=\"150\" height=\"150\" src=\"https:\/\/apps.mpma.mp.br\/campanha-contra-drogas\/wp-content\/uploads\/2016\/10\/20160608_151432-150x150.jpg\" class=\"attachment-thumbnail size-thumbnail\" alt=\"\" decoding=\"async\" loading=\"lazy\" \/><\/a>\n\t\t\t<\/div><\/figure>\n\t\t<\/div>\n\n<p>&nbsp;<\/p>\n","protected":false},"excerpt":{"rendered":"<p>CAMPANHA DO MINIST\u00c9RIO P\u00daBLICO DO MARANH\u00c3O &#8211;\u00a0A\u00c7AIL\u00c2NDIA\/MA. \u201cQUEM ESCOLHE SEU CAMINHO? VOC\u00ca OU AS DROGAS?\u201d Em A\u00e7ail\u00e2ndia, a campanha teve in\u00edcio em 05 de novembro 2015, com audi\u00eancia p\u00fablica em que reuniu os parceiros: URE \u2013 Unidade Regional de Educa\u00e7\u00e3o, Secretaria Municipal de Educa\u00e7\u00e3o, Bom Samaritano e OAB\/A\u00c7AIL\u00c2NDIA. At\u00e9 a data de 14 de dezembro &hellip; <a href=\"https:\/\/apps.mpma.mp.br\/campanha-contra-drogas\/2016\/10\/05\/realizacao-da-campanha-no-municipio-de-acailandiama\/\" class=\"more-link\">Continue lendo <span class=\"screen-reader-text\">Realiza\u00e7\u00e3o da campanha no Munic\u00edpio de A\u00e7ail\u00e2ndia\/MA<\/span> <span class=\"meta-nav\">&rarr;<\/span><\/a><\/p>\n","protected":false},"author":2,"featured_media":0,"comment_status":"open","ping_status":"open","sticky":false,"template":"","format":"standard","meta":[],"categories":[5],"tags":[7],"_links":{"self":[{"href":"https:\/\/apps.mpma.mp.br\/campanha-contra-drogas\/wp-json\/wp\/v2\/posts\/62"}],"collection":[{"href":"https:\/\/apps.mpma.mp.br\/campanha-contra-drogas\/wp-json\/wp\/v2\/posts"}],"about":[{"href":"https:\/\/apps.mpma.mp.br\/campanha-contra-drogas\/wp-json\/wp\/v2\/types\/post"}],"author":[{"embeddable":true,"href":"https:\/\/apps.mpma.mp.br\/campanha-contra-drogas\/wp-json\/wp\/v2\/users\/2"}],"replies":[{"embeddable":true,"href":"https:\/\/apps.mpma.mp.br\/campanha-contra-drogas\/wp-json\/wp\/v2\/comments?post=62"}],"version-history":[{"count":4,"href":"https:\/\/apps.mpma.mp.br\/campanha-contra-drogas\/wp-json\/wp\/v2\/posts\/62\/revisions"}],"predecessor-version":[{"id":135,"href":"https:\/\/apps.mpma.mp.br\/campanha-contra-drogas\/wp-json\/wp\/v2\/posts\/62\/revisions\/135"}],"wp:attachment":[{"href":"https:\/\/apps.mpma.mp.br\/campanha-contra-drogas\/wp-json\/wp\/v2\/media?parent=62"}],"wp:term":[{"taxonomy":"category","embeddable":true,"href":"https:\/\/apps.mpma.mp.br\/campanha-contra-drogas\/wp-json\/wp\/v2\/categories?post=62"},{"taxonomy":"post_tag","embeddable":true,"href":"https:\/\/apps.mpma.mp.br\/campanha-contra-drogas\/wp-json\/wp\/v2\/tags?post=62"}],"curies":[{"name":"wp","href":"https:\/\/api.w.org\/{rel}","templated":true}]}}