{"id":624,"date":"2023-05-15T13:10:30","date_gmt":"2023-05-15T16:10:30","guid":{"rendered":"http:\/\/apps.mpma.mp.br\/campanha-contra-drogas\/?p=624"},"modified":"2023-07-12T08:11:37","modified_gmt":"2023-07-12T11:11:37","slug":"624","status":"publish","type":"post","link":"https:\/\/apps.mpma.mp.br\/campanha-contra-drogas\/2023\/05\/15\/624\/","title":{"rendered":"QUEM ESCOLHE SEU O CAMINHO? VOC\u00ca OU AS DROGAS?ATIVIDADES  DO PROJETO REALIZADAS NO ANO DE 2021"},"content":{"rendered":"<p>No dia 21 de junho de 2021, ocorreu a abertura da Semana Nacional de Preven\u00e7\u00e3o \u00e0s Drogas com a palestra virtual projeto \u201cQuem Escolhe o seu Caminho? Voc\u00ea ou as Drogas? \u201d. Palestrante:\u00a0 Dr. Marcelo Soares, Diretor do CAPS-\u00c1lcool e Drogas de S\u00e3o Lu\u00eds. Media\u00e7\u00e3o: Dra. Cristiane Lago. P\u00fablico-Alvo: professores, pais e alunos\/as do Ensino M\u00e9dio das escolas p\u00fablicas estaduais: 1. Centro de Ensino Jo\u00e3o Francisco Lisboa &#8211; CEJOL, em S\u00e3o Lu\u00eds; 2. Escola BENEDITO LEITE, em S\u00e3o Lu\u00eds; e, 3. Escola JOS\u00c9 DE FRAN\u00c7A, do Munic\u00edpio de Raposa. Parceria: Secretaria Estadual de Educa\u00e7\u00e3o \u2013 SEDUC.<\/p>\n<p><img decoding=\"async\" loading=\"lazy\" class=\"size-medium wp-image-625\" src=\"http:\/\/apps.mpma.mp.br\/campanha-contra-drogas\/wp-content\/uploads\/2023\/05\/foto-1-300x286.jpg\" alt=\"O palestrante, Dr. Marcelo Soares, Diretor do CAPS-\u00c1lcool e Drogas de S\u00e3o Lu\u00eds e media\u00e7\u00e3o: Dra. Cristiane Lago\" width=\"300\" height=\"286\" srcset=\"https:\/\/apps.mpma.mp.br\/campanha-contra-drogas\/wp-content\/uploads\/2023\/05\/foto-1-300x286.jpg 300w, https:\/\/apps.mpma.mp.br\/campanha-contra-drogas\/wp-content\/uploads\/2023\/05\/foto-1.jpg 646w\" sizes=\"(max-width: 300px) 100vw, 300px\" \/><\/p>\n<p><img decoding=\"async\" loading=\"lazy\" class=\"size-medium wp-image-626\" src=\"http:\/\/apps.mpma.mp.br\/campanha-contra-drogas\/wp-content\/uploads\/2023\/05\/foto-2-253x300.jpg\" alt=\"O palestrante, Dr. Marcelo Soares, Diretor do CAPS-\u00c1lcool e Drogas de S\u00e3o Lu\u00eds e media\u00e7\u00e3o: Dra. Cristiane Lago\" width=\"253\" height=\"300\" srcset=\"https:\/\/apps.mpma.mp.br\/campanha-contra-drogas\/wp-content\/uploads\/2023\/05\/foto-2-253x300.jpg 253w, https:\/\/apps.mpma.mp.br\/campanha-contra-drogas\/wp-content\/uploads\/2023\/05\/foto-2.jpg 471w\" sizes=\"(max-width: 253px) 100vw, 253px\" \/><\/p>\n<p>O palestrante, Dr. Marcelo Soares, Diretor do CAPS-\u00c1lcool e Drogas de S\u00e3o Lu\u00eds e media\u00e7\u00e3o: Dra. Cristiane Lago<\/p>\n","protected":false},"excerpt":{"rendered":"<p>No dia 21 de junho de 2021, ocorreu a abertura da Semana Nacional de Preven\u00e7\u00e3o \u00e0s Drogas com a palestra virtual projeto \u201cQuem Escolhe o seu Caminho? Voc\u00ea ou as Drogas? \u201d. Palestrante:\u00a0 Dr. Marcelo Soares, Diretor do CAPS-\u00c1lcool e Drogas de S\u00e3o Lu\u00eds. Media\u00e7\u00e3o: Dra. Cristiane Lago. P\u00fablico-Alvo: professores, pais e alunos\/as do Ensino &hellip; <a href=\"https:\/\/apps.mpma.mp.br\/campanha-contra-drogas\/2023\/05\/15\/624\/\" class=\"more-link\">Continue lendo <span class=\"screen-reader-text\">QUEM ESCOLHE SEU O CAMINHO? VOC\u00ca OU AS DROGAS?ATIVIDADES  DO PROJETO REALIZADAS NO ANO DE 2021<\/span> <span class=\"meta-nav\">&rarr;<\/span><\/a><\/p>\n","protected":false},"author":7,"featured_media":0,"comment_status":"open","ping_status":"open","sticky":false,"template":"","format":"standard","meta":[],"categories":[5],"tags":[7],"_links":{"self":[{"href":"https:\/\/apps.mpma.mp.br\/campanha-contra-drogas\/wp-json\/wp\/v2\/posts\/624"}],"collection":[{"href":"https:\/\/apps.mpma.mp.br\/campanha-contra-drogas\/wp-json\/wp\/v2\/posts"}],"about":[{"href":"https:\/\/apps.mpma.mp.br\/campanha-contra-drogas\/wp-json\/wp\/v2\/types\/post"}],"author":[{"embeddable":true,"href":"https:\/\/apps.mpma.mp.br\/campanha-contra-drogas\/wp-json\/wp\/v2\/users\/7"}],"replies":[{"embeddable":true,"href":"https:\/\/apps.mpma.mp.br\/campanha-contra-drogas\/wp-json\/wp\/v2\/comments?post=624"}],"version-history":[{"count":3,"href":"https:\/\/apps.mpma.mp.br\/campanha-contra-drogas\/wp-json\/wp\/v2\/posts\/624\/revisions"}],"predecessor-version":[{"id":629,"href":"https:\/\/apps.mpma.mp.br\/campanha-contra-drogas\/wp-json\/wp\/v2\/posts\/624\/revisions\/629"}],"wp:attachment":[{"href":"https:\/\/apps.mpma.mp.br\/campanha-contra-drogas\/wp-json\/wp\/v2\/media?parent=624"}],"wp:term":[{"taxonomy":"category","embeddable":true,"href":"https:\/\/apps.mpma.mp.br\/campanha-contra-drogas\/wp-json\/wp\/v2\/categories?post=624"},{"taxonomy":"post_tag","embeddable":true,"href":"https:\/\/apps.mpma.mp.br\/campanha-contra-drogas\/wp-json\/wp\/v2\/tags?post=624"}],"curies":[{"name":"wp","href":"https:\/\/api.w.org\/{rel}","templated":true}]}}