{"id":630,"date":"2023-05-15T13:19:19","date_gmt":"2023-05-15T16:19:19","guid":{"rendered":"http:\/\/apps.mpma.mp.br\/campanha-contra-drogas\/?p=630"},"modified":"2023-07-12T08:11:37","modified_gmt":"2023-07-12T11:11:37","slug":"concurso-de-poesia-do-projeto-quem-escolhe-o-seu-caminho-voce-ou-as-drogas","status":"publish","type":"post","link":"https:\/\/apps.mpma.mp.br\/campanha-contra-drogas\/2023\/05\/15\/concurso-de-poesia-do-projeto-quem-escolhe-o-seu-caminho-voce-ou-as-drogas\/","title":{"rendered":"Concurso de Poesia do projeto \u201cQuem escolhe o seu caminho? Voc\u00ea ou as Drogas?&#8221;."},"content":{"rendered":"<p>&nbsp;<\/p>\n<p>No dia 30 de junho de 2021, foi realizada a premia\u00e7\u00e3o dos (as) alunos (as) vencedores (as) do Concurso de Poesia do projeto \u201cQuem escolhe o seu caminho? Voc\u00ea ou as Drogas? Local: Procuradoria Geral de Justi\u00e7a, \u00e0s 09hs. Participantes: Dra. Cristiane Lago; Procurador-Geral de Justi\u00e7a Dr. Eduardo Nicolau; Representante da SEDUC; gestoras escolares; alunos (as) premiados (as). Entrega de certificados aos nove alunos (as) premiados (as), notebooks e kit com revistas educativas sobre o tema do projeto e livros de literatura infanto-juvenil.\u00a0 Alunos (as) premiados (as) e respectivas escolas: Pelo Centro Educa Mais Jo\u00e3o Francisco Lisboa &#8211; CEJOL, em S\u00e3o Lu\u00eds, foram premiados os estudantes Ygo Duarte e Duarte (1\u00ba lugar); Safira Moura M\u00e1ximo (2\u00ba lugar); Sabyna Maria de Albuquerque Soares Barroso (3\u00ba lugar). Do Centro de Ensino Benedito Leite \u2013 Escola Modelo, foram premiados\/as os\/as estudantes Eduardo Campos Ferreira (1\u00ba lugar); Leandra Vit\u00f3ria P. Silva (2\u00ba lugar); e Marcela Braga Lucas da Silva (3\u00ba lugar). Pelo Centro de Ensino Professor Jos\u00e9 Fran\u00e7a de Sousa, do Munic\u00edpio de Raposa, foram premiadas as estudantes Raquel Marissa Freitas Santos (1\u00ba lugar); Pamella Raquel Silva Dias (2\u00ba lugar); e Alana Thain\u00e1 de Oliveira da Silva (3\u00ba lugar).<\/p>\n<p>&nbsp;<\/p>\n<p><img decoding=\"async\" loading=\"lazy\" class=\"alignnone size-medium wp-image-631\" src=\"http:\/\/apps.mpma.mp.br\/campanha-contra-drogas\/wp-content\/uploads\/2023\/05\/3-300x204.jpg\" alt=\"3\" width=\"300\" height=\"204\" srcset=\"https:\/\/apps.mpma.mp.br\/campanha-contra-drogas\/wp-content\/uploads\/2023\/05\/3-300x204.jpg 300w, https:\/\/apps.mpma.mp.br\/campanha-contra-drogas\/wp-content\/uploads\/2023\/05\/3.jpg 744w\" sizes=\"(max-width: 300px) 100vw, 300px\" \/><\/p>\n<figure id=\"attachment_635\" aria-describedby=\"caption-attachment-635\" style=\"width: 300px\" class=\"wp-caption alignnone\"><img decoding=\"async\" loading=\"lazy\" class=\"size-medium wp-image-635\" src=\"http:\/\/apps.mpma.mp.br\/campanha-contra-drogas\/wp-content\/uploads\/2023\/05\/4-1-300x212.jpg\" alt=\"Promotora de Justi\u00e7a Dra. Cristiane Lago; Procurador-Geral de Justi\u00e7a Dr. Eduardo Nicolau; Representante da SEDUC; Gestoras escolares entregando a premia\u00e7\u00e3o aos alunos vencedores\" width=\"300\" height=\"212\" srcset=\"https:\/\/apps.mpma.mp.br\/campanha-contra-drogas\/wp-content\/uploads\/2023\/05\/4-1-300x212.jpg 300w, https:\/\/apps.mpma.mp.br\/campanha-contra-drogas\/wp-content\/uploads\/2023\/05\/4-1.jpg 660w\" sizes=\"(max-width: 300px) 100vw, 300px\" \/><figcaption id=\"caption-attachment-635\" class=\"wp-caption-text\">Promotora de Justi\u00e7a Dra. Cristiane Lago; Procurador-Geral de Justi\u00e7a Dr. Eduardo Nicolau; Representante da SEDUC; Gestoras escolares entregando a premia\u00e7\u00e3o aos alunos vencedores<\/figcaption><\/figure>\n","protected":false},"excerpt":{"rendered":"<p>&nbsp; No dia 30 de junho de 2021, foi realizada a premia\u00e7\u00e3o dos (as) alunos (as) vencedores (as) do Concurso de Poesia do projeto \u201cQuem escolhe o seu caminho? Voc\u00ea ou as Drogas? Local: Procuradoria Geral de Justi\u00e7a, \u00e0s 09hs. Participantes: Dra. Cristiane Lago; Procurador-Geral de Justi\u00e7a Dr. Eduardo Nicolau; Representante da SEDUC; gestoras escolares; &hellip; <a href=\"https:\/\/apps.mpma.mp.br\/campanha-contra-drogas\/2023\/05\/15\/concurso-de-poesia-do-projeto-quem-escolhe-o-seu-caminho-voce-ou-as-drogas\/\" class=\"more-link\">Continue lendo <span class=\"screen-reader-text\">Concurso de Poesia do projeto \u201cQuem escolhe o seu caminho? Voc\u00ea ou as Drogas?&#8221;.<\/span> <span class=\"meta-nav\">&rarr;<\/span><\/a><\/p>\n","protected":false},"author":7,"featured_media":0,"comment_status":"open","ping_status":"open","sticky":false,"template":"","format":"aside","meta":[],"categories":[5],"tags":[7],"_links":{"self":[{"href":"https:\/\/apps.mpma.mp.br\/campanha-contra-drogas\/wp-json\/wp\/v2\/posts\/630"}],"collection":[{"href":"https:\/\/apps.mpma.mp.br\/campanha-contra-drogas\/wp-json\/wp\/v2\/posts"}],"about":[{"href":"https:\/\/apps.mpma.mp.br\/campanha-contra-drogas\/wp-json\/wp\/v2\/types\/post"}],"author":[{"embeddable":true,"href":"https:\/\/apps.mpma.mp.br\/campanha-contra-drogas\/wp-json\/wp\/v2\/users\/7"}],"replies":[{"embeddable":true,"href":"https:\/\/apps.mpma.mp.br\/campanha-contra-drogas\/wp-json\/wp\/v2\/comments?post=630"}],"version-history":[{"count":4,"href":"https:\/\/apps.mpma.mp.br\/campanha-contra-drogas\/wp-json\/wp\/v2\/posts\/630\/revisions"}],"predecessor-version":[{"id":638,"href":"https:\/\/apps.mpma.mp.br\/campanha-contra-drogas\/wp-json\/wp\/v2\/posts\/630\/revisions\/638"}],"wp:attachment":[{"href":"https:\/\/apps.mpma.mp.br\/campanha-contra-drogas\/wp-json\/wp\/v2\/media?parent=630"}],"wp:term":[{"taxonomy":"category","embeddable":true,"href":"https:\/\/apps.mpma.mp.br\/campanha-contra-drogas\/wp-json\/wp\/v2\/categories?post=630"},{"taxonomy":"post_tag","embeddable":true,"href":"https:\/\/apps.mpma.mp.br\/campanha-contra-drogas\/wp-json\/wp\/v2\/tags?post=630"}],"curies":[{"name":"wp","href":"https:\/\/api.w.org\/{rel}","templated":true}]}}