{"id":637,"date":"2023-05-15T13:21:02","date_gmt":"2023-05-15T16:21:02","guid":{"rendered":"http:\/\/apps.mpma.mp.br\/campanha-contra-drogas\/?p=637"},"modified":"2023-07-12T08:11:37","modified_gmt":"2023-07-12T11:11:37","slug":"637","status":"publish","type":"post","link":"https:\/\/apps.mpma.mp.br\/campanha-contra-drogas\/2023\/05\/15\/637\/","title":{"rendered":""},"content":{"rendered":"<p>No dia 28 de setembro de 2021, foi realizada a grava\u00e7\u00e3o de v\u00eddeo institucional sobre a campanha de preven\u00e7\u00e3o \u00e0s drogas \u201cQuem Escolhe o seu Caminho? Voc\u00ea ou as Drogas? \u201d. Local: Sala de Videoconfer\u00eancia, na PGJ, \u00e0s 10hs. Participa\u00e7\u00e3o: Dra. Cristiane Lago; Dra. Sandra Fagundes, Coordenadora do CAOP\/Mulher. Objetivo: o v\u00eddeo, com dura\u00e7\u00e3o de aproximadamente 50 minutos, traz depoimentos de ex-dependentes qu\u00edmicos, bem como uma exposi\u00e7\u00e3o conjunta das Coordenadoras do CAOP\/DH e do CAOP de Enfrentamento a Viol\u00eancia de G\u00eanero do MPMA, possui como objetivo a preven\u00e7\u00e3o ao uso de drogas, bem como orienta\u00e7\u00f5es sobre como buscar ajuda em caso de j\u00e1 ter iniciado o consumo. O v\u00eddeo foi enviado aos\/\u00e0s Promotores\/as de Justi\u00e7a com a sugest\u00e3o de ser utilizado como material informativo no ambiente escolar, em palestras na comunidade, para que seja encaminhado \u00e0s redes de apoio \u00e0 mulher,\u00a0 crian\u00e7as e adolescentes, para ser apresentado em grupos reflexivos, como tamb\u00e9m encaminhar ao Juizado Especial como forma de transa\u00e7\u00e3o penal ou proposta de suspens\u00e3o condicional do processo, nos delitos capitulados no art 28 da Lei 11.343\/2006. O v\u00eddeo pode ser baixado e salvo, acessando o endere\u00e7o <a href=\"https:\/\/www.transfernow.net\/dl\/20211026d7JCf3Ha\/UXUi7mGN\">https:\/\/www.transfernow.net\/dl\/20211026d7JCf3Ha\/UXUi7mGN<\/a>. Tamb\u00e9m h\u00e1 o link do v\u00eddeo no YouTube com acesso interno: <a href=\"https:\/\/youtu.be\/d7-7R_lLjH0\">https:\/\/youtu.be\/d7-7R_lLjH0<\/a>.<img decoding=\"async\" loading=\"lazy\" class=\"alignnone size-medium wp-image-639\" src=\"http:\/\/apps.mpma.mp.br\/campanha-contra-drogas\/wp-content\/uploads\/2023\/05\/5-300x225.jpg\" alt=\"5\" width=\"300\" height=\"225\" srcset=\"https:\/\/apps.mpma.mp.br\/campanha-contra-drogas\/wp-content\/uploads\/2023\/05\/5-300x225.jpg 300w, https:\/\/apps.mpma.mp.br\/campanha-contra-drogas\/wp-content\/uploads\/2023\/05\/5-768x575.jpg 768w, https:\/\/apps.mpma.mp.br\/campanha-contra-drogas\/wp-content\/uploads\/2023\/05\/5-1024x766.jpg 1024w, https:\/\/apps.mpma.mp.br\/campanha-contra-drogas\/wp-content\/uploads\/2023\/05\/5.jpg 1280w\" sizes=\"(max-width: 300px) 100vw, 300px\" \/><\/p>\n","protected":false},"excerpt":{"rendered":"<p>No dia 28 de setembro de 2021, foi realizada a grava\u00e7\u00e3o de v\u00eddeo institucional sobre a campanha de preven\u00e7\u00e3o \u00e0s drogas \u201cQuem Escolhe o seu Caminho? Voc\u00ea ou as Drogas? \u201d. Local: Sala de Videoconfer\u00eancia, na PGJ, \u00e0s 10hs. Participa\u00e7\u00e3o: Dra. Cristiane Lago; Dra. Sandra Fagundes, Coordenadora do CAOP\/Mulher. Objetivo: o v\u00eddeo, com dura\u00e7\u00e3o de &hellip; <a href=\"https:\/\/apps.mpma.mp.br\/campanha-contra-drogas\/2023\/05\/15\/637\/\" class=\"more-link\">Continue lendo <span class=\"screen-reader-text\"><\/span> <span class=\"meta-nav\">&rarr;<\/span><\/a><\/p>\n","protected":false},"author":7,"featured_media":0,"comment_status":"open","ping_status":"open","sticky":false,"template":"","format":"standard","meta":[],"categories":[5],"tags":[7],"_links":{"self":[{"href":"https:\/\/apps.mpma.mp.br\/campanha-contra-drogas\/wp-json\/wp\/v2\/posts\/637"}],"collection":[{"href":"https:\/\/apps.mpma.mp.br\/campanha-contra-drogas\/wp-json\/wp\/v2\/posts"}],"about":[{"href":"https:\/\/apps.mpma.mp.br\/campanha-contra-drogas\/wp-json\/wp\/v2\/types\/post"}],"author":[{"embeddable":true,"href":"https:\/\/apps.mpma.mp.br\/campanha-contra-drogas\/wp-json\/wp\/v2\/users\/7"}],"replies":[{"embeddable":true,"href":"https:\/\/apps.mpma.mp.br\/campanha-contra-drogas\/wp-json\/wp\/v2\/comments?post=637"}],"version-history":[{"count":1,"href":"https:\/\/apps.mpma.mp.br\/campanha-contra-drogas\/wp-json\/wp\/v2\/posts\/637\/revisions"}],"predecessor-version":[{"id":640,"href":"https:\/\/apps.mpma.mp.br\/campanha-contra-drogas\/wp-json\/wp\/v2\/posts\/637\/revisions\/640"}],"wp:attachment":[{"href":"https:\/\/apps.mpma.mp.br\/campanha-contra-drogas\/wp-json\/wp\/v2\/media?parent=637"}],"wp:term":[{"taxonomy":"category","embeddable":true,"href":"https:\/\/apps.mpma.mp.br\/campanha-contra-drogas\/wp-json\/wp\/v2\/categories?post=637"},{"taxonomy":"post_tag","embeddable":true,"href":"https:\/\/apps.mpma.mp.br\/campanha-contra-drogas\/wp-json\/wp\/v2\/tags?post=637"}],"curies":[{"name":"wp","href":"https:\/\/api.w.org\/{rel}","templated":true}]}}