{"id":648,"date":"2023-05-15T13:26:21","date_gmt":"2023-05-15T16:26:21","guid":{"rendered":"http:\/\/apps.mpma.mp.br\/campanha-contra-drogas\/?p=648"},"modified":"2023-07-12T08:11:37","modified_gmt":"2023-07-12T11:11:37","slug":"648","status":"publish","type":"post","link":"https:\/\/apps.mpma.mp.br\/campanha-contra-drogas\/2023\/05\/15\/648\/","title":{"rendered":""},"content":{"rendered":"<p>No dia 25 de novembro, ocorreu a a\u00e7\u00f5es e Palestras do Projeto de Preven\u00e7\u00e3o \u00e0s Drogas em Santa In\u00eas.<\/p>\n<p><strong>\u00a0<\/strong><\/p>\n<figure id=\"attachment_649\" aria-describedby=\"caption-attachment-649\" style=\"width: 300px\" class=\"wp-caption alignnone\"><img decoding=\"async\" loading=\"lazy\" class=\"size-medium wp-image-649\" src=\"http:\/\/apps.mpma.mp.br\/campanha-contra-drogas\/wp-content\/uploads\/2023\/05\/20-300x169.png\" alt=\"A Promotora de Justi\u00e7a, Dra. Camila Gaspar, e os alunos da escola em Santa In\u00eas.\" width=\"300\" height=\"169\" srcset=\"https:\/\/apps.mpma.mp.br\/campanha-contra-drogas\/wp-content\/uploads\/2023\/05\/20-300x169.png 300w, https:\/\/apps.mpma.mp.br\/campanha-contra-drogas\/wp-content\/uploads\/2023\/05\/20-768x432.png 768w, https:\/\/apps.mpma.mp.br\/campanha-contra-drogas\/wp-content\/uploads\/2023\/05\/20-1024x576.png 1024w, https:\/\/apps.mpma.mp.br\/campanha-contra-drogas\/wp-content\/uploads\/2023\/05\/20.png 1600w\" sizes=\"(max-width: 300px) 100vw, 300px\" \/><figcaption id=\"caption-attachment-649\" class=\"wp-caption-text\">A Promotora de Justi\u00e7a, Dra. Camila Gaspar, e os alunos da escola em Santa In\u00eas.<\/figcaption><\/figure>\n","protected":false},"excerpt":{"rendered":"<p>No dia 25 de novembro, ocorreu a a\u00e7\u00f5es e Palestras do Projeto de Preven\u00e7\u00e3o \u00e0s Drogas em Santa In\u00eas. \u00a0<\/p>\n","protected":false},"author":7,"featured_media":0,"comment_status":"open","ping_status":"open","sticky":false,"template":"","format":"standard","meta":[],"categories":[5],"tags":[7],"_links":{"self":[{"href":"https:\/\/apps.mpma.mp.br\/campanha-contra-drogas\/wp-json\/wp\/v2\/posts\/648"}],"collection":[{"href":"https:\/\/apps.mpma.mp.br\/campanha-contra-drogas\/wp-json\/wp\/v2\/posts"}],"about":[{"href":"https:\/\/apps.mpma.mp.br\/campanha-contra-drogas\/wp-json\/wp\/v2\/types\/post"}],"author":[{"embeddable":true,"href":"https:\/\/apps.mpma.mp.br\/campanha-contra-drogas\/wp-json\/wp\/v2\/users\/7"}],"replies":[{"embeddable":true,"href":"https:\/\/apps.mpma.mp.br\/campanha-contra-drogas\/wp-json\/wp\/v2\/comments?post=648"}],"version-history":[{"count":1,"href":"https:\/\/apps.mpma.mp.br\/campanha-contra-drogas\/wp-json\/wp\/v2\/posts\/648\/revisions"}],"predecessor-version":[{"id":650,"href":"https:\/\/apps.mpma.mp.br\/campanha-contra-drogas\/wp-json\/wp\/v2\/posts\/648\/revisions\/650"}],"wp:attachment":[{"href":"https:\/\/apps.mpma.mp.br\/campanha-contra-drogas\/wp-json\/wp\/v2\/media?parent=648"}],"wp:term":[{"taxonomy":"category","embeddable":true,"href":"https:\/\/apps.mpma.mp.br\/campanha-contra-drogas\/wp-json\/wp\/v2\/categories?post=648"},{"taxonomy":"post_tag","embeddable":true,"href":"https:\/\/apps.mpma.mp.br\/campanha-contra-drogas\/wp-json\/wp\/v2\/tags?post=648"}],"curies":[{"name":"wp","href":"https:\/\/api.w.org\/{rel}","templated":true}]}}