{"id":664,"date":"2023-05-15T13:41:47","date_gmt":"2023-05-15T16:41:47","guid":{"rendered":"http:\/\/apps.mpma.mp.br\/campanha-contra-drogas\/?p=664"},"modified":"2023-07-12T08:11:37","modified_gmt":"2023-07-12T11:11:37","slug":"quem-escolhe-seu-o-caminho-voce-ou-as-drogas-atividades-do-projeto-realizadas-no-ano-de-2022","status":"publish","type":"post","link":"https:\/\/apps.mpma.mp.br\/campanha-contra-drogas\/2023\/05\/15\/quem-escolhe-seu-o-caminho-voce-ou-as-drogas-atividades-do-projeto-realizadas-no-ano-de-2022\/","title":{"rendered":"QUEM ESCOLHE SEU O CAMINHO? VOC\u00ca OU AS DROGAS?  ATIVIDADES  DO PROJETO REALIZADAS NO ANO DE 2022"},"content":{"rendered":"<p>Em 23 de mar\u00e7o de 2022, ocorreu a Palestra \u201cQuem Escolhe seu Caminho? Voc\u00ea ou as Drogas?, na Semana Escolar de Combate \u00e0 Viol\u00eancia contra a Mulher, organizada pela Vara da Inf\u00e2ncia e Juventude e Juizado Especial de Viol\u00eancia Dom\u00e9stica\u00a0 e Familiar contra a Mulher, de S\u00e3o Jos\u00e9 de Ribamar. ?\u00a0 Foi apresentada a import\u00e2ncia da preven\u00e7\u00e3o ao uso indevido de drogas, visando a diminui\u00e7\u00e3o de crimes dessa natureza.<\/p>\n<p>Local: Centro Educa Mais Ribeiro do Amaral, S\u00e3o Jos\u00e9 de Ribamar, \u00e0s 08hs.<\/p>\n<p>Organiza\u00e7\u00e3o: Vara da Inf\u00e2ncia e Juventude e Juizado Especial de Viol\u00eancia Dom\u00e9stica\u00a0 e Familiar contra a Mulher, de S\u00e3o Jos\u00e9 de Ribamar<\/p>\n<p>Palestrante: Dra. Cristiane Lago<\/p>\n<p><img decoding=\"async\" loading=\"lazy\" class=\"alignnone size-medium wp-image-665\" src=\"http:\/\/apps.mpma.mp.br\/campanha-contra-drogas\/wp-content\/uploads\/2023\/05\/a-300x225.jpg\" alt=\"a\" width=\"300\" height=\"225\" srcset=\"https:\/\/apps.mpma.mp.br\/campanha-contra-drogas\/wp-content\/uploads\/2023\/05\/a-300x225.jpg 300w, https:\/\/apps.mpma.mp.br\/campanha-contra-drogas\/wp-content\/uploads\/2023\/05\/a-768x576.jpg 768w, https:\/\/apps.mpma.mp.br\/campanha-contra-drogas\/wp-content\/uploads\/2023\/05\/a.jpg 1024w\" sizes=\"(max-width: 300px) 100vw, 300px\" \/><\/p>\n<p><img decoding=\"async\" loading=\"lazy\" class=\"alignnone size-medium wp-image-666\" src=\"http:\/\/apps.mpma.mp.br\/campanha-contra-drogas\/wp-content\/uploads\/2023\/05\/b-300x225.jpg\" alt=\"b\" width=\"300\" height=\"225\" srcset=\"https:\/\/apps.mpma.mp.br\/campanha-contra-drogas\/wp-content\/uploads\/2023\/05\/b-300x225.jpg 300w, https:\/\/apps.mpma.mp.br\/campanha-contra-drogas\/wp-content\/uploads\/2023\/05\/b.jpg 718w\" sizes=\"(max-width: 300px) 100vw, 300px\" \/><\/p>\n","protected":false},"excerpt":{"rendered":"<p>Em 23 de mar\u00e7o de 2022, ocorreu a Palestra \u201cQuem Escolhe seu Caminho? Voc\u00ea ou as Drogas?, na Semana Escolar de Combate \u00e0 Viol\u00eancia contra a Mulher, organizada pela Vara da Inf\u00e2ncia e Juventude e Juizado Especial de Viol\u00eancia Dom\u00e9stica\u00a0 e Familiar contra a Mulher, de S\u00e3o Jos\u00e9 de Ribamar. ?\u00a0 Foi apresentada a import\u00e2ncia &hellip; <a href=\"https:\/\/apps.mpma.mp.br\/campanha-contra-drogas\/2023\/05\/15\/quem-escolhe-seu-o-caminho-voce-ou-as-drogas-atividades-do-projeto-realizadas-no-ano-de-2022\/\" class=\"more-link\">Continue lendo <span class=\"screen-reader-text\">QUEM ESCOLHE SEU O CAMINHO? VOC\u00ca OU AS DROGAS?  ATIVIDADES  DO PROJETO REALIZADAS NO ANO DE 2022<\/span> <span class=\"meta-nav\">&rarr;<\/span><\/a><\/p>\n","protected":false},"author":7,"featured_media":0,"comment_status":"open","ping_status":"open","sticky":false,"template":"","format":"standard","meta":[],"categories":[5],"tags":[7],"_links":{"self":[{"href":"https:\/\/apps.mpma.mp.br\/campanha-contra-drogas\/wp-json\/wp\/v2\/posts\/664"}],"collection":[{"href":"https:\/\/apps.mpma.mp.br\/campanha-contra-drogas\/wp-json\/wp\/v2\/posts"}],"about":[{"href":"https:\/\/apps.mpma.mp.br\/campanha-contra-drogas\/wp-json\/wp\/v2\/types\/post"}],"author":[{"embeddable":true,"href":"https:\/\/apps.mpma.mp.br\/campanha-contra-drogas\/wp-json\/wp\/v2\/users\/7"}],"replies":[{"embeddable":true,"href":"https:\/\/apps.mpma.mp.br\/campanha-contra-drogas\/wp-json\/wp\/v2\/comments?post=664"}],"version-history":[{"count":2,"href":"https:\/\/apps.mpma.mp.br\/campanha-contra-drogas\/wp-json\/wp\/v2\/posts\/664\/revisions"}],"predecessor-version":[{"id":668,"href":"https:\/\/apps.mpma.mp.br\/campanha-contra-drogas\/wp-json\/wp\/v2\/posts\/664\/revisions\/668"}],"wp:attachment":[{"href":"https:\/\/apps.mpma.mp.br\/campanha-contra-drogas\/wp-json\/wp\/v2\/media?parent=664"}],"wp:term":[{"taxonomy":"category","embeddable":true,"href":"https:\/\/apps.mpma.mp.br\/campanha-contra-drogas\/wp-json\/wp\/v2\/categories?post=664"},{"taxonomy":"post_tag","embeddable":true,"href":"https:\/\/apps.mpma.mp.br\/campanha-contra-drogas\/wp-json\/wp\/v2\/tags?post=664"}],"curies":[{"name":"wp","href":"https:\/\/api.w.org\/{rel}","templated":true}]}}