{"id":669,"date":"2023-05-15T13:43:39","date_gmt":"2023-05-15T16:43:39","guid":{"rendered":"http:\/\/apps.mpma.mp.br\/campanha-contra-drogas\/?p=669"},"modified":"2023-07-12T08:11:37","modified_gmt":"2023-07-12T11:11:37","slug":"669","status":"publish","type":"post","link":"https:\/\/apps.mpma.mp.br\/campanha-contra-drogas\/2023\/05\/15\/669\/","title":{"rendered":""},"content":{"rendered":"<p>MPMA celebra 10 anos do projeto \u201cQuem escolhe seu caminho? Voc\u00ea ou as drogas?<\/p>\n<p>O Minist\u00e9rio P\u00fablico do Maranh\u00e3o, por meio dos centros de apoio operacionais de Direitos Humanos e Cidadania (CAO-DHC) e de Enfrentamento \u00e0 Viol\u00eancia de G\u00eanero (CAO-Mulher) iniciou, nesta segunda-feira, 6, as comemora\u00e7\u00f5es dos 10 anos de atividades do projeto de preven\u00e7\u00e3o ao uso indevido de drogas \u201cQuem escolhe o seu caminho? Voc\u00ea ou as drogas?\u201d, com vasta programa\u00e7\u00e3o durante todo este m\u00eas.<\/p>\n<p>&nbsp;<\/p>\n<p>A celebra\u00e7\u00e3o foi iniciada com o lan\u00e7amento do projeto no munic\u00edpio de Santa Helena, realizado na Escola Maria Tereza, no bairro S\u00e3o Braz. Estiveram presentes a promotora de justi\u00e7a Sandra Fagundes, coordenadora do CAO-Mulher; o promotor Danilo Castro, que na ocasi\u00e3o representou o procurador-geral de justi\u00e7a, Eduardo Nicolau; o titular da Comarca, promotor de justi\u00e7a Hagamenon de Jesus Azevedo, al\u00e9m do presidente da C\u00e2mara Municipal, Marcello de Andrade Marques. \u00c0 tarde, o projeto foi lan\u00e7ado no munic\u00edpio de Turia\u00e7u, no Complexo Educacional Ieda Viana Ribeiro.<\/p>\n<p>PROGRAMA\u00c7\u00c3O<\/p>\n<p>As atividades seguem nesta ter\u00e7a-feira, 7, nos munic\u00edpios de Z\u00e9 Doca e Governador Nunes Freire. Na pr\u00f3xima semana, no dia 14, ser\u00e1 realizada uma atividade de preven\u00e7\u00e3o \u00e0s drogas com alunos do Liceu Maranhense na Biblioteca Benedito Leite. J\u00e1 no dia 20, o projeto ser\u00e1 apresentado nos munic\u00edpios de Ros\u00e1rio e Santa Luzia, e no dia 21 ser\u00e1 apresentado em S\u00e3o Mateus<\/p>\n<p>&nbsp;<\/p>\n<p><img decoding=\"async\" loading=\"lazy\" class=\"alignnone size-medium wp-image-670\" src=\"http:\/\/apps.mpma.mp.br\/campanha-contra-drogas\/wp-content\/uploads\/2023\/05\/c-300x225.jpg\" alt=\"\" width=\"300\" height=\"225\" srcset=\"https:\/\/apps.mpma.mp.br\/campanha-contra-drogas\/wp-content\/uploads\/2023\/05\/c-300x225.jpg 300w, https:\/\/apps.mpma.mp.br\/campanha-contra-drogas\/wp-content\/uploads\/2023\/05\/c-768x576.jpg 768w, https:\/\/apps.mpma.mp.br\/campanha-contra-drogas\/wp-content\/uploads\/2023\/05\/c-1024x768.jpg 1024w, https:\/\/apps.mpma.mp.br\/campanha-contra-drogas\/wp-content\/uploads\/2023\/05\/c.jpg 1280w\" sizes=\"(max-width: 300px) 100vw, 300px\" \/><\/p>\n<p><img decoding=\"async\" loading=\"lazy\" class=\"alignnone size-medium wp-image-671\" src=\"http:\/\/apps.mpma.mp.br\/campanha-contra-drogas\/wp-content\/uploads\/2023\/05\/d-300x225.jpg\" alt=\"d\" width=\"300\" height=\"225\" srcset=\"https:\/\/apps.mpma.mp.br\/campanha-contra-drogas\/wp-content\/uploads\/2023\/05\/d-300x225.jpg 300w, https:\/\/apps.mpma.mp.br\/campanha-contra-drogas\/wp-content\/uploads\/2023\/05\/d-768x576.jpg 768w, https:\/\/apps.mpma.mp.br\/campanha-contra-drogas\/wp-content\/uploads\/2023\/05\/d-1024x768.jpg 1024w, https:\/\/apps.mpma.mp.br\/campanha-contra-drogas\/wp-content\/uploads\/2023\/05\/d.jpg 1280w\" sizes=\"(max-width: 300px) 100vw, 300px\" \/><\/p>\n","protected":false},"excerpt":{"rendered":"<p>MPMA celebra 10 anos do projeto \u201cQuem escolhe seu caminho? Voc\u00ea ou as drogas? O Minist\u00e9rio P\u00fablico do Maranh\u00e3o, por meio dos centros de apoio operacionais de Direitos Humanos e Cidadania (CAO-DHC) e de Enfrentamento \u00e0 Viol\u00eancia de G\u00eanero (CAO-Mulher) iniciou, nesta segunda-feira, 6, as comemora\u00e7\u00f5es dos 10 anos de atividades do projeto de preven\u00e7\u00e3o &hellip; <a href=\"https:\/\/apps.mpma.mp.br\/campanha-contra-drogas\/2023\/05\/15\/669\/\" class=\"more-link\">Continue lendo <span class=\"screen-reader-text\"><\/span> <span class=\"meta-nav\">&rarr;<\/span><\/a><\/p>\n","protected":false},"author":7,"featured_media":0,"comment_status":"open","ping_status":"open","sticky":false,"template":"","format":"standard","meta":[],"categories":[5],"tags":[7],"_links":{"self":[{"href":"https:\/\/apps.mpma.mp.br\/campanha-contra-drogas\/wp-json\/wp\/v2\/posts\/669"}],"collection":[{"href":"https:\/\/apps.mpma.mp.br\/campanha-contra-drogas\/wp-json\/wp\/v2\/posts"}],"about":[{"href":"https:\/\/apps.mpma.mp.br\/campanha-contra-drogas\/wp-json\/wp\/v2\/types\/post"}],"author":[{"embeddable":true,"href":"https:\/\/apps.mpma.mp.br\/campanha-contra-drogas\/wp-json\/wp\/v2\/users\/7"}],"replies":[{"embeddable":true,"href":"https:\/\/apps.mpma.mp.br\/campanha-contra-drogas\/wp-json\/wp\/v2\/comments?post=669"}],"version-history":[{"count":1,"href":"https:\/\/apps.mpma.mp.br\/campanha-contra-drogas\/wp-json\/wp\/v2\/posts\/669\/revisions"}],"predecessor-version":[{"id":672,"href":"https:\/\/apps.mpma.mp.br\/campanha-contra-drogas\/wp-json\/wp\/v2\/posts\/669\/revisions\/672"}],"wp:attachment":[{"href":"https:\/\/apps.mpma.mp.br\/campanha-contra-drogas\/wp-json\/wp\/v2\/media?parent=669"}],"wp:term":[{"taxonomy":"category","embeddable":true,"href":"https:\/\/apps.mpma.mp.br\/campanha-contra-drogas\/wp-json\/wp\/v2\/categories?post=669"},{"taxonomy":"post_tag","embeddable":true,"href":"https:\/\/apps.mpma.mp.br\/campanha-contra-drogas\/wp-json\/wp\/v2\/tags?post=669"}],"curies":[{"name":"wp","href":"https:\/\/api.w.org\/{rel}","templated":true}]}}