{"id":683,"date":"2023-05-15T13:48:02","date_gmt":"2023-05-15T16:48:02","guid":{"rendered":"http:\/\/apps.mpma.mp.br\/campanha-contra-drogas\/?p=683"},"modified":"2023-07-12T08:11:37","modified_gmt":"2023-07-12T11:11:37","slug":"683","status":"publish","type":"post","link":"https:\/\/apps.mpma.mp.br\/campanha-contra-drogas\/2023\/05\/15\/683\/","title":{"rendered":""},"content":{"rendered":"<p>Em 23 de junho de 2022 ocorreu a entrevista na r\u00e1dio 92.3 FM para divulga\u00e7\u00e3o da Semana Nacional de Preven\u00e7\u00e3o \u00e0s drogas.<\/p>\n<p><img decoding=\"async\" loading=\"lazy\" class=\"alignnone size-medium wp-image-684\" src=\"http:\/\/apps.mpma.mp.br\/campanha-contra-drogas\/wp-content\/uploads\/2023\/05\/m-225x300.jpg\" alt=\"m\" width=\"225\" height=\"300\" srcset=\"https:\/\/apps.mpma.mp.br\/campanha-contra-drogas\/wp-content\/uploads\/2023\/05\/m-225x300.jpg 225w, https:\/\/apps.mpma.mp.br\/campanha-contra-drogas\/wp-content\/uploads\/2023\/05\/m.jpg 768w\" sizes=\"(max-width: 225px) 100vw, 225px\" \/><\/p>\n","protected":false},"excerpt":{"rendered":"<p>Em 23 de junho de 2022 ocorreu a entrevista na r\u00e1dio 92.3 FM para divulga\u00e7\u00e3o da Semana Nacional de Preven\u00e7\u00e3o \u00e0s drogas.<\/p>\n","protected":false},"author":7,"featured_media":0,"comment_status":"open","ping_status":"open","sticky":false,"template":"","format":"standard","meta":[],"categories":[5],"tags":[7],"_links":{"self":[{"href":"https:\/\/apps.mpma.mp.br\/campanha-contra-drogas\/wp-json\/wp\/v2\/posts\/683"}],"collection":[{"href":"https:\/\/apps.mpma.mp.br\/campanha-contra-drogas\/wp-json\/wp\/v2\/posts"}],"about":[{"href":"https:\/\/apps.mpma.mp.br\/campanha-contra-drogas\/wp-json\/wp\/v2\/types\/post"}],"author":[{"embeddable":true,"href":"https:\/\/apps.mpma.mp.br\/campanha-contra-drogas\/wp-json\/wp\/v2\/users\/7"}],"replies":[{"embeddable":true,"href":"https:\/\/apps.mpma.mp.br\/campanha-contra-drogas\/wp-json\/wp\/v2\/comments?post=683"}],"version-history":[{"count":1,"href":"https:\/\/apps.mpma.mp.br\/campanha-contra-drogas\/wp-json\/wp\/v2\/posts\/683\/revisions"}],"predecessor-version":[{"id":685,"href":"https:\/\/apps.mpma.mp.br\/campanha-contra-drogas\/wp-json\/wp\/v2\/posts\/683\/revisions\/685"}],"wp:attachment":[{"href":"https:\/\/apps.mpma.mp.br\/campanha-contra-drogas\/wp-json\/wp\/v2\/media?parent=683"}],"wp:term":[{"taxonomy":"category","embeddable":true,"href":"https:\/\/apps.mpma.mp.br\/campanha-contra-drogas\/wp-json\/wp\/v2\/categories?post=683"},{"taxonomy":"post_tag","embeddable":true,"href":"https:\/\/apps.mpma.mp.br\/campanha-contra-drogas\/wp-json\/wp\/v2\/tags?post=683"}],"curies":[{"name":"wp","href":"https:\/\/api.w.org\/{rel}","templated":true}]}}