{"id":686,"date":"2023-05-15T13:53:14","date_gmt":"2023-05-15T16:53:14","guid":{"rendered":"http:\/\/apps.mpma.mp.br\/campanha-contra-drogas\/?p=686"},"modified":"2023-07-12T08:11:37","modified_gmt":"2023-07-12T11:11:37","slug":"passeio-ciclistico-celebra-10-anos-de-projeto-de-prevencao-as-drogas","status":"publish","type":"post","link":"https:\/\/apps.mpma.mp.br\/campanha-contra-drogas\/2023\/05\/15\/passeio-ciclistico-celebra-10-anos-de-projeto-de-prevencao-as-drogas\/","title":{"rendered":"Passeio cicl\u00edstico celebra 10 anos de projeto de preven\u00e7\u00e3o \u00e0s drogas."},"content":{"rendered":"<p>Participantes do Passeio largaram da Sede das Promotorias da Capital<\/p>\n<p>Um passeio cicl\u00edstico realizado na manh\u00e3 deste domingo, 26, Dia Internacional de Combate \u00e0s Drogas, encerrou a programa\u00e7\u00e3o comemorativa dos 10 anos do projeto Quem escolhe o seu caminho? Voc\u00ea ou as drogas?, realizado pelo Minist\u00e9rio P\u00fablico do Maranh\u00e3o, por meio do Centro de Apoio Operacional de Direitos Humanos e Cidadania (CAO-DHC). O evento esportivo, coordenado pelos CAOs DHC, de Enfrentamento \u00e0 Viol\u00eancia de G\u00eanero e da Inf\u00e2ncia e Juventude, contou com o apoio de v\u00e1rias institui\u00e7\u00f5es.<\/p>\n<p>Os ciclistas se concentraram em frente \u00e0 sede das Promotorias da Capital e fizeram um percurso que saiu da avenida Carlos Cunha, passando pelas avenidas Ferreira Goulart, Ana Jansen e Colares Moreira, retornando ao local de largada. Ao final do trajeto, os participantes foram recebidos com m\u00fasica pela Banda da Guarda Municipal. Em seguida, houve sorteio de brindes.<\/p>\n<p>Membros do Minist\u00e9rio P\u00fablico do Maranh\u00e3o durante evento esportivo<\/p>\n<p>Antes da largada, a coordenadora do CAO-DHC, Cristiane Lago, falou sobre o projeto Quem escolhe o seu caminho? Voc\u00ea ou as drogas?, que j\u00e1 alcan\u00e7ou mais de 50 mil estudantes ao longo de 10 anos por meio de palestras e atividades culturais. Ela explicou que a uni\u00e3o do CAO-DHC com os centros que atuam no Enfrentamento \u00e0 Viol\u00eancia de G\u00eanero e da Inf\u00e2ncia e Juventude deve-se ao fato de essa causa envolver todos os segmentos sociais.<\/p>\n<p>\u201cN\u00f3s nos unimos porque essa \u00e9 uma causa da sociedade e todos juntos \u00e9 que vamos poder interromper o caminho das drogas, esse \u00e9 o nosso objetivo: afastar os jovens do uso, do primeiro contato. Acho que hoje chamamos a aten\u00e7\u00e3o de outros que ainda n\u00e3o tinham atentado para esse tema que \u00e9 t\u00e3o importante\u201d, avaliou.<\/p>\n<p>A promotora de justi\u00e7a Sandra Fagundes, coordenadora do CAO-Mulher, lembrou que as drogas tamb\u00e9m contribuem para o aumento de casos de viol\u00eancia dom\u00e9stica. J\u00e1 o coordenador do CAO-IJ, Gleudson Malheiros, comentou que o esporte \u00e9 uma pr\u00e1tica importante para afastar as pessoas, principalmente crian\u00e7as e adolescentes, das drogas.<\/p>\n<p>O diretor da Secretaria de Assuntos Institucionais, Jos\u00e9 M\u00e1rcio Maia Alves, que representou o procurador-geral de justi\u00e7a, Eduardo Nicolau, parabenizou os organizadores e parceiros e destacou a import\u00e2ncia do trabalho de preven\u00e7\u00e3o. \u201cO Minist\u00e9rio P\u00fablico est\u00e1 irmanado com toda a sociedade civil para passar essa mensagem para a popula\u00e7\u00e3o, para as pessoas que possam estar vulner\u00e1veis, podem estar a um passo de entrar nesse mundo que \u00e9 extremamente perigoso. Mais uma vez o Minist\u00e9rio P\u00fablico demonstra sua for\u00e7a no sentido de levantar causas que s\u00e3o importantes para a sociedade\u201d.<\/p>\n<p>Tamb\u00e9m prestigiaram o evento a primeira-dama de S\u00e3o Lu\u00eds, Graziela Braide, o vice-presidente da Associa\u00e7\u00e3o do Minist\u00e9rio P\u00fablico do Estado do Maranh\u00e3o (Ampem), Reinaldo Campos Castro J\u00fanior, al\u00e9m de representantes do Governo do Estado, Pol\u00edcia Militar, Corpo de Bombeiros e parceiros.<\/p>\n<p>Os alimentos arrecadados com as inscri\u00e7\u00f5es no passeio ser\u00e3o entregues a tr\u00eas institui\u00e7\u00f5es terap\u00eauticas que atendem dependentes de drogas.<\/p>\n<p>Reda\u00e7\u00e3o: CCOM-MPMA \/ Fotos: Larissa Ribeiro\u00a0<img decoding=\"async\" loading=\"lazy\" class=\"alignnone size-medium wp-image-688\" src=\"http:\/\/apps.mpma.mp.br\/campanha-contra-drogas\/wp-content\/uploads\/2023\/05\/o-300x200.jpg\" alt=\"o\" width=\"300\" height=\"200\" srcset=\"https:\/\/apps.mpma.mp.br\/campanha-contra-drogas\/wp-content\/uploads\/2023\/05\/o-300x200.jpg 300w, https:\/\/apps.mpma.mp.br\/campanha-contra-drogas\/wp-content\/uploads\/2023\/05\/o-768x513.jpg 768w, https:\/\/apps.mpma.mp.br\/campanha-contra-drogas\/wp-content\/uploads\/2023\/05\/o.jpg 1024w\" sizes=\"(max-width: 300px) 100vw, 300px\" \/><\/p>\n<p><img decoding=\"async\" loading=\"lazy\" class=\"alignnone size-medium wp-image-689\" src=\"http:\/\/apps.mpma.mp.br\/campanha-contra-drogas\/wp-content\/uploads\/2023\/05\/p-300x200.jpg\" alt=\"p\" width=\"300\" height=\"200\" srcset=\"https:\/\/apps.mpma.mp.br\/campanha-contra-drogas\/wp-content\/uploads\/2023\/05\/p-300x200.jpg 300w, https:\/\/apps.mpma.mp.br\/campanha-contra-drogas\/wp-content\/uploads\/2023\/05\/p-768x513.jpg 768w, https:\/\/apps.mpma.mp.br\/campanha-contra-drogas\/wp-content\/uploads\/2023\/05\/p.jpg 1024w\" sizes=\"(max-width: 300px) 100vw, 300px\" \/><\/p>\n<p><img decoding=\"async\" loading=\"lazy\" class=\"alignnone size-medium wp-image-690\" src=\"http:\/\/apps.mpma.mp.br\/campanha-contra-drogas\/wp-content\/uploads\/2023\/05\/q-300x248.jpg\" alt=\"q\" width=\"300\" height=\"248\" srcset=\"https:\/\/apps.mpma.mp.br\/campanha-contra-drogas\/wp-content\/uploads\/2023\/05\/q-300x248.jpg 300w, https:\/\/apps.mpma.mp.br\/campanha-contra-drogas\/wp-content\/uploads\/2023\/05\/q-768x636.jpg 768w, https:\/\/apps.mpma.mp.br\/campanha-contra-drogas\/wp-content\/uploads\/2023\/05\/q.jpg 1024w\" sizes=\"(max-width: 300px) 100vw, 300px\" \/><\/p>\n<p><img decoding=\"async\" loading=\"lazy\" class=\"alignnone size-medium wp-image-691\" src=\"http:\/\/apps.mpma.mp.br\/campanha-contra-drogas\/wp-content\/uploads\/2023\/05\/r-300x200.jpg\" alt=\"r\" width=\"300\" height=\"200\" srcset=\"https:\/\/apps.mpma.mp.br\/campanha-contra-drogas\/wp-content\/uploads\/2023\/05\/r-300x200.jpg 300w, https:\/\/apps.mpma.mp.br\/campanha-contra-drogas\/wp-content\/uploads\/2023\/05\/r-768x513.jpg 768w, https:\/\/apps.mpma.mp.br\/campanha-contra-drogas\/wp-content\/uploads\/2023\/05\/r.jpg 1024w\" sizes=\"(max-width: 300px) 100vw, 300px\" \/><\/p>\n<p><img decoding=\"async\" loading=\"lazy\" class=\"alignnone size-medium wp-image-692\" src=\"http:\/\/apps.mpma.mp.br\/campanha-contra-drogas\/wp-content\/uploads\/2023\/05\/s-300x200.jpg\" alt=\"s\" width=\"300\" height=\"200\" srcset=\"https:\/\/apps.mpma.mp.br\/campanha-contra-drogas\/wp-content\/uploads\/2023\/05\/s-300x200.jpg 300w, https:\/\/apps.mpma.mp.br\/campanha-contra-drogas\/wp-content\/uploads\/2023\/05\/s-768x513.jpg 768w, https:\/\/apps.mpma.mp.br\/campanha-contra-drogas\/wp-content\/uploads\/2023\/05\/s.jpg 1024w\" sizes=\"(max-width: 300px) 100vw, 300px\" \/><\/p>\n<p><img decoding=\"async\" loading=\"lazy\" class=\"alignnone size-medium wp-image-693\" src=\"http:\/\/apps.mpma.mp.br\/campanha-contra-drogas\/wp-content\/uploads\/2023\/05\/t-300x200.jpg\" alt=\"t\" width=\"300\" height=\"200\" srcset=\"https:\/\/apps.mpma.mp.br\/campanha-contra-drogas\/wp-content\/uploads\/2023\/05\/t-300x200.jpg 300w, https:\/\/apps.mpma.mp.br\/campanha-contra-drogas\/wp-content\/uploads\/2023\/05\/t-768x513.jpg 768w, https:\/\/apps.mpma.mp.br\/campanha-contra-drogas\/wp-content\/uploads\/2023\/05\/t.jpg 1024w\" sizes=\"(max-width: 300px) 100vw, 300px\" \/><\/p>\n<p><img decoding=\"async\" loading=\"lazy\" class=\"alignnone size-medium wp-image-694\" src=\"http:\/\/apps.mpma.mp.br\/campanha-contra-drogas\/wp-content\/uploads\/2023\/05\/u-300x200.jpg\" alt=\"u\" width=\"300\" height=\"200\" srcset=\"https:\/\/apps.mpma.mp.br\/campanha-contra-drogas\/wp-content\/uploads\/2023\/05\/u-300x200.jpg 300w, https:\/\/apps.mpma.mp.br\/campanha-contra-drogas\/wp-content\/uploads\/2023\/05\/u-768x513.jpg 768w, https:\/\/apps.mpma.mp.br\/campanha-contra-drogas\/wp-content\/uploads\/2023\/05\/u.jpg 1024w\" sizes=\"(max-width: 300px) 100vw, 300px\" \/><\/p>\n<p><img decoding=\"async\" loading=\"lazy\" class=\"alignnone size-medium wp-image-695\" src=\"http:\/\/apps.mpma.mp.br\/campanha-contra-drogas\/wp-content\/uploads\/2023\/05\/v-300x200.jpg\" alt=\"v\" width=\"300\" height=\"200\" srcset=\"https:\/\/apps.mpma.mp.br\/campanha-contra-drogas\/wp-content\/uploads\/2023\/05\/v-300x200.jpg 300w, https:\/\/apps.mpma.mp.br\/campanha-contra-drogas\/wp-content\/uploads\/2023\/05\/v-768x513.jpg 768w, https:\/\/apps.mpma.mp.br\/campanha-contra-drogas\/wp-content\/uploads\/2023\/05\/v.jpg 1024w\" sizes=\"(max-width: 300px) 100vw, 300px\" \/><\/p>\n<p><img decoding=\"async\" loading=\"lazy\" class=\"alignnone size-medium wp-image-696\" src=\"http:\/\/apps.mpma.mp.br\/campanha-contra-drogas\/wp-content\/uploads\/2023\/05\/x-300x200.jpg\" alt=\"x\" width=\"300\" height=\"200\" srcset=\"https:\/\/apps.mpma.mp.br\/campanha-contra-drogas\/wp-content\/uploads\/2023\/05\/x-300x200.jpg 300w, https:\/\/apps.mpma.mp.br\/campanha-contra-drogas\/wp-content\/uploads\/2023\/05\/x-768x513.jpg 768w, https:\/\/apps.mpma.mp.br\/campanha-contra-drogas\/wp-content\/uploads\/2023\/05\/x.jpg 1024w\" sizes=\"(max-width: 300px) 100vw, 300px\" \/><\/p>\n<p><img decoding=\"async\" loading=\"lazy\" class=\"alignnone size-medium wp-image-697\" src=\"http:\/\/apps.mpma.mp.br\/campanha-contra-drogas\/wp-content\/uploads\/2023\/05\/z-300x200.jpg\" alt=\"z\" width=\"300\" height=\"200\" srcset=\"https:\/\/apps.mpma.mp.br\/campanha-contra-drogas\/wp-content\/uploads\/2023\/05\/z-300x200.jpg 300w, https:\/\/apps.mpma.mp.br\/campanha-contra-drogas\/wp-content\/uploads\/2023\/05\/z-768x513.jpg 768w, https:\/\/apps.mpma.mp.br\/campanha-contra-drogas\/wp-content\/uploads\/2023\/05\/z.jpg 1024w\" sizes=\"(max-width: 300px) 100vw, 300px\" \/><\/p>\n","protected":false},"excerpt":{"rendered":"<p>Participantes do Passeio largaram da Sede das Promotorias da Capital Um passeio cicl\u00edstico realizado na manh\u00e3 deste domingo, 26, Dia Internacional de Combate \u00e0s Drogas, encerrou a programa\u00e7\u00e3o comemorativa dos 10 anos do projeto Quem escolhe o seu caminho? Voc\u00ea ou as drogas?, realizado pelo Minist\u00e9rio P\u00fablico do Maranh\u00e3o, por meio do Centro de Apoio &hellip; <a href=\"https:\/\/apps.mpma.mp.br\/campanha-contra-drogas\/2023\/05\/15\/passeio-ciclistico-celebra-10-anos-de-projeto-de-prevencao-as-drogas\/\" class=\"more-link\">Continue lendo <span class=\"screen-reader-text\">Passeio cicl\u00edstico celebra 10 anos de projeto de preven\u00e7\u00e3o \u00e0s drogas.<\/span> <span class=\"meta-nav\">&rarr;<\/span><\/a><\/p>\n","protected":false},"author":7,"featured_media":0,"comment_status":"open","ping_status":"open","sticky":false,"template":"","format":"standard","meta":[],"categories":[5],"tags":[7],"_links":{"self":[{"href":"https:\/\/apps.mpma.mp.br\/campanha-contra-drogas\/wp-json\/wp\/v2\/posts\/686"}],"collection":[{"href":"https:\/\/apps.mpma.mp.br\/campanha-contra-drogas\/wp-json\/wp\/v2\/posts"}],"about":[{"href":"https:\/\/apps.mpma.mp.br\/campanha-contra-drogas\/wp-json\/wp\/v2\/types\/post"}],"author":[{"embeddable":true,"href":"https:\/\/apps.mpma.mp.br\/campanha-contra-drogas\/wp-json\/wp\/v2\/users\/7"}],"replies":[{"embeddable":true,"href":"https:\/\/apps.mpma.mp.br\/campanha-contra-drogas\/wp-json\/wp\/v2\/comments?post=686"}],"version-history":[{"count":1,"href":"https:\/\/apps.mpma.mp.br\/campanha-contra-drogas\/wp-json\/wp\/v2\/posts\/686\/revisions"}],"predecessor-version":[{"id":698,"href":"https:\/\/apps.mpma.mp.br\/campanha-contra-drogas\/wp-json\/wp\/v2\/posts\/686\/revisions\/698"}],"wp:attachment":[{"href":"https:\/\/apps.mpma.mp.br\/campanha-contra-drogas\/wp-json\/wp\/v2\/media?parent=686"}],"wp:term":[{"taxonomy":"category","embeddable":true,"href":"https:\/\/apps.mpma.mp.br\/campanha-contra-drogas\/wp-json\/wp\/v2\/categories?post=686"},{"taxonomy":"post_tag","embeddable":true,"href":"https:\/\/apps.mpma.mp.br\/campanha-contra-drogas\/wp-json\/wp\/v2\/tags?post=686"}],"curies":[{"name":"wp","href":"https:\/\/api.w.org\/{rel}","templated":true}]}}