{"id":699,"date":"2023-05-15T14:05:01","date_gmt":"2023-05-15T17:05:01","guid":{"rendered":"http:\/\/apps.mpma.mp.br\/campanha-contra-drogas\/?p=699"},"modified":"2023-07-12T08:11:37","modified_gmt":"2023-07-12T11:11:37","slug":"quem-escolhe-seu-o-caminho-voce-ou-as-drogas-atividades-do-projeto-realizadas-no-ano-de-2023","status":"publish","type":"post","link":"https:\/\/apps.mpma.mp.br\/campanha-contra-drogas\/2023\/05\/15\/quem-escolhe-seu-o-caminho-voce-ou-as-drogas-atividades-do-projeto-realizadas-no-ano-de-2023\/","title":{"rendered":"QUEM ESCOLHE SEU O CAMINHO? VOC\u00ca OU AS DROGAS?  ATIVIDADES  DO PROJETO REALIZADAS NO ANO DE 2023"},"content":{"rendered":"<h2>MAT\u00d5ES \u2013 MPMA lan\u00e7a projeto \u201cQuem escolhe o seu caminho? Voc\u00ea ou as drogas?\u201d na comarca<\/h2>\n<p>&nbsp;<\/p>\n<p>Na manh\u00e3 desta quinta-feira, 30, o Minist\u00e9rio P\u00fablico do Maranh\u00e3o (MPMA), por meio do Centro de Apoio Operacional de Direitos Humanos e Cidadania (CAO-DHC), realizou a solenidade de lan\u00e7amento do projeto institucional \u201cQuem escolhe o seu caminho? Voc\u00ea ou as drogas?\u201d, na Comarca de Mat\u00f5es.<\/p>\n<p>Coordenada pelo promotor de justi\u00e7a Ighor Renato Vitorino Arag\u00e3o, a cerim\u00f4nia foi realizada na sede do Sindicato dos Professores Municipais. A coordenadora do CAO-DHC, promotora de justi\u00e7a Cristiane Gomes Coelho Maia Lago, ministrou a palestra de abertura no lan\u00e7amento.<\/p>\n<p>Ela explicou que o projeto, surgido em 2012, visa \u00e0 implanta\u00e7\u00e3o da Pol\u00edtica Municipal sobre Drogas com a aprova\u00e7\u00e3o de leis municipais que criam o Conselho e o Fundo Municipal sobre Drogas, al\u00e9m de conselhos escolares sobre o tema. A iniciativa tamb\u00e9m inclui realiza\u00e7\u00e3o de palestras, concursos de desenhos e poesias e outras atividades art\u00edsticas.<\/p>\n<p>\u201cPara efetivar a pol\u00edtica de preven\u00e7\u00e3o, \u00e9 essencial a participa\u00e7\u00e3o das Secretarias locais de Sa\u00fade, Educa\u00e7\u00e3o e Assist\u00eancia Social\u201d, enfatiza.<\/p>\n<p>PARTICIPANTES<\/p>\n<p>O procurador-geral do Munic\u00edpio, Rafael Viana, representou o prefeito Ferdinando Coutinho. Tamb\u00e9m participaram o vice-prefeito Oziel Oliveira, o presidente da C\u00e2mara de Vereadores, Thyago Brito, a ju\u00edza Cintia Facundo, o defensor p\u00fablico Ademir Alencar, o secret\u00e1rio municipal de Educa\u00e7\u00e3o Luciano Aquino, secret\u00e1rio de Sa\u00fade do munic\u00edpio, Daniel Cardoso e o presidente do Sindicato dos Professores, Adailson Lima.<\/p>\n<p>Uma carta-compromisso para apresenta\u00e7\u00e3o dos projetos de lei necess\u00e1rios ao alcance dos objetivos do projeto foi assinada pelo procurador-geral do Munic\u00edpio, vice-prefeito e presidente da C\u00e2mara.<\/p>\n<p>Em Mat\u00f5es, o projeto ser\u00e1 realizado diretamente nas escolas municipais com apoio do Minist\u00e9rio P\u00fablico, Judici\u00e1rio, Defensoria P\u00fablica, al\u00e9m das Pol\u00edcias Civil e Militar.<\/p>\n<p><strong>Reda\u00e7\u00e3o:\u00a0<\/strong>CCOM-MPMA<\/p>\n<figure id=\"attachment_700\" aria-describedby=\"caption-attachment-700\" style=\"width: 300px\" class=\"wp-caption alignnone\"><img decoding=\"async\" loading=\"lazy\" class=\"size-medium wp-image-700\" src=\"http:\/\/apps.mpma.mp.br\/campanha-contra-drogas\/wp-content\/uploads\/2023\/05\/Promotora-de-justica-Cristiane-Maia-Lago-1024x576-300x169.jpeg\" alt=\"Mesa de autoridades da solenidade\" width=\"300\" height=\"169\" srcset=\"https:\/\/apps.mpma.mp.br\/campanha-contra-drogas\/wp-content\/uploads\/2023\/05\/Promotora-de-justica-Cristiane-Maia-Lago-1024x576-300x169.jpeg 300w, https:\/\/apps.mpma.mp.br\/campanha-contra-drogas\/wp-content\/uploads\/2023\/05\/Promotora-de-justica-Cristiane-Maia-Lago-1024x576-768x432.jpeg 768w, https:\/\/apps.mpma.mp.br\/campanha-contra-drogas\/wp-content\/uploads\/2023\/05\/Promotora-de-justica-Cristiane-Maia-Lago-1024x576.jpeg 1024w\" sizes=\"(max-width: 300px) 100vw, 300px\" \/><figcaption id=\"caption-attachment-700\" class=\"wp-caption-text\">Mesa de autoridades da solenidade<\/figcaption><\/figure>\n<p><img decoding=\"async\" loading=\"lazy\" class=\"alignnone size-medium wp-image-701\" src=\"http:\/\/apps.mpma.mp.br\/campanha-contra-drogas\/wp-content\/uploads\/2023\/05\/Projeto-Quem-escolhe-o-seu-caminho-em-Matoes-1024x576-300x169.jpeg\" alt=\"projeto-quem-escolhe-o-seu-caminho-em-matoes-1024x576\" width=\"300\" height=\"169\" srcset=\"https:\/\/apps.mpma.mp.br\/campanha-contra-drogas\/wp-content\/uploads\/2023\/05\/Projeto-Quem-escolhe-o-seu-caminho-em-Matoes-1024x576-300x169.jpeg 300w, https:\/\/apps.mpma.mp.br\/campanha-contra-drogas\/wp-content\/uploads\/2023\/05\/Projeto-Quem-escolhe-o-seu-caminho-em-Matoes-1024x576-768x432.jpeg 768w, https:\/\/apps.mpma.mp.br\/campanha-contra-drogas\/wp-content\/uploads\/2023\/05\/Projeto-Quem-escolhe-o-seu-caminho-em-Matoes-1024x576.jpeg 1024w\" sizes=\"(max-width: 300px) 100vw, 300px\" \/><\/p>\n<p><img decoding=\"async\" loading=\"lazy\" class=\"alignnone size-medium wp-image-702\" src=\"http:\/\/apps.mpma.mp.br\/campanha-contra-drogas\/wp-content\/uploads\/2023\/05\/Mesa-de-autoridades-em-lancamento-de-projeto-em-Matoes-1024x576-300x169.jpeg\" alt=\"mesa-de-autoridades-em-lancamento-de-projeto-em-matoes-1024x576\" width=\"300\" height=\"169\" srcset=\"https:\/\/apps.mpma.mp.br\/campanha-contra-drogas\/wp-content\/uploads\/2023\/05\/Mesa-de-autoridades-em-lancamento-de-projeto-em-Matoes-1024x576-300x169.jpeg 300w, https:\/\/apps.mpma.mp.br\/campanha-contra-drogas\/wp-content\/uploads\/2023\/05\/Mesa-de-autoridades-em-lancamento-de-projeto-em-Matoes-1024x576-768x432.jpeg 768w, https:\/\/apps.mpma.mp.br\/campanha-contra-drogas\/wp-content\/uploads\/2023\/05\/Mesa-de-autoridades-em-lancamento-de-projeto-em-Matoes-1024x576.jpeg 1024w\" sizes=\"(max-width: 300px) 100vw, 300px\" \/><\/p>\n","protected":false},"excerpt":{"rendered":"<p>MAT\u00d5ES \u2013 MPMA lan\u00e7a projeto \u201cQuem escolhe o seu caminho? Voc\u00ea ou as drogas?\u201d na comarca &nbsp; Na manh\u00e3 desta quinta-feira, 30, o Minist\u00e9rio P\u00fablico do Maranh\u00e3o (MPMA), por meio do Centro de Apoio Operacional de Direitos Humanos e Cidadania (CAO-DHC), realizou a solenidade de lan\u00e7amento do projeto institucional \u201cQuem escolhe o seu caminho? Voc\u00ea &hellip; <a href=\"https:\/\/apps.mpma.mp.br\/campanha-contra-drogas\/2023\/05\/15\/quem-escolhe-seu-o-caminho-voce-ou-as-drogas-atividades-do-projeto-realizadas-no-ano-de-2023\/\" class=\"more-link\">Continue lendo <span class=\"screen-reader-text\">QUEM ESCOLHE SEU O CAMINHO? VOC\u00ca OU AS DROGAS?  ATIVIDADES  DO PROJETO REALIZADAS NO ANO DE 2023<\/span> <span class=\"meta-nav\">&rarr;<\/span><\/a><\/p>\n","protected":false},"author":7,"featured_media":0,"comment_status":"open","ping_status":"open","sticky":false,"template":"","format":"standard","meta":[],"categories":[5],"tags":[7],"_links":{"self":[{"href":"https:\/\/apps.mpma.mp.br\/campanha-contra-drogas\/wp-json\/wp\/v2\/posts\/699"}],"collection":[{"href":"https:\/\/apps.mpma.mp.br\/campanha-contra-drogas\/wp-json\/wp\/v2\/posts"}],"about":[{"href":"https:\/\/apps.mpma.mp.br\/campanha-contra-drogas\/wp-json\/wp\/v2\/types\/post"}],"author":[{"embeddable":true,"href":"https:\/\/apps.mpma.mp.br\/campanha-contra-drogas\/wp-json\/wp\/v2\/users\/7"}],"replies":[{"embeddable":true,"href":"https:\/\/apps.mpma.mp.br\/campanha-contra-drogas\/wp-json\/wp\/v2\/comments?post=699"}],"version-history":[{"count":1,"href":"https:\/\/apps.mpma.mp.br\/campanha-contra-drogas\/wp-json\/wp\/v2\/posts\/699\/revisions"}],"predecessor-version":[{"id":703,"href":"https:\/\/apps.mpma.mp.br\/campanha-contra-drogas\/wp-json\/wp\/v2\/posts\/699\/revisions\/703"}],"wp:attachment":[{"href":"https:\/\/apps.mpma.mp.br\/campanha-contra-drogas\/wp-json\/wp\/v2\/media?parent=699"}],"wp:term":[{"taxonomy":"category","embeddable":true,"href":"https:\/\/apps.mpma.mp.br\/campanha-contra-drogas\/wp-json\/wp\/v2\/categories?post=699"},{"taxonomy":"post_tag","embeddable":true,"href":"https:\/\/apps.mpma.mp.br\/campanha-contra-drogas\/wp-json\/wp\/v2\/tags?post=699"}],"curies":[{"name":"wp","href":"https:\/\/api.w.org\/{rel}","templated":true}]}}