{"id":719,"date":"2024-05-07T10:42:55","date_gmt":"2024-05-07T13:42:55","guid":{"rendered":"https:\/\/apps.mpma.mp.br\/campanha-contra-drogas\/?p=719"},"modified":"2024-05-07T10:42:55","modified_gmt":"2024-05-07T13:42:55","slug":"instalacao-do-conselho-escolar-sobre-drogas-da-escola-estadual-cemds","status":"publish","type":"post","link":"https:\/\/apps.mpma.mp.br\/campanha-contra-drogas\/2024\/05\/07\/instalacao-do-conselho-escolar-sobre-drogas-da-escola-estadual-cemds\/","title":{"rendered":"INSTALA\u00c7\u00c3O DO CONSELHO ESCOLAR SOBRE DROGAS DA ESCOLA ESTADUAL CEMDS"},"content":{"rendered":"\n<p>Participantes: Dra. Cristiane Lago; representantes das Secretarias de Estado da Educa\u00e7\u00e3o (Seduc) e dos Direitos Humanos e Participa\u00e7\u00e3o Popular (Sedihpop).<\/p>\n\n\n\n<p>Data da atividade: 10 de maio de 2023<\/p>\n\n\n\n<figure class=\"wp-block-image size-full\"><img decoding=\"async\" loading=\"lazy\" width=\"856\" height=\"481\" src=\"https:\/\/apps.mpma.mp.br\/campanha-contra-drogas\/wp-content\/uploads\/2024\/05\/image.png\" alt=\"\" class=\"wp-image-720\" srcset=\"https:\/\/apps.mpma.mp.br\/campanha-contra-drogas\/wp-content\/uploads\/2024\/05\/image.png 856w, https:\/\/apps.mpma.mp.br\/campanha-contra-drogas\/wp-content\/uploads\/2024\/05\/image-300x169.png 300w, https:\/\/apps.mpma.mp.br\/campanha-contra-drogas\/wp-content\/uploads\/2024\/05\/image-768x432.png 768w\" sizes=\"(max-width: 856px) 100vw, 856px\" \/><\/figure>\n\n\n\n<figure class=\"wp-block-image size-full\"><img decoding=\"async\" loading=\"lazy\" width=\"886\" height=\"498\" src=\"https:\/\/apps.mpma.mp.br\/campanha-contra-drogas\/wp-content\/uploads\/2024\/05\/image-1.png\" alt=\"\" class=\"wp-image-721\" srcset=\"https:\/\/apps.mpma.mp.br\/campanha-contra-drogas\/wp-content\/uploads\/2024\/05\/image-1.png 886w, https:\/\/apps.mpma.mp.br\/campanha-contra-drogas\/wp-content\/uploads\/2024\/05\/image-1-300x169.png 300w, https:\/\/apps.mpma.mp.br\/campanha-contra-drogas\/wp-content\/uploads\/2024\/05\/image-1-768x432.png 768w\" sizes=\"(max-width: 886px) 100vw, 886px\" \/><\/figure>\n\n\n\n<figure class=\"wp-block-image size-full is-resized\"><img decoding=\"async\" loading=\"lazy\" src=\"https:\/\/apps.mpma.mp.br\/campanha-contra-drogas\/wp-content\/uploads\/2024\/05\/image-2.png\" alt=\"\" class=\"wp-image-722\" width=\"702\" height=\"395\" srcset=\"https:\/\/apps.mpma.mp.br\/campanha-contra-drogas\/wp-content\/uploads\/2024\/05\/image-2.png 886w, https:\/\/apps.mpma.mp.br\/campanha-contra-drogas\/wp-content\/uploads\/2024\/05\/image-2-300x169.png 300w, https:\/\/apps.mpma.mp.br\/campanha-contra-drogas\/wp-content\/uploads\/2024\/05\/image-2-768x433.png 768w\" sizes=\"(max-width: 702px) 100vw, 702px\" \/><\/figure>\n\n\n\n<figure class=\"wp-block-image size-full\"><img decoding=\"async\" loading=\"lazy\" width=\"886\" height=\"498\" src=\"https:\/\/apps.mpma.mp.br\/campanha-contra-drogas\/wp-content\/uploads\/2024\/05\/image-3.png\" alt=\"\" class=\"wp-image-723\" srcset=\"https:\/\/apps.mpma.mp.br\/campanha-contra-drogas\/wp-content\/uploads\/2024\/05\/image-3.png 886w, https:\/\/apps.mpma.mp.br\/campanha-contra-drogas\/wp-content\/uploads\/2024\/05\/image-3-300x169.png 300w, https:\/\/apps.mpma.mp.br\/campanha-contra-drogas\/wp-content\/uploads\/2024\/05\/image-3-768x432.png 768w\" sizes=\"(max-width: 886px) 100vw, 886px\" \/><\/figure>\n","protected":false},"excerpt":{"rendered":"<p>Participantes: Dra. Cristiane Lago; representantes das Secretarias de Estado da Educa\u00e7\u00e3o (Seduc) e dos Direitos Humanos e Participa\u00e7\u00e3o Popular (Sedihpop). Data da atividade: 10 de maio de 2023<\/p>\n","protected":false},"author":7,"featured_media":0,"comment_status":"closed","ping_status":"closed","sticky":false,"template":"","format":"standard","meta":[],"categories":[1],"tags":[],"_links":{"self":[{"href":"https:\/\/apps.mpma.mp.br\/campanha-contra-drogas\/wp-json\/wp\/v2\/posts\/719"}],"collection":[{"href":"https:\/\/apps.mpma.mp.br\/campanha-contra-drogas\/wp-json\/wp\/v2\/posts"}],"about":[{"href":"https:\/\/apps.mpma.mp.br\/campanha-contra-drogas\/wp-json\/wp\/v2\/types\/post"}],"author":[{"embeddable":true,"href":"https:\/\/apps.mpma.mp.br\/campanha-contra-drogas\/wp-json\/wp\/v2\/users\/7"}],"replies":[{"embeddable":true,"href":"https:\/\/apps.mpma.mp.br\/campanha-contra-drogas\/wp-json\/wp\/v2\/comments?post=719"}],"version-history":[{"count":1,"href":"https:\/\/apps.mpma.mp.br\/campanha-contra-drogas\/wp-json\/wp\/v2\/posts\/719\/revisions"}],"predecessor-version":[{"id":724,"href":"https:\/\/apps.mpma.mp.br\/campanha-contra-drogas\/wp-json\/wp\/v2\/posts\/719\/revisions\/724"}],"wp:attachment":[{"href":"https:\/\/apps.mpma.mp.br\/campanha-contra-drogas\/wp-json\/wp\/v2\/media?parent=719"}],"wp:term":[{"taxonomy":"category","embeddable":true,"href":"https:\/\/apps.mpma.mp.br\/campanha-contra-drogas\/wp-json\/wp\/v2\/categories?post=719"},{"taxonomy":"post_tag","embeddable":true,"href":"https:\/\/apps.mpma.mp.br\/campanha-contra-drogas\/wp-json\/wp\/v2\/tags?post=719"}],"curies":[{"name":"wp","href":"https:\/\/api.w.org\/{rel}","templated":true}]}}