{"id":725,"date":"2024-05-07T10:46:47","date_gmt":"2024-05-07T13:46:47","guid":{"rendered":"https:\/\/apps.mpma.mp.br\/campanha-contra-drogas\/?p=725"},"modified":"2024-05-07T10:46:47","modified_gmt":"2024-05-07T13:46:47","slug":"palestra-e-premiacao-do-concurso-de-desenho-e-poesia-sobre-prevencao-as-drogas-na-escola-estadual-ce-lara-ribas","status":"publish","type":"post","link":"https:\/\/apps.mpma.mp.br\/campanha-contra-drogas\/2024\/05\/07\/palestra-e-premiacao-do-concurso-de-desenho-e-poesia-sobre-prevencao-as-drogas-na-escola-estadual-ce-lara-ribas\/","title":{"rendered":"Palestra e Premia\u00e7\u00e3o do Concurso de Desenho e Poesia sobre preven\u00e7\u00e3o \u00e0s drogas na escola estadual CE Lara Ribas."},"content":{"rendered":"\n<figure class=\"wp-block-image size-full\"><img decoding=\"async\" loading=\"lazy\" width=\"727\" height=\"485\" src=\"https:\/\/apps.mpma.mp.br\/campanha-contra-drogas\/wp-content\/uploads\/2024\/05\/image-4.png\" alt=\"\" class=\"wp-image-726\" srcset=\"https:\/\/apps.mpma.mp.br\/campanha-contra-drogas\/wp-content\/uploads\/2024\/05\/image-4.png 727w, https:\/\/apps.mpma.mp.br\/campanha-contra-drogas\/wp-content\/uploads\/2024\/05\/image-4-300x200.png 300w\" sizes=\"(max-width: 727px) 100vw, 727px\" \/><\/figure>\n\n\n\n<p><\/p>\n\n\n\n<p>Estudantes e professores do Centro de Ensino Lara Ribas, no bairro Santo Ant\u00f4nio, em S\u00e3o Lu\u00eds, assistiram, nesta quinta-feira, 22, a uma palestra do projeto institucional \u201cQuem escolhe o seu caminho? Voc\u00ea ou as drogas?\u201d, ministrada pelas promotoras de justi\u00e7a Cristiane Maia Lago e Sandra Fagundes Garcia, coordenadoras dos Centros de Apoio Operacional de Direitos Humanos e da Mulher, respectivamente.<\/p>\n\n\n\n<p>Em seu 11\u00ba ano de exist\u00eancia, a iniciativa do Minist\u00e9rio P\u00fablico do Maranh\u00e3o na escola contou na programa\u00e7\u00e3o com a premia\u00e7\u00e3o do concurso de poesia e desenho e apresenta\u00e7\u00f5es art\u00edsticas realizadas pelos alunos.<\/p>\n\n\n\n<figure class=\"wp-block-image size-full\"><img decoding=\"async\" loading=\"lazy\" width=\"932\" height=\"622\" src=\"https:\/\/apps.mpma.mp.br\/campanha-contra-drogas\/wp-content\/uploads\/2024\/05\/image-5.png\" alt=\"\" class=\"wp-image-727\" srcset=\"https:\/\/apps.mpma.mp.br\/campanha-contra-drogas\/wp-content\/uploads\/2024\/05\/image-5.png 932w, https:\/\/apps.mpma.mp.br\/campanha-contra-drogas\/wp-content\/uploads\/2024\/05\/image-5-300x200.png 300w, https:\/\/apps.mpma.mp.br\/campanha-contra-drogas\/wp-content\/uploads\/2024\/05\/image-5-768x513.png 768w\" sizes=\"(max-width: 932px) 100vw, 932px\" \/><\/figure>\n\n\n\n<p>A gestora adjunta do CE Lara Ribas, Terezinha Bruzaca, agradeceu ao Minist\u00e9rio P\u00fablico pela parceria e destacou a dedica\u00e7\u00e3o dos alunos, que, supervisionados pelos professores, discutiram em sala de aula a tem\u00e1tica das drogas e produziram trabalhos sobre o assunto.<\/p>\n\n\n\n<p>Em sua fala, a Promotora de Justi\u00e7a Cristiane Lago disse que a ideia do projeto \u00e9 levar o jovem a refletir sobre suas escolhas e enfocou os malef\u00edcios trazidos pelos diversos tipos de drogas. \u201cPor meio do trabalho de conscientiza\u00e7\u00e3o, procuramos orientar os jovens sobre os preju\u00edzos do consumo de droga em suas vidas, o que muitas vezes poder\u00e1 lev\u00e1-los \u00e0 criminalidade ou ainda a perder a vida\u201d, enfatizou.<\/p>\n\n\n\n<p>Gr\u00e1vida de tr\u00eas meses, a Promotora de Justi\u00e7a Sandra Garcia ressaltou as consequ\u00eancias negativas que o uso de drogas traz para as mulheres gestantes e seus beb\u00eas.<\/p>\n\n\n\n<p>As representantes do Minist\u00e9rio P\u00fablico tamb\u00e9m chamaram aten\u00e7\u00e3o sobre o fato de que as drogas atingem todas as classes sociais, inclusive ricos e famosos, e abordaram os preju\u00edzos proporcionados pelas drogas l\u00edcitas, como o cigarro e o \u00e1lcool.<\/p>\n\n\n\n<p><strong>PREMIA\u00c7\u00c3O<\/strong><\/p>\n\n\n\n<figure class=\"wp-block-image size-full\"><img decoding=\"async\" loading=\"lazy\" width=\"1012\" height=\"675\" src=\"https:\/\/apps.mpma.mp.br\/campanha-contra-drogas\/wp-content\/uploads\/2024\/05\/image-6.png\" alt=\"\" class=\"wp-image-728\" srcset=\"https:\/\/apps.mpma.mp.br\/campanha-contra-drogas\/wp-content\/uploads\/2024\/05\/image-6.png 1012w, https:\/\/apps.mpma.mp.br\/campanha-contra-drogas\/wp-content\/uploads\/2024\/05\/image-6-300x200.png 300w, https:\/\/apps.mpma.mp.br\/campanha-contra-drogas\/wp-content\/uploads\/2024\/05\/image-6-768x512.png 768w\" sizes=\"(max-width: 1012px) 100vw, 1012px\" \/><\/figure>\n\n\n\n<p>O projeto \u201cQuem escolhe o seu caminho? Voc\u00ea ou as drogas?\u201d premiou alunos do CE Lara Ribas que produziram poesias e desenhos com enfoque no tema das drogas. Foram premiados Victor Diego Amaral, Larissa Emilly e Izadora Lima, todos de turmas do 2\u00ba ano do ensino m\u00e9dio matutino, al\u00e9m de outros estudantes pela participa\u00e7\u00e3o nas atividades. Os pr\u00eamios foram doados pela Federa\u00e7\u00e3o dos Empreendedores Adventistas, parceiro do projeto do MPMA.<\/p>\n\n\n\n<p><strong>APRESENTA\u00c7\u00d5ES ART\u00cdSTICAS<\/strong><\/p>\n\n\n\n<figure class=\"wp-block-image size-full\"><img decoding=\"async\" loading=\"lazy\" width=\"892\" height=\"595\" src=\"https:\/\/apps.mpma.mp.br\/campanha-contra-drogas\/wp-content\/uploads\/2024\/05\/image-7.png\" alt=\"\" class=\"wp-image-729\" srcset=\"https:\/\/apps.mpma.mp.br\/campanha-contra-drogas\/wp-content\/uploads\/2024\/05\/image-7.png 892w, https:\/\/apps.mpma.mp.br\/campanha-contra-drogas\/wp-content\/uploads\/2024\/05\/image-7-300x200.png 300w, https:\/\/apps.mpma.mp.br\/campanha-contra-drogas\/wp-content\/uploads\/2024\/05\/image-7-768x512.png 768w\" sizes=\"(max-width: 892px) 100vw, 892px\" \/><\/figure>\n\n\n\n<p>Ao final da palestra, os alunos do Centro de Ensino Lara Ribas apresentaram uma performance teatral com reflex\u00f5es sobre o uso indevido das drogas e um show com grupo de dan\u00e7a Cacuri\u00e1 em alus\u00e3o \u00e0s festas juninas.<\/p>\n\n\n\n<p>Reda\u00e7\u00e3o e fotos: Jos\u00e9 Lu\u00eds Diniz (CCOM-MPMA)<\/p>\n","protected":false},"excerpt":{"rendered":"<p>Estudantes e professores do Centro de Ensino Lara Ribas, no bairro Santo Ant\u00f4nio, em S\u00e3o Lu\u00eds, assistiram, nesta quinta-feira, 22, a uma palestra do projeto institucional \u201cQuem escolhe o seu caminho? Voc\u00ea ou as drogas?\u201d, ministrada pelas promotoras de justi\u00e7a Cristiane Maia Lago e Sandra Fagundes Garcia, coordenadoras dos Centros de Apoio Operacional de Direitos &hellip; <a href=\"https:\/\/apps.mpma.mp.br\/campanha-contra-drogas\/2024\/05\/07\/palestra-e-premiacao-do-concurso-de-desenho-e-poesia-sobre-prevencao-as-drogas-na-escola-estadual-ce-lara-ribas\/\" class=\"more-link\">Continue lendo <span class=\"screen-reader-text\">Palestra e Premia\u00e7\u00e3o do Concurso de Desenho e Poesia sobre preven\u00e7\u00e3o \u00e0s drogas na escola estadual CE Lara Ribas.<\/span> <span class=\"meta-nav\">&rarr;<\/span><\/a><\/p>\n","protected":false},"author":7,"featured_media":0,"comment_status":"closed","ping_status":"closed","sticky":false,"template":"","format":"standard","meta":[],"categories":[1],"tags":[],"_links":{"self":[{"href":"https:\/\/apps.mpma.mp.br\/campanha-contra-drogas\/wp-json\/wp\/v2\/posts\/725"}],"collection":[{"href":"https:\/\/apps.mpma.mp.br\/campanha-contra-drogas\/wp-json\/wp\/v2\/posts"}],"about":[{"href":"https:\/\/apps.mpma.mp.br\/campanha-contra-drogas\/wp-json\/wp\/v2\/types\/post"}],"author":[{"embeddable":true,"href":"https:\/\/apps.mpma.mp.br\/campanha-contra-drogas\/wp-json\/wp\/v2\/users\/7"}],"replies":[{"embeddable":true,"href":"https:\/\/apps.mpma.mp.br\/campanha-contra-drogas\/wp-json\/wp\/v2\/comments?post=725"}],"version-history":[{"count":1,"href":"https:\/\/apps.mpma.mp.br\/campanha-contra-drogas\/wp-json\/wp\/v2\/posts\/725\/revisions"}],"predecessor-version":[{"id":730,"href":"https:\/\/apps.mpma.mp.br\/campanha-contra-drogas\/wp-json\/wp\/v2\/posts\/725\/revisions\/730"}],"wp:attachment":[{"href":"https:\/\/apps.mpma.mp.br\/campanha-contra-drogas\/wp-json\/wp\/v2\/media?parent=725"}],"wp:term":[{"taxonomy":"category","embeddable":true,"href":"https:\/\/apps.mpma.mp.br\/campanha-contra-drogas\/wp-json\/wp\/v2\/categories?post=725"},{"taxonomy":"post_tag","embeddable":true,"href":"https:\/\/apps.mpma.mp.br\/campanha-contra-drogas\/wp-json\/wp\/v2\/tags?post=725"}],"curies":[{"name":"wp","href":"https:\/\/api.w.org\/{rel}","templated":true}]}}