{"id":731,"date":"2024-05-07T10:48:28","date_gmt":"2024-05-07T13:48:28","guid":{"rendered":"https:\/\/apps.mpma.mp.br\/campanha-contra-drogas\/?p=731"},"modified":"2024-05-07T10:48:28","modified_gmt":"2024-05-07T13:48:28","slug":"palestra-de-prevencao-as-drogas-do-projeto-quem-escolhe-seu-caminho-voce-ou-as-drogas","status":"publish","type":"post","link":"https:\/\/apps.mpma.mp.br\/campanha-contra-drogas\/2024\/05\/07\/palestra-de-prevencao-as-drogas-do-projeto-quem-escolhe-seu-caminho-voce-ou-as-drogas\/","title":{"rendered":"Palestra de preven\u00e7\u00e3o \u00e0s drogas do projeto \u201cQuem escolhe seu caminho? Voc\u00ea ou as Drogas?\u201d"},"content":{"rendered":"\n<p>Local: Comarca de Barra do Corda<\/p>\n\n\n\n<p>Data da atividade: 14 de agosto de 2023<\/p>\n\n\n\n<p>Realiza\u00e7\u00e3o: 2\u00aa PJ de Barra do Corda, Promotora de Justi\u00e7a Dra. Paula Gama Cortez.<\/p>\n\n\n\n<p><em>Projeto: Quem escolhe o seu caminho? Voc\u00ea ou as Drogas?<\/em><\/p>\n\n\n\n<figure class=\"wp-block-image size-full\"><img decoding=\"async\" loading=\"lazy\" width=\"493\" height=\"370\" src=\"https:\/\/apps.mpma.mp.br\/campanha-contra-drogas\/wp-content\/uploads\/2024\/05\/image-8.png\" alt=\"\" class=\"wp-image-732\" srcset=\"https:\/\/apps.mpma.mp.br\/campanha-contra-drogas\/wp-content\/uploads\/2024\/05\/image-8.png 493w, https:\/\/apps.mpma.mp.br\/campanha-contra-drogas\/wp-content\/uploads\/2024\/05\/image-8-300x225.png 300w\" sizes=\"(max-width: 493px) 100vw, 493px\" \/><\/figure>\n\n\n\n<figure class=\"wp-block-image size-full\"><img decoding=\"async\" loading=\"lazy\" width=\"498\" height=\"374\" src=\"https:\/\/apps.mpma.mp.br\/campanha-contra-drogas\/wp-content\/uploads\/2024\/05\/image-9.png\" alt=\"\" class=\"wp-image-733\" srcset=\"https:\/\/apps.mpma.mp.br\/campanha-contra-drogas\/wp-content\/uploads\/2024\/05\/image-9.png 498w, https:\/\/apps.mpma.mp.br\/campanha-contra-drogas\/wp-content\/uploads\/2024\/05\/image-9-300x225.png 300w\" sizes=\"(max-width: 498px) 100vw, 498px\" \/><\/figure>\n","protected":false},"excerpt":{"rendered":"<p>Local: Comarca de Barra do Corda Data da atividade: 14 de agosto de 2023 Realiza\u00e7\u00e3o: 2\u00aa PJ de Barra do Corda, Promotora de Justi\u00e7a Dra. Paula Gama Cortez. Projeto: Quem escolhe o seu caminho? Voc\u00ea ou as Drogas?<\/p>\n","protected":false},"author":7,"featured_media":0,"comment_status":"closed","ping_status":"closed","sticky":false,"template":"","format":"standard","meta":[],"categories":[1],"tags":[],"_links":{"self":[{"href":"https:\/\/apps.mpma.mp.br\/campanha-contra-drogas\/wp-json\/wp\/v2\/posts\/731"}],"collection":[{"href":"https:\/\/apps.mpma.mp.br\/campanha-contra-drogas\/wp-json\/wp\/v2\/posts"}],"about":[{"href":"https:\/\/apps.mpma.mp.br\/campanha-contra-drogas\/wp-json\/wp\/v2\/types\/post"}],"author":[{"embeddable":true,"href":"https:\/\/apps.mpma.mp.br\/campanha-contra-drogas\/wp-json\/wp\/v2\/users\/7"}],"replies":[{"embeddable":true,"href":"https:\/\/apps.mpma.mp.br\/campanha-contra-drogas\/wp-json\/wp\/v2\/comments?post=731"}],"version-history":[{"count":1,"href":"https:\/\/apps.mpma.mp.br\/campanha-contra-drogas\/wp-json\/wp\/v2\/posts\/731\/revisions"}],"predecessor-version":[{"id":734,"href":"https:\/\/apps.mpma.mp.br\/campanha-contra-drogas\/wp-json\/wp\/v2\/posts\/731\/revisions\/734"}],"wp:attachment":[{"href":"https:\/\/apps.mpma.mp.br\/campanha-contra-drogas\/wp-json\/wp\/v2\/media?parent=731"}],"wp:term":[{"taxonomy":"category","embeddable":true,"href":"https:\/\/apps.mpma.mp.br\/campanha-contra-drogas\/wp-json\/wp\/v2\/categories?post=731"},{"taxonomy":"post_tag","embeddable":true,"href":"https:\/\/apps.mpma.mp.br\/campanha-contra-drogas\/wp-json\/wp\/v2\/tags?post=731"}],"curies":[{"name":"wp","href":"https:\/\/api.w.org\/{rel}","templated":true}]}}